{"id":47344,"date":"2009-12-11T05:52:40","date_gmt":"2009-12-11T04:52:40","guid":{"rendered":"http:\/\/www.schoene-nachrichten.de\/?p=47344"},"modified":"2009-12-11T07:53:03","modified_gmt":"2009-12-11T06:53:03","slug":"275-jahre-fuer-die-feuerwehr-vereinsmitglieder-geehrt","status":"publish","type":"post","link":"https:\/\/www.fuldaernachrichten.de\/?p=47344","title":{"rendered":"275 Jahre f\u00fcr die Feuerwehr &#8211; Vereinsmitglieder geehrt"},"content":{"rendered":"<p><strong><a href=\"http:\/\/www.schoene-nachrichten.de\/wp-content\/uploads\/2009\/12\/091210_Feuerwehr.jpg\"><img decoding=\"async\" class=\"alignleft size-thumbnail wp-image-47345\" title=\"091210_Feuerwehr\" src=\"http:\/\/www.schoene-nachrichten.de\/wp-content\/uploads\/2009\/12\/091210_Feuerwehr-265x143.jpg\" alt=\"091210_Feuerwehr\" width=\"265\" height=\"143\" srcset=\"https:\/\/www.fuldaernachrichten.de\/wp-content\/uploads\/2009\/12\/091210_Feuerwehr-265x143.jpg 265w, https:\/\/www.fuldaernachrichten.de\/wp-content\/uploads\/2009\/12\/091210_Feuerwehr.jpg 592w\" sizes=\"(max-width: 265px) 100vw, 265px\" \/><\/a>Eichenzell-Rothemann.<\/strong> Die diesj\u00e4hrige Jahreshauptversammlung der Freiwilligen Feuerwehr Rothemann stand ganz im Zeichen von Ehrungen f\u00fcr langj\u00e4hrige Vereinszugeh\u00f6rigkeit. Sechs Vereinsmitglieder wurden im Rahmen der Versammlung f\u00fcr insgesamt 275-j\u00e4hrige Treue zum Feuerwehrverein ausgezeichnet. Der 1. Vorsitzende Lothar Ebert gab in seinem Jahresbericht einen \u00dcberblick \u00fcber die Entwicklung und die Ereignisse des zur\u00fcckliegenden Jahres. Mit 226 Mitgliedern im Feuerwehrverein konnte man gegen\u00fcber dem Vorjahr einen Zuwachs von neun Mitgliedern verbuchen. Ebert hielt weiterhin R\u00fcckschau auf die Feuerwehrfastnacht, eine Wanderung und andere Veranstaltungen.<!--more--><\/p>\n<p>Wehrf\u00fchrer Marc Hainer berichtete von 21 Eins\u00e4tzen seit der letzten Jahreshauptversammlung. Die Eins\u00e4tze gliederten sich in einen Gro\u00dfbrand, drei Verkehrsunf\u00e4lle, drei Unwettereins\u00e4tze, f\u00fcnf \u00d6lspuren, eine Tierrettung, eine T\u00fcr\u00f6ffnung und sieben sonstige Hilfeleistungen auf. Hierf\u00fcr wurden 236 Stunden aufgebracht. Nach zwei Neuzug\u00e4ngen in der Einsatzabteilung z\u00e4hlt diese nun 44 Mitglieder. Insgesamt fanden 33 \u00dcbungen statt. Bei den Gemeindewettk\u00e4mpfen in Kerzell belegte die Staffel der Feuerwehr Rothemann den dritten Platz. Von den Einsatzkr\u00e4ften wurden 15 Lehrgangspl\u00e4tze auf Kreis- und Landesebene belegt.<\/p>\n<p>Die gemeinsam mit dem DRK und dem Malteser Hilfsdienst ins Leben gerufene Helfer-vor-Ort-Gruppe kam neun mal zum Einsatz. Nach erfolgreich absolvierten Lehrgangsbesuchen konnten Janine Baier und Ann-Kathrin Baumann zur Feuerwehrfrau, Timo Enders und Thomas M\u00f6ller zum Feuerwehrmann, Victoria Hofmann zur Hauptfeuerwehrfrau und Manuel Hack zum L\u00f6schmeister bef\u00f6rdert werden. Sie erhielten ihre Bef\u00f6rderungsurkunden aus den H\u00e4nden von Wehrf\u00fchrer Marc Hainer und Gemeindebrandinspektor Martin Fischer.<\/p>\n<p><a href=\"http:\/\/www.schoene-nachrichten.de\/wp-content\/uploads\/2009\/12\/091210_Feuerwehr2.jpg\"><img fetchpriority=\"high\" decoding=\"async\" class=\"alignnone size-thumbnail wp-image-47346\" title=\"091210_Feuerwehr2\" src=\"http:\/\/www.schoene-nachrichten.de\/wp-content\/uploads\/2009\/12\/091210_Feuerwehr2-265x198.jpg\" alt=\"091210_Feuerwehr2\" width=\"265\" height=\"198\" srcset=\"https:\/\/www.fuldaernachrichten.de\/wp-content\/uploads\/2009\/12\/091210_Feuerwehr2-265x198.jpg 265w, https:\/\/www.fuldaernachrichten.de\/wp-content\/uploads\/2009\/12\/091210_Feuerwehr2.jpg 592w\" sizes=\"(max-width: 265px) 100vw, 265px\" \/><\/a> <a href=\"http:\/\/www.schoene-nachrichten.de\/wp-content\/uploads\/2009\/12\/091210_Feuerwehr3.jpg\"><img decoding=\"async\" class=\"alignnone size-thumbnail wp-image-47347\" title=\"091210_Feuerwehr3\" src=\"http:\/\/www.schoene-nachrichten.de\/wp-content\/uploads\/2009\/12\/091210_Feuerwehr3-265x198.jpg\" alt=\"091210_Feuerwehr3\" width=\"265\" height=\"198\" srcset=\"https:\/\/www.fuldaernachrichten.de\/wp-content\/uploads\/2009\/12\/091210_Feuerwehr3-265x198.jpg 265w, https:\/\/www.fuldaernachrichten.de\/wp-content\/uploads\/2009\/12\/091210_Feuerwehr3.jpg 592w\" sizes=\"(max-width: 265px) 100vw, 265px\" \/><\/a>Auf ein sehr erfolgreiches Jahr konnte der stellvertretende Jugendfeuerwehrwart Alexander Ulrich zur\u00fcckblicken. Die Jugendfeuerwehr Rothemann konnte einen Zuwachs von sieben Jugendlichen verzeichnen und besteht somit aus sieben M\u00e4dchen und 25 Jungen. Der Feuerwehrnachwuchs war im Jahr\u00c2\u00a0 2009 nicht nur sehr aktiv, sondern auch erfolgreich. Bei den Gemeindewettk\u00e4mpfen belegten die Jugendlichen den ersten und den vierten Platz. Ein mehrt\u00e4giger Ausflug nach Oberstoppel und ein Besuch der Berufsfeuerwehr Frankfurt waren die H\u00f6hepunkte der Aktivit\u00e4ten.<\/p>\n<p>Gleich f\u00fcnf Vereinsmitglieder konnte der 1. Vorsitzende Lothar Ebert zusammen mit B\u00fcrgermeister Dieter Kolb f\u00fcr ihre Treue zum Feuerwehrverein mit der bronzenen St.-Florians-Plakette des Kurhessisch-Waldeckschen Feuerwehrverbandes ehren. Erich Albinger trat nach 42-j\u00e4hrigem aktivem Dienst in der Feuerwehr im Jahr 2001 aus der Einsatzabteilung in die Alters- und Ehrenabteilung \u00fcber. Seit dem Jahr 1990 bekleidet er das Amt des Kassenwartes.<\/p>\n<p><a href=\"http:\/\/www.schoene-nachrichten.de\/wp-content\/uploads\/2009\/12\/091210_Feuerwehr4.jpg\"><img loading=\"lazy\" decoding=\"async\" class=\"alignnone size-thumbnail wp-image-47348\" title=\"091210_Feuerwehr4\" src=\"http:\/\/www.schoene-nachrichten.de\/wp-content\/uploads\/2009\/12\/091210_Feuerwehr4-265x198.jpg\" alt=\"091210_Feuerwehr4\" width=\"265\" height=\"198\" srcset=\"https:\/\/www.fuldaernachrichten.de\/wp-content\/uploads\/2009\/12\/091210_Feuerwehr4-265x198.jpg 265w, https:\/\/www.fuldaernachrichten.de\/wp-content\/uploads\/2009\/12\/091210_Feuerwehr4.jpg 592w\" sizes=\"(max-width: 265px) 100vw, 265px\" \/><\/a> <a href=\"http:\/\/www.schoene-nachrichten.de\/wp-content\/uploads\/2009\/12\/091210_Feurewehr5.jpg\"><img loading=\"lazy\" decoding=\"async\" class=\"alignnone size-thumbnail wp-image-47349\" title=\"091210_Feurewehr5\" src=\"http:\/\/www.schoene-nachrichten.de\/wp-content\/uploads\/2009\/12\/091210_Feurewehr5-265x198.jpg\" alt=\"091210_Feurewehr5\" width=\"265\" height=\"198\" srcset=\"https:\/\/www.fuldaernachrichten.de\/wp-content\/uploads\/2009\/12\/091210_Feurewehr5-265x198.jpg 265w, https:\/\/www.fuldaernachrichten.de\/wp-content\/uploads\/2009\/12\/091210_Feurewehr5.jpg 592w\" sizes=\"(max-width: 265px) 100vw, 265px\" \/><\/a>Karl Baumann war w\u00e4hrend seiner Zeit in der Einsatzabteilung unter anderem Gruppenf\u00fchrer der Feuerwehr Rothemann. 1994 wechselte auch er, nach 35 Jahren Einsatzdienst, in die Alters- und Ehrenabteilung. Seit 2001 ist Baumann Leiter dieser Abteilung und organisiert regelm\u00e4\u00dfig Ausfl\u00fcge und andere Aktivit\u00e4ten f\u00fcr die Rothemanner Feuerwehr-Senioren.<br \/>\nNach 29 Jahren aktiver Dienst wechselte Ottmar Fl\u00fcgel im Jahr 1988 in die Alters- und Ehrenabteilung.<\/p>\n<p>Helmut Im\u00f6hl tat 41 Jahre aktiven Dienst und wechselte im Jahr 2000 zu den Senioren. Vor seinem Eintritt in die Alters- und Ehrenabteilung im Jahr 2002 versah Herbert Pompe 43 Jahre Dienst in der Einsatzabteilung. Mit der silbernen St.-Florians-Plakette des Kurhessisch-Waldeckschen Feuerwehrverbandes f\u00fcr 25-j\u00e4hrige Vereinszugeh\u00f6rigkeit wurde Thomas Fl\u00fcgel ausgezeichnet. Er ist seit 1992 stellvertretender Wehrf\u00fchrer in Rothemann. Bevor er dieses Amt \u00fcbernahm, war er in den Jahren 1988 bis 1992 bereits stellvertretender Jugendfeuerwehrwart. Innerhalb des Vereins ist Thomas Fl\u00fcgel unter anderem bei\u00c2\u00a0 der Organisation von Festen und Fastnachtsveranstaltungen sehr engagiert.<\/p>\n","protected":false},"excerpt":{"rendered":"<div class=\"tmnf_excerpt\"><p>Eichenzell-Rothemann. Die diesj\u00e4hrige Jahreshauptversammlung der Freiwilligen Feuerwehr Rothemann stand ganz im Zeichen von Ehrungen f\u00fcr langj\u00e4hrige Vereinszugeh\u00f6rigkeit. Sechs Vereinsmitglieder wurden im Rahmen der Versammlung f\u00fcr insgesamt 275-j\u00e4hrige Treue zum Feuerwehrverein ausgezeichnet. Der 1. Vorsitzende Lothar Ebert gab in seinem Jahresbericht einen \u00dcberblick \u00fcber die Entwicklung und die Ereignisse des zur\u00fcckliegenden Jahres. Mit 226 Mitgliedern im &hellip;<\/p>\n<\/div>","protected":false},"author":1,"featured_media":0,"comment_status":"closed","ping_status":"closed","sticky":false,"template":"","format":"standard","meta":{"footnotes":""},"categories":[1,71],"tags":[],"class_list":["post-47344","post","type-post","status-publish","format-standard","hentry","category-startseite","category-feuerwehr"],"_links":{"self":[{"href":"https:\/\/www.fuldaernachrichten.de\/index.php?rest_route=\/wp\/v2\/posts\/47344","targetHints":{"allow":["GET"]}}],"collection":[{"href":"https:\/\/www.fuldaernachrichten.de\/index.php?rest_route=\/wp\/v2\/posts"}],"about":[{"href":"https:\/\/www.fuldaernachrichten.de\/index.php?rest_route=\/wp\/v2\/types\/post"}],"author":[{"embeddable":true,"href":"https:\/\/www.fuldaernachrichten.de\/index.php?rest_route=\/wp\/v2\/users\/1"}],"replies":[{"embeddable":true,"href":"https:\/\/www.fuldaernachrichten.de\/index.php?rest_route=%2Fwp%2Fv2%2Fcomments&post=47344"}],"version-history":[{"count":2,"href":"https:\/\/www.fuldaernachrichten.de\/index.php?rest_route=\/wp\/v2\/posts\/47344\/revisions"}],"predecessor-version":[{"id":47436,"href":"https:\/\/www.fuldaernachrichten.de\/index.php?rest_route=\/wp\/v2\/posts\/47344\/revisions\/47436"}],"wp:attachment":[{"href":"https:\/\/www.fuldaernachrichten.de\/index.php?rest_route=%2Fwp%2Fv2%2Fmedia&parent=47344"}],"wp:term":[{"taxonomy":"category","embeddable":true,"href":"https:\/\/www.fuldaernachrichten.de\/index.php?rest_route=%2Fwp%2Fv2%2Fcategories&post=47344"},{"taxonomy":"post_tag","embeddable":true,"href":"https:\/\/www.fuldaernachrichten.de\/index.php?rest_route=%2Fwp%2Fv2%2Ftags&post=47344"}],"curies":[{"name":"wp","href":"https:\/\/api.w.org\/{rel}","templated":true}]}}