{"id":4729,"date":"2007-08-18T00:10:36","date_gmt":"2007-08-17T22:10:36","guid":{"rendered":"http:\/\/www.schoene-nachrichten.de\/?p=4729"},"modified":"2007-08-18T00:12:45","modified_gmt":"2007-08-17T22:12:45","slug":"erster-spatenstich-fuer-klaeranlage-in-klausmarbach","status":"publish","type":"post","link":"https:\/\/www.fuldaernachrichten.de\/?p=4729","title":{"rendered":"Erster Spatenstich f\u00fcr Kl\u00e4ranlage in Klausmarbach"},"content":{"rendered":"<p><strong><a rel=\"lightbox[roadtrip]\" target=\"_blank\" href=\"http:\/\/www.schoene-nachrichten.de\/wp-content\/uploads\/2007\/08\/07087_klaranlage.jpg\" title=\"07087_klaranlage.jpg\"><img decoding=\"async\" align=\"left\" src=\"http:\/\/www.schoene-nachrichten.de\/wp-content\/uploads\/2007\/08\/07087_klaranlage.thumbnail.jpg\" hspace=\"5\" alt=\"07087_klaranlage.jpg\" \/><\/a>Sch\u00f6nes aus Burghaun.<\/strong> Am Dienstag dieser Woche erfolgte der Spatenstich f\u00fcr den Bau eines Abwasserkanals sowie einer Kompaktkl\u00e4ranlage f\u00fcr den mit 26 Einwohner z\u00e4hlenden Weiler Klausmarbach. Mit diesem Projekt schlie\u00dft die Marktgemeinde Burghaun den Ring eines nunmehr kompletten Abwasserreinigungssystem in der Gro\u00dfgemeinde. Bislang liefen die Abw\u00e4sser der sieben Anwesen in hauseigene Kl\u00e4rgruben. <!--more--><br \/>\nAuch der unweit gelegene Segelflugplatz Pl\u00e4tzer (ausgelegt f\u00fcr 40 Einwohnereinheiten) wird an des k\u00fcnftige System angeschlossen. B\u00fcrgermeister Alexander Hohmann erkl\u00e4rte, das diese Ma\u00dfnahme in einem kleinen Ort eine Herausforderung f\u00fcr die Kommune sei.<\/p>\n<p>Von Beh\u00f6rdenseite aus sei man dazu angehalten worden, eine Abwasserl\u00f6sung f\u00fcr Klausmarbach zu kl\u00e4ren. Hierzu habe das Planungsb\u00fcro Bernd Emmerich im Juli 2005 den Einwohnern eine Studie vorgestellt mit dem Ziel, eine technisch sinnvolle, sowie finanziell tragbare L\u00f6sung sowohl f\u00fcr die Anlieger als auch f\u00fcr die Kommune zu entwickeln.<\/p>\n<p>Laut\u00c2\u00a0Hohmann ist man besonders dar\u00fcber erfreut, dass sich die ehemals mit 480 000 Euro berechneten Gesamtkosten nach der Ausschreibung auf jetzt 330 000 Euro reduzierten. Das Land Hessen f\u00f6rdert das Projekt zu 50 Prozent.<\/p>\n<p>Da in Klausmarbach alles in Privathand sei und die Marktgemeinde Burghaun weder \u00fcber einen Weg noch \u00fcber ein Grundst\u00fcck verf\u00fcge, lobte Hohmann alle Grundst\u00fcckseigent\u00fcmer, die im Zuge der Bauma\u00dfnahmen diese auf ihrem Gel\u00e4nde ausf\u00fchren lassen.<\/p>\n<p>Gebaut wird ein rund 580 Meter langes Kanalnetz von 20 bis 25 Zentimetern Durchmesser. Die Anlieger schlie\u00dfen daran auf ihre eigene Kosten an. Die Leitung wird\u00c2\u00a0an einen Hauptsammler und eine Kompaktkl\u00e4ranlage angeschlossen. Nach dem Kl\u00e4rvorgang flie\u00dfen dann die gereinigten \u201cdiffusen Abw\u00e4sser\u201c in einem Vorflutgraben ab wie das Oberfl\u00e4chenwasser.<\/p>\n","protected":false},"excerpt":{"rendered":"<div class=\"tmnf_excerpt\"><p>Sch\u00f6nes aus Burghaun. Am Dienstag dieser Woche erfolgte der Spatenstich f\u00fcr den Bau eines Abwasserkanals sowie einer Kompaktkl\u00e4ranlage f\u00fcr den mit 26 Einwohner z\u00e4hlenden Weiler Klausmarbach. Mit diesem Projekt schlie\u00dft die Marktgemeinde Burghaun den Ring eines nunmehr kompletten Abwasserreinigungssystem in der Gro\u00dfgemeinde. Bislang liefen die Abw\u00e4sser der sieben Anwesen in hauseigene Kl\u00e4rgruben.<\/p>\n<\/div>","protected":false},"author":1,"featured_media":0,"comment_status":"closed","ping_status":"closed","sticky":false,"template":"","format":"standard","meta":{"footnotes":""},"categories":[1,29,52],"tags":[],"class_list":["post-4729","post","type-post","status-publish","format-standard","hentry","category-startseite","category-politik","category-umwelt"],"_links":{"self":[{"href":"https:\/\/www.fuldaernachrichten.de\/index.php?rest_route=\/wp\/v2\/posts\/4729","targetHints":{"allow":["GET"]}}],"collection":[{"href":"https:\/\/www.fuldaernachrichten.de\/index.php?rest_route=\/wp\/v2\/posts"}],"about":[{"href":"https:\/\/www.fuldaernachrichten.de\/index.php?rest_route=\/wp\/v2\/types\/post"}],"author":[{"embeddable":true,"href":"https:\/\/www.fuldaernachrichten.de\/index.php?rest_route=\/wp\/v2\/users\/1"}],"replies":[{"embeddable":true,"href":"https:\/\/www.fuldaernachrichten.de\/index.php?rest_route=%2Fwp%2Fv2%2Fcomments&post=4729"}],"version-history":[{"count":0,"href":"https:\/\/www.fuldaernachrichten.de\/index.php?rest_route=\/wp\/v2\/posts\/4729\/revisions"}],"wp:attachment":[{"href":"https:\/\/www.fuldaernachrichten.de\/index.php?rest_route=%2Fwp%2Fv2%2Fmedia&parent=4729"}],"wp:term":[{"taxonomy":"category","embeddable":true,"href":"https:\/\/www.fuldaernachrichten.de\/index.php?rest_route=%2Fwp%2Fv2%2Fcategories&post=4729"},{"taxonomy":"post_tag","embeddable":true,"href":"https:\/\/www.fuldaernachrichten.de\/index.php?rest_route=%2Fwp%2Fv2%2Ftags&post=4729"}],"curies":[{"name":"wp","href":"https:\/\/api.w.org\/{rel}","templated":true}]}}