{"id":47274,"date":"2009-12-10T08:07:09","date_gmt":"2009-12-10T07:07:09","guid":{"rendered":"http:\/\/www.schoene-nachrichten.de\/?p=47274"},"modified":"2009-12-10T09:07:22","modified_gmt":"2009-12-10T08:07:22","slug":"spende-der-ipo-und-ig-fuer-zu-gunsten-des-foerdervereins-kaenguruh","status":"publish","type":"post","link":"https:\/\/www.fuldaernachrichten.de\/?p=47274","title":{"rendered":"Spende der IPO und IG-F\u00fcr zu Gunsten des F\u00f6rdervereins K\u00e4nguruh"},"content":{"rendered":"<p><strong><a href=\"http:\/\/www.schoene-nachrichten.de\/wp-content\/uploads\/2009\/12\/091209_Spende.jpg\"><img decoding=\"async\" class=\"alignleft size-thumbnail wp-image-47275\" title=\"091209_Spende\" src=\"http:\/\/www.schoene-nachrichten.de\/wp-content\/uploads\/2009\/12\/091209_Spende-265x164.jpg\" alt=\"091209_Spende\" width=\"265\" height=\"164\" srcset=\"https:\/\/www.fuldaernachrichten.de\/wp-content\/uploads\/2009\/12\/091209_Spende-265x164.jpg 265w, https:\/\/www.fuldaernachrichten.de\/wp-content\/uploads\/2009\/12\/091209_Spende.jpg 592w\" sizes=\"(max-width: 265px) 100vw, 265px\" \/><\/a>Fulda. <\/strong>Im Nachgang zu der von der IPO (International Pr\u00e4vention Organisation) und der Interessengemeinschaft f\u00fcr gesunde Lebensmittel (IG-F\u00fcr) in der Orangerie durchgef\u00fchrten Veranstaltung \u201eVolkskrankheiten kann man essen und trinken \u2013 Aber Gesundheit auch!\u201c, wurde eine Spende in H\u00f6he von 1.000 Euro an den F\u00f6rderverein K\u00e4nguruh \u00fcbergeben.<!--more--><\/p>\n<p>Die Spende stammt zum Teil aus dem Erl\u00f6s der Veranstaltung sowie von einzelnen Firmen, wie F\u00f6rstina und Sommerlad. Dr. Ulrich Salzberger (Oberarzt der Klinik f\u00fcr Kinder- und Jugendmedizin) nahm den Scheck von Karl-Heinz Brand (Vizevorsitzender der IG-F\u00fcr) stellvertretend f\u00fcr den F\u00f6rderverein K\u00e4nguruh entgegen.<\/p>\n<p>Eitel Vida (Gesch\u00e4ftsf\u00fchrender Vorstand der IPO) dankte in diesem Zusammenhang allen Beteiligten und gab einen Ausblick auf die f\u00fcr Oktober 2010 geplante fortf\u00fchrende Veranstaltung. Demnach werde derzeit ein Ort gesucht, \u201ewo man auch live kochen kann\u201c, so Vida. Die Struktur der Veranstaltung werde im n\u00e4chsten Jahr auf drei S\u00e4ulen beruhen: neben der wissenschaftlichen Ebene mit der Kompetenz des Klinikums Fulda und der Eventebene, soll es im n\u00e4chsten Jahr auch Lebensmitteltests geben.<\/p>\n<p>Hier werden bereits Gespr\u00e4che mit Stiftung Warentest und foodwatch gef\u00fchrt, erl\u00e4uterte Vida. Geplant sei auch, neben Josef Lafer zwei weitere Spitzenk\u00f6che zu gewinnen, die gemeinsam mit Bruno D\u00fcchs (Chefkoch des Klinikums Fulda) \u00c2\u00a0und seinem Team, dem Verein der K\u00f6che (Fulda) sowie Fa. Tegut kochen sollen.<\/p>\n<p>In einem waren sich Eitel Vida (IPO), Dr. Thomas Sitte (Gesundheitsnetz Osthessen), Dieter Sch\u00fctzeichel (Fa. Sommerlad), Gerhard Bub (Fa. F\u00f6rstina), Karl-Heinz Brand (IG-F\u00fcr), Gerhard Schneider (Verein der K\u00f6che Fulda), Harald Jeguschke und Prof. Dr. Daniel Jaspersen (Klinikum Fulda) einig: Alle wollen gemeinsam im Bereich der Gesundheitsf\u00fcrsorge eine professionelle Hilfestellung bieten, einen gesunden Lebensstil f\u00f6rdern und das Gesundheitsbewusstsein in der Region st\u00e4rken. Denn \u201eheilen ist gut \u2013 vorbeugen ist besser\u201c, so Prof. Jaspersen.<\/p>\n","protected":false},"excerpt":{"rendered":"<div class=\"tmnf_excerpt\"><p>Fulda. Im Nachgang zu der von der IPO (International Pr\u00e4vention Organisation) und der Interessengemeinschaft f\u00fcr gesunde Lebensmittel (IG-F\u00fcr) in der Orangerie durchgef\u00fchrten Veranstaltung \u201eVolkskrankheiten kann man essen und trinken \u2013 Aber Gesundheit auch!\u201c, wurde eine Spende in H\u00f6he von 1.000 Euro an den F\u00f6rderverein K\u00e4nguruh \u00fcbergeben.<\/p>\n<\/div>","protected":false},"author":1,"featured_media":0,"comment_status":"closed","ping_status":"closed","sticky":false,"template":"","format":"standard","meta":{"footnotes":""},"categories":[1,37,51,44],"tags":[],"class_list":["post-47274","post","type-post","status-publish","format-standard","hentry","category-startseite","category-essen-und-trinken","category-medizin","category-kultur"],"_links":{"self":[{"href":"https:\/\/www.fuldaernachrichten.de\/index.php?rest_route=\/wp\/v2\/posts\/47274","targetHints":{"allow":["GET"]}}],"collection":[{"href":"https:\/\/www.fuldaernachrichten.de\/index.php?rest_route=\/wp\/v2\/posts"}],"about":[{"href":"https:\/\/www.fuldaernachrichten.de\/index.php?rest_route=\/wp\/v2\/types\/post"}],"author":[{"embeddable":true,"href":"https:\/\/www.fuldaernachrichten.de\/index.php?rest_route=\/wp\/v2\/users\/1"}],"replies":[{"embeddable":true,"href":"https:\/\/www.fuldaernachrichten.de\/index.php?rest_route=%2Fwp%2Fv2%2Fcomments&post=47274"}],"version-history":[{"count":2,"href":"https:\/\/www.fuldaernachrichten.de\/index.php?rest_route=\/wp\/v2\/posts\/47274\/revisions"}],"predecessor-version":[{"id":47331,"href":"https:\/\/www.fuldaernachrichten.de\/index.php?rest_route=\/wp\/v2\/posts\/47274\/revisions\/47331"}],"wp:attachment":[{"href":"https:\/\/www.fuldaernachrichten.de\/index.php?rest_route=%2Fwp%2Fv2%2Fmedia&parent=47274"}],"wp:term":[{"taxonomy":"category","embeddable":true,"href":"https:\/\/www.fuldaernachrichten.de\/index.php?rest_route=%2Fwp%2Fv2%2Fcategories&post=47274"},{"taxonomy":"post_tag","embeddable":true,"href":"https:\/\/www.fuldaernachrichten.de\/index.php?rest_route=%2Fwp%2Fv2%2Ftags&post=47274"}],"curies":[{"name":"wp","href":"https:\/\/api.w.org\/{rel}","templated":true}]}}