{"id":4721,"date":"2007-08-22T02:15:43","date_gmt":"2007-08-22T00:15:43","guid":{"rendered":"http:\/\/www.schoene-nachrichten.de\/?p=4721"},"modified":"2007-08-22T02:16:57","modified_gmt":"2007-08-22T00:16:57","slug":"serie-palliativ-care-heute-basale-stimulation-in-der-palliation","status":"publish","type":"post","link":"https:\/\/www.fuldaernachrichten.de\/?p=4721","title":{"rendered":"Serie &#8220;Palliativ Care&#8221; &#8211; heute: Basale Stimulation in der Palliation"},"content":{"rendered":"<p><a target=\"_blank\" href=\"http:\/\/www.schoene-nachrichten.de\/Werbung\/070429_Fendel.gif\"><img decoding=\"async\" border=\"0\" align=\"left\" src=\"http:\/\/www.schoene-nachrichten.de\/Werbung\/070428_fendel.gif\" hspace=\"5\" alt=\"070428_fendel.gif\" \/><\/a><\/p>\n<p><strong>Serie.<\/strong> Anfang Mai hat die Redaktion in Zusammenarbeit mit dem Palliativnetz Osthessen die <a target=\"_blank\" href=\"http:\/\/www.schoene-nachrichten.de\/?p=2885\">Serie<\/a> &#8220;Palliativ Care&#8221; gestartet. Bis Mitte November geben Palliativmediziner Thomas Sitte und Krankenschwester Manuela Straub immer mittwochs Tipps zur Pflege schwerstkranker Patienten geben. Tipps, die nicht nur den pflegenden Angeh\u00f6rige helfen, sondern auch die Lebensqualit\u00e4t der Patienten deutlich verbessern k\u00f6nnen. Heute informiert Annette Gaul-Leitschuh \u00fcber die Basale Stimulation in der Palliation.<!--more--><\/p>\n<p>In der letzten Lebensphase kommt es h\u00e4ufig zu Bewussteinsbeeintr\u00e4chtigungen. Diese k\u00f6nnen sich durch Verwirrtheitszust\u00e4nde, Verst\u00e4ndnisproblemen bis hin zu Bewusstseinsverlust darstellen. F\u00fcr die Nahestehenden ist die Kontaktaufnahme erschwert und die Pflege der Beziehung mit Unsicherheiten und \u00c4ngsten belastet.<\/p>\n<p>Wertvolle Hilfen um die Begegnung zu gestalten, anstatt aus Unsicherheit sich zur\u00fcckzuziehen, gibt das Konzept der Basalen Stimulation. Die Basale Stimulation, ehemals f\u00fcr behinderte Kinder entwickelt, bietet an der Basis menschlicher Wahrnehmung Ideen der Stimulation. Die sieben Wahrnehmungsebenen und ihre F\u00f6rderm\u00f6glichkeiten werden kurz mit einigen Ideen, die auch f\u00fcr Laien durchf\u00fchrbar sind, beschrieben:<\/p>\n<p><strong>Somatische Wahrnehmungsf\u00f6rderung<\/strong><br \/>\nUnser K\u00f6rper mit der Haut, als unsere Grenze zur Umwelt, ist mit vielf\u00e4ltigen Empfindungseindr\u00fccken von unserer fr\u00fchesten Entwicklungsphase an vertraut. Hier bieten sich vielf\u00e4ltige M\u00f6glichkeiten wie Teilmassagen (Hand, Fu\u00df, Nacken, Bauch\u00e2\u20ac\u00a6) Streichungen, eine Geste der Ber\u00fchrung zur Begr\u00fc\u00dfung, passiven Bewegungen uvm. an.<br \/>\n<strong><br \/>\nTaktil-haptische Wahrnehmungsf\u00f6rderung<\/strong><br \/>\nDer Tast und Greifsinn l\u00e4sst uns identifizieren und differenzieren. Gegenst\u00e4nde die in die Hand gegeben werden wecken Erinnerungen. Das Fell des geliebten Haustieres kann noch mal zum Augen \u00f6ffnen veranlassen, das Glas in der Hand den Mund zum Trinken \u00f6ffnen, der Rosenkranz das Gebet verdeutlichen uvm.<br \/>\n<strong><br \/>\nVestibul\u00e4re Wahrnehmungsf\u00f6rderung<\/strong><br \/>\nUnser Gleichgewichtsorgan steuert Wahrnehmungs.- und Bewegungsabl\u00e4ufe. Es verk\u00fcmmert in der Bewegungslosigkeit. Deshalb wird bei Bettl\u00e4gerigen durch erh\u00f6hen des Kopfteils, Aufrichten des Oberk\u00f6rpers, drehen im Bett auf die Seite, sitzen an der Bettkante, eventuell ein bisschen schaukeln oder wippen, die Kommunikation\/ Wachheit gef\u00f6rdert.<br \/>\n<strong><br \/>\nVibratorische Wahrnehmungsf\u00f6rderung<\/strong><br \/>\nDas Sprechen und das Gehen sind uns aus der vorgeburtlichen, vibratorisch reichhaltigen Zeit geblieben. Sprechen, singen und summen bei engem K\u00f6rperkontakt, sowie vibrierende Massageger\u00e4te beispielsweise nur auf die Matratze gehalten erinnern uns an sorgenlose Zeiten, k\u00f6nnen beruhigend und entspannend wirken.<br \/>\n<strong><br \/>\nOrale Wahrnehmungsf\u00f6rderung<\/strong><br \/>\nKann durch geliebte, vertraute Speisen und Getr\u00e4nke erreicht werden. Letztere k\u00f6nnen zur Mundbefeuchtung\/-pflege auf entsprechende Pflegest\u00e4bchen aufgetragen werden, womit die Mundh\u00f6hle ausgewischt wird. Auch gefroren als Eislutscher haben sie einen wunderbar erfrischenden Effekt.<br \/>\n<strong><br \/>\nNasale Wahrnehmung<br \/>\n<\/strong>Ger\u00fcche wecken unsere Erinnerung und beeinflussen unsere Gef\u00fchle. Vertraute Ger\u00fcche wie das getragenes Hemd eines geliebten Menschen, ein bedeutsames Parf\u00fcm oder K\u00f6rperpflegemittel oder spezielle Duft\u00f6lkompositionen bringen zum Ausdruck, was auf andere Art und Weise nicht mehr m\u00f6glich erscheint.<br \/>\n<strong><br \/>\nAuditive Wahrnehmung<br \/>\n<\/strong>Wir wissen nicht genau wie Geh\u00f6rtes verarbeitet wird, allerdings dass es Menschen die stark Bewusstseinsbeeintr\u00e4chtigt sind wahrnehmen gilt als gesichert. Deshalb ist unser freundliches, zugewandtes sprechen mit klarem sinnvollem Inhalt, auch kombiniert mit Ber\u00fchrung, eine wichtige Kontaktm\u00f6glichkeit. Weitere M\u00f6glichkeiten sind Singen, Beten, Vorlesen und Musikangebote.<\/p>\n<p>F\u00fcr was man sich auch entscheidet, es sollte zu der Person, seinen Vorlieben, Gewohnheiten und Interessen passen. Ob es letztendlich die beabsichtigte Wirkung hat l\u00e4sst sich durch eine gute Beobachtung von Gestik, Mimik, Muskelspannung und vieles andere wie beispielsweise Ver\u00e4nderung der Atmung eruieren.<\/p>\n<p>Einen interessierten, f\u00fchrsorglichen und einf\u00fchlsamen Mitmenschen an der Seite \u2013 f\u00fcr viele ein letzter Wunsch \u2013 f\u00f6rdert das Wohlbefinden und somit die Lebensqualit\u00e4t. Die auf verschiedene Sinneskan\u00e4le gelenkte Aufmerksamkeit und das Sp\u00fcren von Geborgenheit verringern sogar belastende Symptome. Den Nahestehenden hilft durch das Tun und damit verbundenes Greifen die Situation zu begreifen und anzunehmen. Hier kann wichtige Trauerarbeit beginnen. (Annette Gaul-Leitschuh)<\/p>\n<p>Wer weitere Fragen hat, kann sich an das Schmerz &amp; PalliativZentrum Fulda unter Telefon 0661 &#8211; 9 01 50 16 wenden oder findet weitere Informationen im Internet unter <a target=\"_blank\" href=\"http:\/\/www.palliativnetz-osthessen.de\">www.palliativnetz-osthessen.de<\/a><\/p>\n<p>Bislang ver\u00f6ffentlichte Themen der Serie:<br \/>\n<a target=\"_blank\" href=\"http:\/\/www.schoene-nachrichten.de\/?p=2807\">1. Schmerzlinderung<\/a><br \/>\n<a target=\"_blank\" href=\"http:\/\/www.schoene-nachrichten.de\/?p=3025\">2. Durchbruchschmerzen<\/a><br \/>\n<a target=\"_blank\" href=\"http:\/\/www.schoene-nachrichten.de\/?p=3136\">3. Lagerung<\/a><br \/>\n<a target=\"_blank\" href=\"http:\/\/www.schoene-nachrichten.de\/?p=3248\">4. Mundpflege und Hilfe bei Durstgef\u00fchl<\/a><br \/>\n<a target=\"_blank\" href=\"http:\/\/www.schoene-nachrichten.de\/?p=3333\">5. Wundliegen &amp; Hautpflege<\/a><br \/>\n<a target=\"_blank\" href=\"http:\/\/www.schoene-nachrichten.de\/?p=3488\">6. Atemnot<\/a><br \/>\n<a target=\"_blank\" href=\"http:\/\/www.schoene-nachrichten.de\/?p=3604\">7. \u00c4ngste<\/a><br \/>\n<a target=\"_blank\" href=\"http:\/\/www.schoene-nachrichten.de\/?p=3726\">8. Unruhe<\/a><br \/>\n<a target=\"_blank\" href=\"http:\/\/www.schoene-nachrichten.de\/?p=4033#more-4033\">9. Schw\u00e4che<\/a><br \/>\n<a target=\"_blank\" href=\"http:\/\/www.schoene-nachrichten.de\/?p=3928\">10. M\u00fcdigkeit<\/a><br \/>\n<a target=\"_blank\" href=\"http:\/\/www.schoene-nachrichten.de\/?p=4145\">11. Hunger<\/a><br \/>\n<a target=\"_blank\" href=\"http:\/\/www.schoene-nachrichten.de\/?p=4275\">12. Durst<\/a><br \/>\n<a href=\"http:\/\/www.schoene-nachrichten.de\/?p=4372\">13. Unangenehme Wunden<\/a><br \/>\n<a target=\"_blank\" href=\"http:\/\/www.schoene-nachrichten.de\/?p=4461\">14. Verstopfung<\/a><br \/>\n<a target=\"_blank\" href=\"http:\/\/www.schoene-nachrichten.de\/?p=4560\">15. Juckreiz<\/a><br \/>\n<a target=\"_blank\" href=\"http:\/\/www.schoene-nachrichten.de\/?p=4673\">16. D\u00fcfte\/\u00e4therische \u00d6le<\/a><\/p>\n<p><img decoding=\"async\" border=\"0\" src=\"http:\/\/www.schoene-nachrichten.de\/Werbung\/070427_Fendel.gif\" alt=\"070427_Fendel.gif\" \/><\/p>\n","protected":false},"excerpt":{"rendered":"<div class=\"tmnf_excerpt\"><p>Serie. Anfang Mai hat die Redaktion in Zusammenarbeit mit dem Palliativnetz Osthessen die Serie &#8220;Palliativ Care&#8221; gestartet. Bis Mitte November geben Palliativmediziner Thomas Sitte und Krankenschwester Manuela Straub immer mittwochs Tipps zur Pflege schwerstkranker Patienten geben. Tipps, die nicht nur den pflegenden Angeh\u00f6rige helfen, sondern auch die Lebensqualit\u00e4t der Patienten deutlich verbessern k\u00f6nnen. Heute informiert &hellip;<\/p>\n<\/div>","protected":false},"author":1,"featured_media":0,"comment_status":"closed","ping_status":"closed","sticky":false,"template":"","format":"standard","meta":{"footnotes":""},"categories":[1,51],"tags":[],"class_list":["post-4721","post","type-post","status-publish","format-standard","hentry","category-startseite","category-medizin"],"_links":{"self":[{"href":"https:\/\/www.fuldaernachrichten.de\/index.php?rest_route=\/wp\/v2\/posts\/4721","targetHints":{"allow":["GET"]}}],"collection":[{"href":"https:\/\/www.fuldaernachrichten.de\/index.php?rest_route=\/wp\/v2\/posts"}],"about":[{"href":"https:\/\/www.fuldaernachrichten.de\/index.php?rest_route=\/wp\/v2\/types\/post"}],"author":[{"embeddable":true,"href":"https:\/\/www.fuldaernachrichten.de\/index.php?rest_route=\/wp\/v2\/users\/1"}],"replies":[{"embeddable":true,"href":"https:\/\/www.fuldaernachrichten.de\/index.php?rest_route=%2Fwp%2Fv2%2Fcomments&post=4721"}],"version-history":[{"count":0,"href":"https:\/\/www.fuldaernachrichten.de\/index.php?rest_route=\/wp\/v2\/posts\/4721\/revisions"}],"wp:attachment":[{"href":"https:\/\/www.fuldaernachrichten.de\/index.php?rest_route=%2Fwp%2Fv2%2Fmedia&parent=4721"}],"wp:term":[{"taxonomy":"category","embeddable":true,"href":"https:\/\/www.fuldaernachrichten.de\/index.php?rest_route=%2Fwp%2Fv2%2Fcategories&post=4721"},{"taxonomy":"post_tag","embeddable":true,"href":"https:\/\/www.fuldaernachrichten.de\/index.php?rest_route=%2Fwp%2Fv2%2Ftags&post=4721"}],"curies":[{"name":"wp","href":"https:\/\/api.w.org\/{rel}","templated":true}]}}