{"id":47157,"date":"2009-12-08T19:56:44","date_gmt":"2009-12-08T18:56:44","guid":{"rendered":"http:\/\/www.schoene-nachrichten.de\/?p=47157"},"modified":"2009-12-08T20:00:27","modified_gmt":"2009-12-08T19:00:27","slug":"immer-mehr-betreuungsplaetzen-fuer-unter-dreijaehrige-im-landkreis-fulda","status":"publish","type":"post","link":"https:\/\/www.fuldaernachrichten.de\/?p=47157","title":{"rendered":"Immer mehr Betreuungspl\u00e4tze f\u00fcr unter Dreij\u00e4hrige im Landkreis Fulda &#8211; Gedankenaustausch mit Tagesm\u00fcttern und -v\u00e4tern"},"content":{"rendered":"<p><a href=\"http:\/\/www.schoene-nachrichten.de\/wp-content\/uploads\/2009\/12\/091208_Landkreis.jpg\"><img decoding=\"async\" class=\"alignleft size-thumbnail wp-image-47158\" title=\"091208_Landkreis\" src=\"http:\/\/www.schoene-nachrichten.de\/wp-content\/uploads\/2009\/12\/091208_Landkreis.jpg\" alt=\"091208_Landkreis\" width=\"560\" srcset=\"https:\/\/www.fuldaernachrichten.de\/wp-content\/uploads\/2009\/12\/091208_Landkreis.jpg 592w, https:\/\/www.fuldaernachrichten.de\/wp-content\/uploads\/2009\/12\/091208_Landkreis-265x175.jpg 265w\" sizes=\"(max-width: 592px) 100vw, 592px\" \/><\/a><\/p>\n<p><strong><br \/>\nFulda.<\/strong> Immer mehr Eltern suchen nach einer flexiblen Betreuungsl\u00f6sung f\u00fcr ihre Kinder. Eine ma\u00dfgeschneiderte M\u00f6glichkeit, Beruf und Familie miteinander zu vereinbaren, ist die Kindertagespflege. Ein Betreuungsmodell, das insbesondere f\u00fcr Eltern von unter Dreij\u00e4hrigen immer attraktiver wird. Die im Landkreis Fulda ans\u00e4ssigen Tagesm\u00fctter und -v\u00e4ter, die in diesem Jahr mit Mitteln aus dem Investitionsprogramm des Bundes unterst\u00fctzt worden sind, hatte Jugend- und Familiendezernent Dr. Heiko Wingenfeld zu einem Erfahrungs- und Gedankenaustausch ins Kreishaus eingeladen.<!--more--><\/p>\n<p>Neben der allgemeinen Betreuungssituation f\u00fcr unter Dreij\u00e4hrige wurden auch die spezifischen Rahmenbedingungen f\u00fcr Tagespflegepersonen wie beispielsweise Qualifizierung, Verg\u00fctung, administrative Herausforderungen, F\u00f6rderinstrumente und Steuergesetzgebung thematisiert.<\/p>\n<p>\u201eWir m\u00f6chte die Gelegenheit nutzen und uns bei Ihnen f\u00fcr Ihr Engagement bedanken\u201c, sagte Dr. Wingenfeld. \u201eWir sind froh und dankbar, dass Sie in diesem Bereich aktiv sind, und haben ein starkes Interesse, dass es auch in Zukunft so bleibt.\u201c Ideen, Kritik und Anregungen der Tagespflegepersonen seien sehr wichtig. \u201cDenn wir sind als Landkreis in besonderer Weise daran interessiert, dass wir ein gutes und ausreichendes Angebot an Kindertagespflege bieten k\u00f6nnen\u201c, so der Erste Kreisbeigeordnete.<\/p>\n<p>F\u00fcr 2010 ist neben einem speziellen Weiterbildungsprogramm f\u00fcr Tagespflegepersonen geplant, die Abwicklung der F\u00f6rderung etwas praktikabler zu gestalten. Seit dem vergangenen Jahr gew\u00e4hrt der Landkreis eine F\u00f6rderung, die sich an der Anzahl der Betreuungsstunden orientiert. Laut Dr. Wingenfeld sind inzwischen auch zw\u00f6lf Gemeinden dazu \u00fcbergegangen, die Tagespflege zu f\u00f6rdern. \u201eDie verschiedenen F\u00f6rdermechanismen machen es in der Praxis jedoch etwas komplizierter, als dies eigentlich sein m\u00fcsste. Wir streben daher eine Vereinfachung auf kommunaler Ebene an.\u201c<\/p>\n<p>Allgemein verzeichnet der Landkreis Fulda bei der Betreuungssituation der unter Dreij\u00e4hrigen in den letzten zwei Jahren eine dynamische Entwicklung. Nach Angaben des Ersten Kreisbeigeordneten gibt es in Landkreis derzeit 362 Betreuungspl\u00e4tze. Zu Beginn des Kindergartenjahres 2007\/2008 waren es 185 Pl\u00e4tze. \u201eRein rechnerisch betrachtet, k\u00f6nnen wir f\u00fcr knapp 16 Prozent der unter Dreij\u00e4hrigen im Landkreis Betreuungspl\u00e4tze zur Verf\u00fcgung stellen\u201c, erkl\u00e4rt Dr. Wingenfeld. Bis zum Jahr 2013, so das Ziel der Bundesregierung, soll f\u00fcr jedes dritte Kind unter drei Jahren ein Betreuungsplatz entstehen.<\/p>\n<p>Der Bund f\u00f6rdert den Ausbau der Kinderbetreuung auch finanziell: 1,31 Millionen Euro hat der Landkreis in diesem Jahr aus dem Investitionsprogramm zur Verbesserung der Betreuungssituation f\u00fcr unter Dreij\u00e4hrige bekommen. Mit den F\u00f6rdermitteln wurden in alters\u00fcbergreifenden Gruppen neue Betreuungspl\u00e4tze geschaffen und Krippengruppen gef\u00f6rdert. Aber auch die Kindertagespflege konnte deutlich profitieren. Insgesamt seien, so Dr. Wingenfeld, 45 Pl\u00e4tze bei 19 Tagespflegestellen gef\u00f6rdert worden. F\u00fcr 2010 rechnet er mit einer F\u00f6rderung aus dem Bundesprogramm in H\u00f6he von rund einer Million Euro.<\/p>\n","protected":false},"excerpt":{"rendered":"<div class=\"tmnf_excerpt\"><p>Fulda. Immer mehr Eltern suchen nach einer flexiblen Betreuungsl\u00f6sung f\u00fcr ihre Kinder. Eine ma\u00dfgeschneiderte M\u00f6glichkeit, Beruf und Familie miteinander zu vereinbaren, ist die Kindertagespflege. Ein Betreuungsmodell, das insbesondere f\u00fcr Eltern von unter Dreij\u00e4hrigen immer attraktiver wird. Die im Landkreis Fulda ans\u00e4ssigen Tagesm\u00fctter und -v\u00e4ter, die in diesem Jahr mit Mitteln aus dem Investitionsprogramm des Bundes &hellip;<\/p>\n<\/div>","protected":false},"author":1,"featured_media":0,"comment_status":"closed","ping_status":"closed","sticky":false,"template":"","format":"standard","meta":{"footnotes":""},"categories":[1,72,78],"tags":[],"class_list":["post-47157","post","type-post","status-publish","format-standard","hentry","category-startseite","category-jugend","category-topthema"],"_links":{"self":[{"href":"https:\/\/www.fuldaernachrichten.de\/index.php?rest_route=\/wp\/v2\/posts\/47157","targetHints":{"allow":["GET"]}}],"collection":[{"href":"https:\/\/www.fuldaernachrichten.de\/index.php?rest_route=\/wp\/v2\/posts"}],"about":[{"href":"https:\/\/www.fuldaernachrichten.de\/index.php?rest_route=\/wp\/v2\/types\/post"}],"author":[{"embeddable":true,"href":"https:\/\/www.fuldaernachrichten.de\/index.php?rest_route=\/wp\/v2\/users\/1"}],"replies":[{"embeddable":true,"href":"https:\/\/www.fuldaernachrichten.de\/index.php?rest_route=%2Fwp%2Fv2%2Fcomments&post=47157"}],"version-history":[{"count":3,"href":"https:\/\/www.fuldaernachrichten.de\/index.php?rest_route=\/wp\/v2\/posts\/47157\/revisions"}],"predecessor-version":[{"id":47175,"href":"https:\/\/www.fuldaernachrichten.de\/index.php?rest_route=\/wp\/v2\/posts\/47157\/revisions\/47175"}],"wp:attachment":[{"href":"https:\/\/www.fuldaernachrichten.de\/index.php?rest_route=%2Fwp%2Fv2%2Fmedia&parent=47157"}],"wp:term":[{"taxonomy":"category","embeddable":true,"href":"https:\/\/www.fuldaernachrichten.de\/index.php?rest_route=%2Fwp%2Fv2%2Fcategories&post=47157"},{"taxonomy":"post_tag","embeddable":true,"href":"https:\/\/www.fuldaernachrichten.de\/index.php?rest_route=%2Fwp%2Fv2%2Ftags&post=47157"}],"curies":[{"name":"wp","href":"https:\/\/api.w.org\/{rel}","templated":true}]}}