{"id":46959,"date":"2009-12-08T04:55:42","date_gmt":"2009-12-08T03:55:42","guid":{"rendered":"http:\/\/www.schoene-nachrichten.de\/?p=46959"},"modified":"2009-12-08T08:48:20","modified_gmt":"2009-12-08T07:48:20","slug":"stefan-preuss-aus-romrod-zum-kreisbrandmeister-ernannt","status":"publish","type":"post","link":"https:\/\/www.fuldaernachrichten.de\/?p=46959","title":{"rendered":"Stefan Preu\u00df aus Romrod zum Kreisbrandmeister ernannt"},"content":{"rendered":"<p><a href=\"http:\/\/www.schoene-nachrichten.de\/wp-content\/uploads\/2009\/12\/091207_Stefan-Preu\u00df.jpg\"><img decoding=\"async\" class=\"alignnone size-medium wp-image-46965\" title=\"Unser Bild zeigt (von links) Kreisbrandinspektor Werner Rinke, Vizelandrat Gerhard Ruhl, Kreisbrandmeister Stefan Preu\u00df und Hauptamtsleiter Verwaltungsdirektor Erich Bloch.&lt;br \/&gt; Foto: Pressestelle Vogelsbergkreis\" src=\"http:\/\/www.schoene-nachrichten.de\/wp-content\/uploads\/2009\/12\/091207_Stefan-Preu\u00df-265x180.jpg\" alt=\"091207_Stefan-Preu\u00df\" hspace=\"5\" width=\"265\" height=\"180\" align=\"left\" \/><\/a><strong>Vogelsbergkreis. <\/strong>In einer kleinen Feierstunde im Stabsraum der Gefahrenabwehrzentrale im Lauterbacher Kreishaus ernannte Erster Kreisbeigeordneter Gerhard Ruhl vor wenigen Tagen Stefan Preu\u00df aus Romrod zum Kreisbrandmeister. Er ist bereits seit dem vergangenem Jahr Kreisjugendfeuerwehrwart. Der neue vereidigte Ehrenbeamte des Vogelsbergkreises empfing die guten W\u00fcnsche des Vizelandrats sowie von Kreisbrandinspektor Werner Rinke und Hauptamtsleiter Erich Bloch, zu dessen Ressort auch die Gefahrenabwehr mit Rettungsdienst, Leitstelle, Katastrophenschutz und Brandschutzdienstelle z\u00e4hlen.<!--more--><\/p>\n<p>Stefan Preu\u00df ist einer von f\u00fcnf Kreisbrandmeistern im Vogelsbergkreis, die zusammen mit dem Kreisbrandinspektor das Team der Gefahrenabwehr im Kreis bilden. Erster Kreisbeigeordneter Gerhard Ruhl betonte, die Ernennung zum ehrenamtlichen Kreisbrandmeister sei ein Beleg der hohen Qualifikation. Gleichzeitig werde damit dokumentiert, dass die Arbeit der Kreisjugendfeuerwehr f\u00fcr die Kreispolitik einen sehr hohen Stellenwert habe.<\/p>\n<p>\u201eWir freuen uns, dass es Menschen mit einer solch hohen Bereitschaft gibt, sich f\u00fcr die Allgemeinheit zu engagieren\u201c, sagte Verwaltungsdirektor Bloch. \u00dcbungsbereitschaft, Nervenst\u00e4rke und Kompetenz kennzeichneten den Dienst in den Feuerwehren. Erster Kreisbeigeordneter Gerhard Ruhl ermutigte den neuen Kreisbrandmeister im Bem\u00fchen, ausreichend Nachwuchs f\u00fcr die Freiwilligen Feuerwehren zu mobilisieren, nicht nachzulassen. Der Brandschutz, der auf dem Fundament der Freiwilligkeit ruhe, sei eine wichtige kommunale Aufgabe. Die Zusammenarbeit zwischen Kreisausschuss und Kreisfeuerwehrverband bezeichnete Gerhard Ruhl als  hervorragend.<\/p>\n<p>Kreisbrandinspektor Werner Rinke wies auf die hohen fachlichen Anforderungen f\u00fcr das Amt eines Kreisbrandmeisters hin, dazu z\u00e4hlten unter anderem eine achtw\u00f6chige Ausbildung an der Landesfeuerwehrschule sowie weitere 150 Stunden Ausbildung beim Landkreis.<\/p>\n<p><strong>Das ist das Gefahrenabwehrteam des Kreises:<\/strong><\/p>\n<p>Chef ist KBI Werner Rinke, sein Stellvertreter ist Hans-J\u00fcrgen Kohl (Alsfeld).<br \/>\nDas Team ist komplett mit den vier Kreisbrandmeistern Peter Pfeil (Homberg), Timo Georg (Schwalmtal), Hubert Helm (Lautertal) und Stefan Preu\u00df (Romrod).<\/p>\n","protected":false},"excerpt":{"rendered":"<div class=\"tmnf_excerpt\"><p>Vogelsbergkreis. In einer kleinen Feierstunde im Stabsraum der Gefahrenabwehrzentrale im Lauterbacher Kreishaus ernannte Erster Kreisbeigeordneter Gerhard Ruhl vor wenigen Tagen Stefan Preu\u00df aus Romrod zum Kreisbrandmeister. Er ist bereits seit dem vergangenem Jahr Kreisjugendfeuerwehrwart. Der neue vereidigte Ehrenbeamte des Vogelsbergkreises empfing die guten W\u00fcnsche des Vizelandrats sowie von Kreisbrandinspektor Werner Rinke und Hauptamtsleiter Erich Bloch, &hellip;<\/p>\n<\/div>","protected":false},"author":1,"featured_media":0,"comment_status":"closed","ping_status":"closed","sticky":false,"template":"","format":"standard","meta":{"footnotes":""},"categories":[1,71],"tags":[],"class_list":["post-46959","post","type-post","status-publish","format-standard","hentry","category-startseite","category-feuerwehr"],"_links":{"self":[{"href":"https:\/\/www.fuldaernachrichten.de\/index.php?rest_route=\/wp\/v2\/posts\/46959","targetHints":{"allow":["GET"]}}],"collection":[{"href":"https:\/\/www.fuldaernachrichten.de\/index.php?rest_route=\/wp\/v2\/posts"}],"about":[{"href":"https:\/\/www.fuldaernachrichten.de\/index.php?rest_route=\/wp\/v2\/types\/post"}],"author":[{"embeddable":true,"href":"https:\/\/www.fuldaernachrichten.de\/index.php?rest_route=\/wp\/v2\/users\/1"}],"replies":[{"embeddable":true,"href":"https:\/\/www.fuldaernachrichten.de\/index.php?rest_route=%2Fwp%2Fv2%2Fcomments&post=46959"}],"version-history":[{"count":3,"href":"https:\/\/www.fuldaernachrichten.de\/index.php?rest_route=\/wp\/v2\/posts\/46959\/revisions"}],"predecessor-version":[{"id":47050,"href":"https:\/\/www.fuldaernachrichten.de\/index.php?rest_route=\/wp\/v2\/posts\/46959\/revisions\/47050"}],"wp:attachment":[{"href":"https:\/\/www.fuldaernachrichten.de\/index.php?rest_route=%2Fwp%2Fv2%2Fmedia&parent=46959"}],"wp:term":[{"taxonomy":"category","embeddable":true,"href":"https:\/\/www.fuldaernachrichten.de\/index.php?rest_route=%2Fwp%2Fv2%2Fcategories&post=46959"},{"taxonomy":"post_tag","embeddable":true,"href":"https:\/\/www.fuldaernachrichten.de\/index.php?rest_route=%2Fwp%2Fv2%2Ftags&post=46959"}],"curies":[{"name":"wp","href":"https:\/\/api.w.org\/{rel}","templated":true}]}}