{"id":4692,"date":"2007-08-16T00:59:40","date_gmt":"2007-08-15T22:59:40","guid":{"rendered":"http:\/\/www.schoene-nachrichten.de\/?p=4692"},"modified":"2007-08-16T01:00:06","modified_gmt":"2007-08-15T23:00:06","slug":"fibit07-groesstes-it-event-der-region","status":"publish","type":"post","link":"https:\/\/www.fuldaernachrichten.de\/?p=4692","title":{"rendered":"fibit\u00c2\u00b407 &#8211; Gr\u00f6\u00dftes IT-Event der Region"},"content":{"rendered":"<p><strong><a rel=\"lightbox[roadtrip]\" target=\"_blank\" href=\"http:\/\/www.fibit.de\/\"><img decoding=\"async\" align=\"left\" src=\"http:\/\/www.schoene-nachrichten.de\/wp-content\/uploads\/2007\/08\/logo2007.thumbnail.jpg\" hspace=\"5\" alt=\"logo2007.jpg\" \/><\/a>Termin.<\/strong> Der Verein Zeitsprung IT-Forum Fulda e.V. l\u00e4dt IT-Interessierte zur fibit\u00c2\u00b407 &#8211; Fuldaer IT-Kongress + IT-Messe &#8211; in das Kongresszentrum Esperanto ein. Die nunmehr\u00c2\u00a0f\u00fcnfte Tagesveranstaltung des Vereins findet erstmals unter Beteiligung von mehr als 30 Ausstellerunternehmen statt und hat ein Zwei-Tages-Konzept: Am Freitag, den 31. August\u00c2\u00a0h\u00e4lt der IT-Kongress von 9 bis 17 Uhr ein hochkar\u00e4tiges Vortragsprogramm bereit. Am Samstag, den 01.September stellen ab 9 Uhr die Unternehmen ihre Produkte und Dienstleistungen vor.<!--more--><\/p>\n<p><strong>Namhafte Unternehmen referieren am Kongresstag<\/strong><\/p>\n<p>Unter dem Motto \u201eDurch IT Produktivit\u00e4t, Arbeitsprozesse und Datenschutz in klein- und mittelst\u00e4ndischen Unternehmen erh\u00f6hen&#8221; erm\u00f6glicht die fibit\u00c2\u00b407 ihren Besuchern sich aktuell und kompetent zu wichtigen Themen zu informieren, die nahezu jede Branche und Unternehmensgr\u00f6\u00dfe heutzutage betrifft. Zeit f\u00fcr Gespr\u00e4che und den Besuch der mehr als 30 Aussteller bietet sich den G\u00e4sten in den Kongresspausen. Eine exquisite Abendveranstaltung \u00fcber den D\u00e4chern der Barockstadt Fulda rundet das Kongressprogramm ab.<\/p>\n<p><strong>Ausgew\u00e4hlte Themen f\u00fcr klein- und mittelst\u00e4ndische Unternehmen<br \/>\n<\/strong><br \/>\nZeitsprung konnte f\u00fcr den IT-Kongress erfahrene, praxisnahe Referenten von namhaften Unternehmen gewinnen, wie z.B. der Firma SAGE mit dem Thema \u201eDer moderne Vertriebsassistent\u201c oder die Walldorfer SAP AG mit \u201eDie Zukunft des ERP-Systems\u201c. Die Teilnehmer erhalten wichtige Informationen, z. B. welche rechtliche Pflichten jeder Gesch\u00e4ftsf\u00fchrer bez\u00fcglich der Informationstechnologie im eigenen Unternehmen hat und wie er Haftungsrisiken minimieren kann. Das Highlight des Tages wird die spektakul\u00e4re Aktion des bekannten Hackers Mark Semmler sein, der live und hautnah den G\u00e4sten die &#8220;dunklen Seiten unserer vernetzten Welt&#8221; zeigen wird. Diese und noch weitere spannende Themen erwarten die Besucher beim fibit\u00c2\u00b407 IT-Kongress.<\/p>\n<p><strong>Minister Dr. Rhiel er\u00f6ffnet die IT-Messe<\/strong><\/p>\n<p>Am Samstag, den 01. September\u00c2\u00a0wird die fibit\u00c2\u00b407 IT-Messe vom hessischen Wirtschaftsminister Dr. Rhiel um 9.30 Uhr er\u00f6ffnet. Als Schirmherr der fibit\u00c2\u00b407 wird\u00c2\u00a0Rhiel nach seinem Gru\u00dfwort und einem Rundgang im anschlie\u00dfenden \u201efibit-talk\u201c aktuelle Themen der Informationstechnologie im Foyer diskutieren. Auf der fibit\u00c2\u00b407 IT-Messe steht die Vorstellung von aktuellen Dienstleistungen und neuen Produkten zahlreicher, \u00fcberwiegend regionaler IT-Unternehmen im Vordergrund.\u00c2\u00a0 Pr\u00e4sentiert werden Produkte und Dienstleistungen aus den Bereichen Software, Hardware, Internet, Netzwerk und Ausbildung &amp; Technologietransfer. fibit\u00c2\u00b407 &#8211; die IT-Anwendermesse f\u00fcr Dienstleistung, Handel, Handwerk, Industrie und Verwaltung.<\/p>\n<p><strong>Hochschule Fulda zeigt virtuelle Anprobe und Fu\u00dfball-Roboter<\/strong><br \/>\nDie Hochschule Fulda unterst\u00fctzt die Messe mit drei sehr interessanten Projekten aus dem Fachbereich Angewandte Informatik: Das Projekt \u201eInternet-Telefonie\u201c zeigt zum Thema VoIP (Voice-over-IP) Angriffe und Schutzma\u00dfnahmen auf. INTEXMA hei\u00dft das Projekt, welches uns zuk\u00fcnftig das Einkaufen erleichtern k\u00f6nnte\u00c2\u00a0&#8211; eine virtuelle Anprobe. Und die Unimatrix Robotik AG ist gleich mit mehreren Exponaten vertreten: Der humanoide Roboter KENDO, Modelle autonomer Stra\u00dfenkehrmaschinen und Gabelstapler sowie die Unimatrix-Fu\u00dfballroboter.<\/p>\n<p>Die Linux User Group Fulda zeigt, welche Angebote an kostenloser Software f\u00fcr Unternehmen zur Verf\u00fcgung stehen und was alles mit den Linux-basierenden Anwendungen m\u00f6glich ist. Das BIEG Hessen ber\u00e4t zum Thema elektronischer Gesch\u00e4ftsverkehr. W\u00e4hrend der Messe k\u00f6nnen die Besucher auch Produktpr\u00e4sentationen und Vortr\u00e4ge der ausstellenden Unternehmen besuchen.<\/p>\n<p>Der Veranstalter empfiehlt allen interessierten Messebesuchern ausreichend Zeit f\u00fcr die fibit\u00c2\u00b407 mitzubringen. \u00dcbrigens empfiehlt es sich an diesem Wochenende die ganze Familie mitzubringen, denn alternativ bietet sich der Besuch des traditionellen Stadt- und Weinfestes an. Weitere Infos zu den Ausstellern, dem Kongressprogramm sowie den<br \/>\nEintrittspreisen auf <a href=\"http:\/\/www.fibit.de\/\">www.fibit.de<\/a>.<\/p>\n","protected":false},"excerpt":{"rendered":"<div class=\"tmnf_excerpt\"><p>Termin. Der Verein Zeitsprung IT-Forum Fulda e.V. l\u00e4dt IT-Interessierte zur fibit\u00c2\u00b407 &#8211; Fuldaer IT-Kongress + IT-Messe &#8211; in das Kongresszentrum Esperanto ein. Die nunmehr\u00c2\u00a0f\u00fcnfte Tagesveranstaltung des Vereins findet erstmals unter Beteiligung von mehr als 30 Ausstellerunternehmen statt und hat ein Zwei-Tages-Konzept: Am Freitag, den 31. August\u00c2\u00a0h\u00e4lt der IT-Kongress von 9 bis 17 Uhr ein hochkar\u00e4tiges &hellip;<\/p>\n<\/div>","protected":false},"author":1,"featured_media":0,"comment_status":"closed","ping_status":"closed","sticky":false,"template":"","format":"standard","meta":{"footnotes":""},"categories":[1,53,37,48],"tags":[],"class_list":["post-4692","post","type-post","status-publish","format-standard","hentry","category-startseite","category-bildung","category-essen-und-trinken","category-forschung"],"_links":{"self":[{"href":"https:\/\/www.fuldaernachrichten.de\/index.php?rest_route=\/wp\/v2\/posts\/4692","targetHints":{"allow":["GET"]}}],"collection":[{"href":"https:\/\/www.fuldaernachrichten.de\/index.php?rest_route=\/wp\/v2\/posts"}],"about":[{"href":"https:\/\/www.fuldaernachrichten.de\/index.php?rest_route=\/wp\/v2\/types\/post"}],"author":[{"embeddable":true,"href":"https:\/\/www.fuldaernachrichten.de\/index.php?rest_route=\/wp\/v2\/users\/1"}],"replies":[{"embeddable":true,"href":"https:\/\/www.fuldaernachrichten.de\/index.php?rest_route=%2Fwp%2Fv2%2Fcomments&post=4692"}],"version-history":[{"count":0,"href":"https:\/\/www.fuldaernachrichten.de\/index.php?rest_route=\/wp\/v2\/posts\/4692\/revisions"}],"wp:attachment":[{"href":"https:\/\/www.fuldaernachrichten.de\/index.php?rest_route=%2Fwp%2Fv2%2Fmedia&parent=4692"}],"wp:term":[{"taxonomy":"category","embeddable":true,"href":"https:\/\/www.fuldaernachrichten.de\/index.php?rest_route=%2Fwp%2Fv2%2Fcategories&post=4692"},{"taxonomy":"post_tag","embeddable":true,"href":"https:\/\/www.fuldaernachrichten.de\/index.php?rest_route=%2Fwp%2Fv2%2Ftags&post=4692"}],"curies":[{"name":"wp","href":"https:\/\/api.w.org\/{rel}","templated":true}]}}