{"id":46854,"date":"2009-12-05T01:26:45","date_gmt":"2009-12-05T00:26:45","guid":{"rendered":"http:\/\/www.schoene-nachrichten.de\/?p=46854"},"modified":"2009-12-05T08:14:53","modified_gmt":"2009-12-05T07:14:53","slug":"video-von-der-einweihung-des-neuen-gebaeudes-des-fuldaer-business-clubs","status":"publish","type":"post","link":"https:\/\/www.fuldaernachrichten.de\/?p=46854","title":{"rendered":"Vision wurde Wirklichkeit &#8211; Dr. Samir Al-Hami er\u00f6ffnet Business Club-Geb\u00e4ude"},"content":{"rendered":"<p><a title=\"Foto und Video: Marzena Traber und Max Colin Heydenreich\" rel=\"lightbox[roadtrip]\" href=\"..\/wp-content\/uploads\/2009\/12\/091205_FBC_001.jpg\" target=\"_blank\"><img decoding=\"async\" src=\"..\/wp-content\/uploads\/2009\/12\/091205_FBC_001.jpg\" alt=\"091205_FBC_001.jpg\" width=\"560\" \/><\/a><\/p>\n<p><strong>Fulda. <\/strong>Der Fulda Business Club hat ein eigenes Clubgeb\u00e4ude. Nach neunmonatiger Bauzeit konnte Bauherr Dr. Samir Al-Hami gestern Abend das Clubhaus seiner Bestimmung \u00fcbergeben. Zwei Millionen Euro hat der Neurochirurg, der sich auf Erkrankungen der Wirbels\u00e4ule und des Nervensystems spezialisiert hat, in den Bau und die Innenausstattung investiert. Kein Wunder also, dass ein Wirbelk\u00f6rper Dr. Al-Hami und die Architekten inspirierte. Im Interview gibt der Mediziner einen Einblick in die Besonderheiten des Clubgeb\u00e4udes und die Vorhaben des Fulda Business Clubs.<\/p>\n<p><strong>Fotos und Video (108):<\/strong> Marzena Traber und Max Colin Heydenreich<\/p>\n<p><a href=\"http:\/\/www.schoene-nachrichten.de\/wp-content\/uploads\/2009\/12\/091205_FBC_000.jpg\"><img decoding=\"async\" class=\"alignnone size-thumbnail wp-image-46860\" title=\"Foto: Max Colin heydenreich\" src=\"http:\/\/www.schoene-nachrichten.de\/wp-content\/uploads\/2009\/12\/091205_FBC_000-265x175.jpg\" alt=\"Foto: Max Colin heydenreich\" width=\"265\" height=\"175\" srcset=\"https:\/\/www.fuldaernachrichten.de\/wp-content\/uploads\/2009\/12\/091205_FBC_000-265x175.jpg 265w, https:\/\/www.fuldaernachrichten.de\/wp-content\/uploads\/2009\/12\/091205_FBC_000.jpg 592w\" sizes=\"(max-width: 265px) 100vw, 265px\" \/><\/a> <a title=\"Foto und Video: Marzena Traber und Max Colin Heydenreich\" rel=\"lightbox[roadtrip]\" href=\"..\/wp-content\/uploads\/2009\/12\/091205_FBC_003.jpg\" target=\"_blank\"><img decoding=\"async\" src=\"..\/wp-content\/uploads\/2009\/12\/091205_FBC_003.thumbnail.jpg\" alt=\"091205_FBC_003.jpg\" width=\"265\" \/><\/a><!--more--><\/p>\n<p><strong>Sind Sie stolz auf Ihr neues Clubgeb\u00e4ude? <\/strong><\/p>\n<p>Dr. Al-Hami: \u201eNat\u00fcrlich bin ich stolz. Mit dem Geb\u00e4ude ist schlie\u00dflich meine Vision Wirklichkeit geworden. Ich wollte eine moderne, unverwechselbare Architektur mit einem ganz pers\u00f6nlichen Bezug und reizvollen innenarchitektonischen Details &#8211; ich denke, das ist zu 100 Prozent gelungen. Auch das Nutzungskonzept ist aus meiner Sicht stimmig. Wir haben drei Etagen mit insgesamt 650 Quadratmetern Nutzfl\u00e4che. Im Erdgeschoss gibt es einen kleinen Konferenzraum, in dem 20 Personen Platz finden. Au\u00dferdem haben wir im Erdgeschoss einen Wellnessbereich eingerichtet. Dort kann man sich bei Massagen oder Kosmetik entspannen. Im ersten Obergeschoss gibt es einen Konferenzraum f\u00fcr bis zu 80 Personen. Beide Konferenzr\u00e4ume sind mit modernster Technik ausgestattet. Im zweiten Obergeschoss befindet sich das Business Club Restaurant und ganz oben auf dem Dach eine Terrasse. Das Unternehmen R+S solutions AG hat das Bauprojekt als Generalunternehmer umgesetzt. F\u00fcr die Projekt- bzw. Bauleitung waren die Architekturb\u00fcros Swoboda aus Gro\u00dfenl\u00fcder sowie Alt und Poppel aus Eichenzell verantwortlich.\u201c<\/p>\n<p><a title=\"Foto und Video: Marzena Traber und Max Colin Heydenreich\" rel=\"lightbox[roadtrip]\" href=\"..\/wp-content\/uploads\/2009\/12\/091205_FBC_005.jpg\" target=\"_blank\"><img decoding=\"async\" src=\"..\/wp-content\/uploads\/2009\/12\/091205_FBC_005.thumbnail.jpg\" alt=\"091205_FBC_005.jpg\" width=\"265\" \/><\/a> <a title=\"Foto und Video: Marzena Traber und Max Colin Heydenreich\" rel=\"lightbox[roadtrip]\" href=\"http:\/\/www.schoene-nachrichten.de\/wp-content\/uploads\/2009\/12\/091205_FBC_004.jpg\" target=\"_blank\"><img decoding=\"async\" src=\"http:\/\/www.schoene-nachrichten.de\/wp-content\/uploads\/2009\/12\/091205_FBC_004.thumbnail.jpg\" alt=\"091205_FBC_004.jpg\" width=\"265\" \/><\/a><\/p>\n<p><a title=\"Foto und Video: Marzena Traber und Max Colin Heydenreich\" rel=\"lightbox[roadtrip]\" href=\"..\/wp-content\/uploads\/2009\/12\/091205_FBC_002.jpg\" target=\"_blank\"><img decoding=\"async\" src=\"..\/wp-content\/uploads\/2009\/12\/091205_FBC_002.thumbnail.jpg\" alt=\"091205_FBC_002.jpg\" width=\"265\" \/><\/a> <a title=\"Foto und Video: Marzena Traber und Max Colin Heydenreich\" rel=\"lightbox[roadtrip]\" href=\"http:\/\/www.schoene-nachrichten.de\/wp-content\/uploads\/2009\/12\/091205_FBC_006.jpg\" target=\"_blank\"><img decoding=\"async\" src=\"http:\/\/www.schoene-nachrichten.de\/wp-content\/uploads\/2009\/12\/091205_FBC_006.thumbnail.jpg\" alt=\"091205_FBC_006.jpg\" width=\"265\" \/><\/a><\/p>\n<p><strong>Wer kann das Clubgeb\u00e4ude nutzen?<\/strong><\/p>\n<p>Dr. Al-Hami: \u201eClubmitglieder k\u00f6nnen das Geb\u00e4ude in vielf\u00e4ltiger Weise f\u00fcr private und gesch\u00e4ftliche Anl\u00e4sse exklusiv nutzen. Das Restaurant des Business Clubs ist aber grunds\u00e4tzlich f\u00fcr jedermann t\u00e4glich von 17.00 bis 24.00 Uhr ge\u00f6ffnet. In den Sommermonaten wird auch die Dachterrasse f\u00fcr Restaurantbesucher ge\u00f6ffnet sein. Das Restaurant verf\u00fcgt \u00fcber 42 Sitzpl\u00e4tze und einen offenen Kamin. Das Ambiente ist auf jeden Fall einmalig, die Auswahl an Speisen breit gef\u00e4chert und die Preise sind fair.\u201c<\/p>\n<p><a title=\"Foto und Video: Marzena Traber und Max Colin Heydenreich\" rel=\"lightbox[roadtrip]\" href=\"http:\/\/www.schoene-nachrichten.de\/wp-content\/uploads\/2009\/12\/091205_FBC_007.jpg\" target=\"_blank\"><img decoding=\"async\" src=\"http:\/\/www.schoene-nachrichten.de\/wp-content\/uploads\/2009\/12\/091205_FBC_007.thumbnail.jpg\" alt=\"091205_FBC_007.jpg\" width=\"265\" \/><\/a> <a title=\"Foto und Video: Marzena Traber und Max Colin Heydenreich\" rel=\"lightbox[roadtrip]\" href=\"http:\/\/www.schoene-nachrichten.de\/wp-content\/uploads\/2009\/12\/091205_FBC_008.jpg\" target=\"_blank\"><img decoding=\"async\" src=\"http:\/\/www.schoene-nachrichten.de\/wp-content\/uploads\/2009\/12\/091205_FBC_008.thumbnail.jpg\" alt=\"091205_FBC_008.jpg\" width=\"265\" \/><\/a><\/p>\n<p><strong>Worum geht es eigentlich beim Fulda Business Club?<\/strong><\/p>\n<p>Dr. Al-Hami: \u201eDer Business Club ist ein Forum f\u00fcr Gesch\u00e4ftsleute aus ganz unterschiedlichen Branchen. Nachdem wir die Idee vom Business Club im Februar dieses Jahres vorgestellt und sich der zehnk\u00f6pfige Beirat konstituiert hatte, gab es einige hochkar\u00e4tige Vortragsveranstaltungen. Wir konnten so das Interesse zahlreicher Multiplikatoren aus Politik, Bildung und Wirtschaft wecken und namhafte Mitglieder gewinnen. Wir laden regelm\u00e4\u00dfig zu interessanten wirtschaftsspezifischen, politischen und kulturellen Veranstaltungen ein. Bei den Veranstaltungen, beim Dinner oder bei einem guten Wein kann man sich auf Augenh\u00f6he austauschen, Gesch\u00e4ftsm\u00f6glichkeiten ausloten und das Netzwerk kontinuierlich erweitern. Aus den pers\u00f6nlichen Kontakten ergeben sich nicht selten Anregungen f\u00fcr die t\u00e4gliche Arbeit, Kooperationen und neuen Ideen.\u201c<\/p>\n<p><a title=\"Foto und Video: Marzena Traber und Max Colin Heydenreich\" rel=\"lightbox[roadtrip]\" href=\"http:\/\/www.schoene-nachrichten.de\/wp-content\/uploads\/2009\/12\/091205_FBC_009.jpg\" target=\"_blank\"><img decoding=\"async\" src=\"http:\/\/www.schoene-nachrichten.de\/wp-content\/uploads\/2009\/12\/091205_FBC_009.thumbnail.jpg\" alt=\"091205_FBC_009.jpg\" width=\"265\" \/><\/a> <a title=\"Foto und Video: Marzena Traber und Max Colin Heydenreich\" rel=\"lightbox[roadtrip]\" href=\"..\/wp-content\/uploads\/2009\/12\/091205_FBC_092.jpg\" target=\"_blank\"><img decoding=\"async\" src=\"..\/wp-content\/uploads\/2009\/12\/091205_FBC_092.thumbnail.jpg\" alt=\"091205_FBC_092.jpg\" width=\"265\" \/><\/a><\/p>\n<p><strong>Welche Aktivit\u00e4ten plant der Business Club im kommenden Jahr? <\/strong><\/p>\n<p>Dr. Al-Hami: \u201eWir planen auch in 2010 interessante Vortr\u00e4ge und Kulturveranstaltungen. Wir wollen neue Mitglieder gewinnen und werden weiterhin unser Ziel verfolgen, die wirtschaftlichen Netzwerke in Osthessen zu festigen und weiter auszubauen.\u201c<\/p>\n<p><a title=\"Foto und Video: Marzena Traber und Max Colin Heydenreich\" rel=\"lightbox[roadtrip]\" href=\"..\/wp-content\/uploads\/2009\/12\/091205_FBC_092.jpg\" target=\"_blank\"><\/a> <a title=\"Foto und Video: Marzena Traber und Max Colin Heydenreich\" rel=\"lightbox[roadtrip]\" href=\"http:\/\/www.schoene-nachrichten.de\/wp-content\/uploads\/2009\/12\/091205_FBC_010.jpg\" target=\"_blank\"><img decoding=\"async\" src=\"http:\/\/www.schoene-nachrichten.de\/wp-content\/uploads\/2009\/12\/091205_FBC_010.thumbnail.jpg\" alt=\"091205_FBC_010.jpg\" width=\"265\" \/><\/a> <a title=\"Foto und Video: Marzena Traber und Max Colin Heydenreich\" rel=\"lightbox[roadtrip]\" href=\"..\/wp-content\/uploads\/2009\/12\/091205_FBC_091.jpg\" target=\"_blank\"><img decoding=\"async\" src=\"..\/wp-content\/uploads\/2009\/12\/091205_FBC_091.thumbnail.jpg\" alt=\"091205_FBC_091.jpg\" width=\"265\" \/><\/a><\/p>\n<p><a title=\"Foto und Video: Marzena Traber und Max Colin Heydenreich\" rel=\"lightbox[roadtrip]\" href=\"http:\/\/www.schoene-nachrichten.de\/wp-content\/uploads\/2009\/12\/091205_FBC_011.jpg\" target=\"_blank\"><img decoding=\"async\" src=\"http:\/\/www.schoene-nachrichten.de\/wp-content\/uploads\/2009\/12\/091205_FBC_011.thumbnail.jpg\" alt=\"091205_FBC_011.jpg\" width=\"265\" \/><\/a> <a title=\"Foto und Video: Marzena Traber und Max Colin Heydenreich\" rel=\"lightbox[roadtrip]\" href=\"http:\/\/www.schoene-nachrichten.de\/wp-content\/uploads\/2009\/12\/091205_FBC_012.jpg\" target=\"_blank\"><img decoding=\"async\" src=\"http:\/\/www.schoene-nachrichten.de\/wp-content\/uploads\/2009\/12\/091205_FBC_012.thumbnail.jpg\" alt=\"091205_FBC_012.jpg\" width=\"265\" \/><\/a><\/p>\n<p><a title=\"Foto und Video: Marzena Traber und Max Colin Heydenreich\" rel=\"lightbox[roadtrip]\" href=\"http:\/\/www.schoene-nachrichten.de\/wp-content\/uploads\/2009\/12\/091205_FBC_013.jpg\" target=\"_blank\"><img decoding=\"async\" src=\"http:\/\/www.schoene-nachrichten.de\/wp-content\/uploads\/2009\/12\/091205_FBC_013.thumbnail.jpg\" alt=\"091205_FBC_013.jpg\" width=\"265\" \/><\/a> <a title=\"Foto und Video: Marzena Traber und Max Colin Heydenreich\" rel=\"lightbox[roadtrip]\" href=\"http:\/\/www.schoene-nachrichten.de\/wp-content\/uploads\/2009\/12\/091205_FBC_014.jpg\" target=\"_blank\"><img decoding=\"async\" src=\"http:\/\/www.schoene-nachrichten.de\/wp-content\/uploads\/2009\/12\/091205_FBC_014.thumbnail.jpg\" alt=\"091205_FBC_014.jpg\" width=\"265\" \/><\/a><\/p>\n<p><a title=\"Foto und Video: Marzena Traber und Max Colin Heydenreich\" rel=\"lightbox[roadtrip]\" href=\"http:\/\/www.schoene-nachrichten.de\/wp-content\/uploads\/2009\/12\/091205_FBC_015.jpg\" target=\"_blank\"><img decoding=\"async\" src=\"http:\/\/www.schoene-nachrichten.de\/wp-content\/uploads\/2009\/12\/091205_FBC_015.thumbnail.jpg\" alt=\"091205_FBC_015.jpg\" width=\"265\" \/><\/a> <a title=\"Foto und Video: Marzena Traber und Max Colin Heydenreich\" rel=\"lightbox[roadtrip]\" href=\"http:\/\/www.schoene-nachrichten.de\/wp-content\/uploads\/2009\/12\/091205_FBC_016.jpg\" target=\"_blank\"><img decoding=\"async\" src=\"http:\/\/www.schoene-nachrichten.de\/wp-content\/uploads\/2009\/12\/091205_FBC_016.thumbnail.jpg\" alt=\"091205_FBC_016.jpg\" width=\"265\" \/><\/a><\/p>\n<p><a title=\"Foto und Video: Marzena Traber und Max Colin Heydenreich\" rel=\"lightbox[roadtrip]\" href=\"http:\/\/www.schoene-nachrichten.de\/wp-content\/uploads\/2009\/12\/091205_FBC_017.jpg\" target=\"_blank\"><img decoding=\"async\" src=\"http:\/\/www.schoene-nachrichten.de\/wp-content\/uploads\/2009\/12\/091205_FBC_017.thumbnail.jpg\" alt=\"091205_FBC_017.jpg\" width=\"265\" \/><\/a> <a title=\"Foto und Video: Marzena Traber und Max Colin Heydenreich\" rel=\"lightbox[roadtrip]\" href=\"http:\/\/www.schoene-nachrichten.de\/wp-content\/uploads\/2009\/12\/091205_FBC_018.jpg\" target=\"_blank\"><img decoding=\"async\" src=\"http:\/\/www.schoene-nachrichten.de\/wp-content\/uploads\/2009\/12\/091205_FBC_018.thumbnail.jpg\" alt=\"091205_FBC_018.jpg\" width=\"265\" \/><\/a><\/p>\n<p><a title=\"Foto und Video: Marzena Traber und Max Colin Heydenreich\" rel=\"lightbox[roadtrip]\" href=\"http:\/\/www.schoene-nachrichten.de\/wp-content\/uploads\/2009\/12\/091205_FBC_019.jpg\" target=\"_blank\"><img decoding=\"async\" src=\"http:\/\/www.schoene-nachrichten.de\/wp-content\/uploads\/2009\/12\/091205_FBC_019.thumbnail.jpg\" alt=\"091205_FBC_019.jpg\" width=\"265\" \/><\/a> <a title=\"Foto und Video: Marzena Traber und Max Colin Heydenreich\" rel=\"lightbox[roadtrip]\" href=\"http:\/\/www.schoene-nachrichten.de\/wp-content\/uploads\/2009\/12\/091205_FBC_020.jpg\" target=\"_blank\"><img decoding=\"async\" src=\"http:\/\/www.schoene-nachrichten.de\/wp-content\/uploads\/2009\/12\/091205_FBC_020.thumbnail.jpg\" alt=\"091205_FBC_020.jpg\" width=\"265\" \/><\/a><\/p>\n<p><a title=\"Foto und Video: Marzena Traber und Max Colin Heydenreich\" rel=\"lightbox[roadtrip]\" href=\"http:\/\/www.schoene-nachrichten.de\/wp-content\/uploads\/2009\/12\/091205_FBC_021.jpg\" target=\"_blank\"><img decoding=\"async\" src=\"http:\/\/www.schoene-nachrichten.de\/wp-content\/uploads\/2009\/12\/091205_FBC_021.thumbnail.jpg\" alt=\"091205_FBC_021.jpg\" width=\"265\" \/><\/a> <a title=\"Foto und Video: Marzena Traber und Max Colin Heydenreich\" rel=\"lightbox[roadtrip]\" href=\"http:\/\/www.schoene-nachrichten.de\/wp-content\/uploads\/2009\/12\/091205_FBC_022.jpg\" target=\"_blank\"><img decoding=\"async\" src=\"http:\/\/www.schoene-nachrichten.de\/wp-content\/uploads\/2009\/12\/091205_FBC_022.thumbnail.jpg\" alt=\"091205_FBC_022.jpg\" width=\"265\" \/><\/a><\/p>\n<p><a title=\"Foto und Video: Marzena Traber und Max Colin Heydenreich\" rel=\"lightbox[roadtrip]\" href=\"http:\/\/www.schoene-nachrichten.de\/wp-content\/uploads\/2009\/12\/091205_FBC_023.jpg\" target=\"_blank\"><img decoding=\"async\" src=\"http:\/\/www.schoene-nachrichten.de\/wp-content\/uploads\/2009\/12\/091205_FBC_023.thumbnail.jpg\" alt=\"091205_FBC_023.jpg\" width=\"265\" \/><\/a> <a title=\"Foto und Video: Marzena Traber und Max Colin Heydenreich\" rel=\"lightbox[roadtrip]\" href=\"http:\/\/www.schoene-nachrichten.de\/wp-content\/uploads\/2009\/12\/091205_FBC_024.jpg\" target=\"_blank\"><img decoding=\"async\" src=\"http:\/\/www.schoene-nachrichten.de\/wp-content\/uploads\/2009\/12\/091205_FBC_024.thumbnail.jpg\" alt=\"091205_FBC_024.jpg\" width=\"265\" \/><\/a><\/p>\n<p><a title=\"Foto und Video: Marzena Traber und Max Colin Heydenreich\" rel=\"lightbox[roadtrip]\" href=\"http:\/\/www.schoene-nachrichten.de\/wp-content\/uploads\/2009\/12\/091205_FBC_025.jpg\" target=\"_blank\"><img decoding=\"async\" src=\"http:\/\/www.schoene-nachrichten.de\/wp-content\/uploads\/2009\/12\/091205_FBC_025.thumbnail.jpg\" alt=\"091205_FBC_025.jpg\" width=\"265\" \/><\/a> <a title=\"Foto und Video: Marzena Traber und Max Colin Heydenreich\" rel=\"lightbox[roadtrip]\" href=\"http:\/\/www.schoene-nachrichten.de\/wp-content\/uploads\/2009\/12\/091205_FBC_026.jpg\" target=\"_blank\"><img decoding=\"async\" src=\"http:\/\/www.schoene-nachrichten.de\/wp-content\/uploads\/2009\/12\/091205_FBC_026.thumbnail.jpg\" alt=\"091205_FBC_026.jpg\" width=\"265\" \/><\/a><\/p>\n<p><a title=\"Foto und Video: Marzena Traber und Max Colin Heydenreich\" rel=\"lightbox[roadtrip]\" href=\"http:\/\/www.schoene-nachrichten.de\/wp-content\/uploads\/2009\/12\/091205_FBC_027.jpg\" target=\"_blank\"><img decoding=\"async\" src=\"http:\/\/www.schoene-nachrichten.de\/wp-content\/uploads\/2009\/12\/091205_FBC_027.thumbnail.jpg\" alt=\"091205_FBC_027.jpg\" width=\"265\" \/><\/a> <a title=\"Foto und Video: Marzena Traber und Max Colin Heydenreich\" rel=\"lightbox[roadtrip]\" href=\"http:\/\/www.schoene-nachrichten.de\/wp-content\/uploads\/2009\/12\/091205_FBC_028.jpg\" target=\"_blank\"><img decoding=\"async\" src=\"http:\/\/www.schoene-nachrichten.de\/wp-content\/uploads\/2009\/12\/091205_FBC_028.thumbnail.jpg\" alt=\"091205_FBC_028.jpg\" width=\"265\" \/><\/a><\/p>\n<p><a title=\"Foto und Video: Marzena Traber und Max Colin Heydenreich\" rel=\"lightbox[roadtrip]\" href=\"http:\/\/www.schoene-nachrichten.de\/wp-content\/uploads\/2009\/12\/091205_FBC_029.jpg\" target=\"_blank\"><img decoding=\"async\" src=\"http:\/\/www.schoene-nachrichten.de\/wp-content\/uploads\/2009\/12\/091205_FBC_029.thumbnail.jpg\" alt=\"091205_FBC_029.jpg\" width=\"265\" \/><\/a> <a title=\"Foto und Video: Marzena Traber und Max Colin Heydenreich\" rel=\"lightbox[roadtrip]\" href=\"http:\/\/www.schoene-nachrichten.de\/wp-content\/uploads\/2009\/12\/091205_FBC_030.jpg\" target=\"_blank\"><img decoding=\"async\" src=\"http:\/\/www.schoene-nachrichten.de\/wp-content\/uploads\/2009\/12\/091205_FBC_030.thumbnail.jpg\" alt=\"091205_FBC_030.jpg\" width=\"265\" \/><\/a><\/p>\n<p><a title=\"Foto und Video: Marzena Traber und Max Colin Heydenreich\" rel=\"lightbox[roadtrip]\" href=\"http:\/\/www.schoene-nachrichten.de\/wp-content\/uploads\/2009\/12\/091205_FBC_031.jpg\" target=\"_blank\"><img decoding=\"async\" src=\"http:\/\/www.schoene-nachrichten.de\/wp-content\/uploads\/2009\/12\/091205_FBC_031.thumbnail.jpg\" alt=\"091205_FBC_031.jpg\" width=\"265\" \/><\/a> <a title=\"Foto und Video: Marzena Traber und Max Colin Heydenreich\" rel=\"lightbox[roadtrip]\" href=\"http:\/\/www.schoene-nachrichten.de\/wp-content\/uploads\/2009\/12\/091205_FBC_032.jpg\" target=\"_blank\"><img decoding=\"async\" src=\"http:\/\/www.schoene-nachrichten.de\/wp-content\/uploads\/2009\/12\/091205_FBC_032.thumbnail.jpg\" alt=\"091205_FBC_032.jpg\" width=\"265\" \/><\/a><\/p>\n<p><a title=\"Foto und Video: Marzena Traber und Max Colin Heydenreich\" rel=\"lightbox[roadtrip]\" href=\"http:\/\/www.schoene-nachrichten.de\/wp-content\/uploads\/2009\/12\/091205_FBC_033.jpg\" target=\"_blank\"><img decoding=\"async\" src=\"http:\/\/www.schoene-nachrichten.de\/wp-content\/uploads\/2009\/12\/091205_FBC_033.thumbnail.jpg\" alt=\"091205_FBC_033.jpg\" width=\"265\" \/><\/a> <a title=\"Foto und Video: Marzena Traber und Max Colin Heydenreich\" rel=\"lightbox[roadtrip]\" href=\"http:\/\/www.schoene-nachrichten.de\/wp-content\/uploads\/2009\/12\/091205_FBC_034.jpg\" target=\"_blank\"><img decoding=\"async\" src=\"http:\/\/www.schoene-nachrichten.de\/wp-content\/uploads\/2009\/12\/091205_FBC_034.thumbnail.jpg\" alt=\"091205_FBC_034.jpg\" width=\"265\" \/><\/a><\/p>\n<p><a title=\"Foto und Video: Marzena Traber und Max Colin Heydenreich\" rel=\"lightbox[roadtrip]\" href=\"http:\/\/www.schoene-nachrichten.de\/wp-content\/uploads\/2009\/12\/091205_FBC_035.jpg\" target=\"_blank\"><img decoding=\"async\" src=\"http:\/\/www.schoene-nachrichten.de\/wp-content\/uploads\/2009\/12\/091205_FBC_035.thumbnail.jpg\" alt=\"091205_FBC_035.jpg\" width=\"265\" \/><\/a> <a title=\"Foto und Video: Marzena Traber und Max Colin Heydenreich\" rel=\"lightbox[roadtrip]\" href=\"http:\/\/www.schoene-nachrichten.de\/wp-content\/uploads\/2009\/12\/091205_FBC_036.jpg\" target=\"_blank\"><img decoding=\"async\" src=\"http:\/\/www.schoene-nachrichten.de\/wp-content\/uploads\/2009\/12\/091205_FBC_036.thumbnail.jpg\" alt=\"091205_FBC_036.jpg\" width=\"265\" \/><\/a><\/p>\n<p><a title=\"Foto und Video: Marzena Traber und Max Colin Heydenreich\" rel=\"lightbox[roadtrip]\" href=\"http:\/\/www.schoene-nachrichten.de\/wp-content\/uploads\/2009\/12\/091205_FBC_037.jpg\" target=\"_blank\"><img decoding=\"async\" src=\"http:\/\/www.schoene-nachrichten.de\/wp-content\/uploads\/2009\/12\/091205_FBC_037.thumbnail.jpg\" alt=\"091205_FBC_037.jpg\" width=\"265\" \/><\/a> <a title=\"Foto und Video: Marzena Traber und Max Colin Heydenreich\" rel=\"lightbox[roadtrip]\" href=\"http:\/\/www.schoene-nachrichten.de\/wp-content\/uploads\/2009\/12\/091205_FBC_038.jpg\" target=\"_blank\"><img decoding=\"async\" src=\"http:\/\/www.schoene-nachrichten.de\/wp-content\/uploads\/2009\/12\/091205_FBC_038.thumbnail.jpg\" alt=\"091205_FBC_038.jpg\" width=\"265\" \/><\/a><\/p>\n<p><a title=\"Foto und Video: Marzena Traber und Max Colin Heydenreich\" rel=\"lightbox[roadtrip]\" href=\"http:\/\/www.schoene-nachrichten.de\/wp-content\/uploads\/2009\/12\/091205_FBC_039.jpg\" target=\"_blank\"><img decoding=\"async\" src=\"http:\/\/www.schoene-nachrichten.de\/wp-content\/uploads\/2009\/12\/091205_FBC_039.thumbnail.jpg\" alt=\"091205_FBC_039.jpg\" width=\"265\" \/><\/a> <a title=\"Foto und Video: Marzena Traber und Max Colin Heydenreich\" rel=\"lightbox[roadtrip]\" href=\"http:\/\/www.schoene-nachrichten.de\/wp-content\/uploads\/2009\/12\/091205_FBC_040.jpg\" target=\"_blank\"><img decoding=\"async\" src=\"http:\/\/www.schoene-nachrichten.de\/wp-content\/uploads\/2009\/12\/091205_FBC_040.thumbnail.jpg\" alt=\"091205_FBC_040.jpg\" width=\"265\" \/><\/a><\/p>\n<p><a title=\"Foto und Video: Marzena Traber und Max Colin Heydenreich\" rel=\"lightbox[roadtrip]\" href=\"http:\/\/www.schoene-nachrichten.de\/wp-content\/uploads\/2009\/12\/091205_FBC_041.jpg\" target=\"_blank\"><img decoding=\"async\" src=\"http:\/\/www.schoene-nachrichten.de\/wp-content\/uploads\/2009\/12\/091205_FBC_041.thumbnail.jpg\" alt=\"091205_FBC_041.jpg\" width=\"265\" \/><\/a> <a title=\"Foto und Video: Marzena Traber und Max Colin Heydenreich\" rel=\"lightbox[roadtrip]\" href=\"http:\/\/www.schoene-nachrichten.de\/wp-content\/uploads\/2009\/12\/091205_FBC_042.jpg\" target=\"_blank\"><img decoding=\"async\" src=\"http:\/\/www.schoene-nachrichten.de\/wp-content\/uploads\/2009\/12\/091205_FBC_042.thumbnail.jpg\" alt=\"091205_FBC_042.jpg\" width=\"265\" \/><\/a><\/p>\n<p><a title=\"Foto und Video: Marzena Traber und Max Colin Heydenreich\" rel=\"lightbox[roadtrip]\" href=\"http:\/\/www.schoene-nachrichten.de\/wp-content\/uploads\/2009\/12\/091205_FBC_043.jpg\" target=\"_blank\"><img decoding=\"async\" src=\"http:\/\/www.schoene-nachrichten.de\/wp-content\/uploads\/2009\/12\/091205_FBC_043.thumbnail.jpg\" alt=\"091205_FBC_043.jpg\" width=\"265\" \/><\/a> <a title=\"Foto und Video: Marzena Traber und Max Colin Heydenreich\" rel=\"lightbox[roadtrip]\" href=\"http:\/\/www.schoene-nachrichten.de\/wp-content\/uploads\/2009\/12\/091205_FBC_044.jpg\" target=\"_blank\"><img decoding=\"async\" src=\"http:\/\/www.schoene-nachrichten.de\/wp-content\/uploads\/2009\/12\/091205_FBC_044.thumbnail.jpg\" alt=\"091205_FBC_044.jpg\" width=\"265\" \/><\/a><\/p>\n<p><a title=\"Foto und Video: Marzena Traber und Max Colin Heydenreich\" rel=\"lightbox[roadtrip]\" href=\"http:\/\/www.schoene-nachrichten.de\/wp-content\/uploads\/2009\/12\/091205_FBC_045.jpg\" target=\"_blank\"><img decoding=\"async\" src=\"http:\/\/www.schoene-nachrichten.de\/wp-content\/uploads\/2009\/12\/091205_FBC_045.thumbnail.jpg\" alt=\"091205_FBC_045.jpg\" width=\"265\" \/><\/a> <a title=\"Foto und Video: Marzena Traber und Max Colin Heydenreich\" rel=\"lightbox[roadtrip]\" href=\"http:\/\/www.schoene-nachrichten.de\/wp-content\/uploads\/2009\/12\/091205_FBC_046.jpg\" target=\"_blank\"><img decoding=\"async\" src=\"http:\/\/www.schoene-nachrichten.de\/wp-content\/uploads\/2009\/12\/091205_FBC_046.thumbnail.jpg\" alt=\"091205_FBC_046.jpg\" width=\"265\" \/><\/a><\/p>\n<p><a title=\"Foto und Video: Marzena Traber und Max Colin Heydenreich\" rel=\"lightbox[roadtrip]\" href=\"http:\/\/www.schoene-nachrichten.de\/wp-content\/uploads\/2009\/12\/091205_FBC_047.jpg\" target=\"_blank\"><img decoding=\"async\" src=\"http:\/\/www.schoene-nachrichten.de\/wp-content\/uploads\/2009\/12\/091205_FBC_047.thumbnail.jpg\" alt=\"091205_FBC_047.jpg\" width=\"265\" \/><\/a> <a title=\"Foto und Video: Marzena Traber und Max Colin Heydenreich\" rel=\"lightbox[roadtrip]\" href=\"http:\/\/www.schoene-nachrichten.de\/wp-content\/uploads\/2009\/12\/091205_FBC_048.jpg\" target=\"_blank\"><img decoding=\"async\" src=\"http:\/\/www.schoene-nachrichten.de\/wp-content\/uploads\/2009\/12\/091205_FBC_048.thumbnail.jpg\" alt=\"091205_FBC_048.jpg\" width=\"265\" \/><\/a><\/p>\n<p><a title=\"Foto und Video: Marzena Traber und Max Colin Heydenreich\" rel=\"lightbox[roadtrip]\" href=\"http:\/\/www.schoene-nachrichten.de\/wp-content\/uploads\/2009\/12\/091205_FBC_049.jpg\" target=\"_blank\"><img decoding=\"async\" src=\"http:\/\/www.schoene-nachrichten.de\/wp-content\/uploads\/2009\/12\/091205_FBC_049.thumbnail.jpg\" alt=\"091205_FBC_049.jpg\" width=\"265\" \/><\/a> <a title=\"Foto und Video: Marzena Traber und Max Colin Heydenreich\" rel=\"lightbox[roadtrip]\" href=\"http:\/\/www.schoene-nachrichten.de\/wp-content\/uploads\/2009\/12\/091205_FBC_050.jpg\" target=\"_blank\"><img decoding=\"async\" src=\"http:\/\/www.schoene-nachrichten.de\/wp-content\/uploads\/2009\/12\/091205_FBC_050.thumbnail.jpg\" alt=\"091205_FBC_050.jpg\" width=\"265\" \/><\/a><\/p>\n<p><a title=\"Foto und Video: Marzena Traber und Max Colin Heydenreich\" rel=\"lightbox[roadtrip]\" href=\"http:\/\/www.schoene-nachrichten.de\/wp-content\/uploads\/2009\/12\/091205_FBC_051.jpg\" target=\"_blank\"><img decoding=\"async\" src=\"http:\/\/www.schoene-nachrichten.de\/wp-content\/uploads\/2009\/12\/091205_FBC_051.thumbnail.jpg\" alt=\"091205_FBC_051.jpg\" width=\"265\" \/><\/a> <a title=\"Foto und Video: Marzena Traber und Max Colin Heydenreich\" rel=\"lightbox[roadtrip]\" href=\"http:\/\/www.schoene-nachrichten.de\/wp-content\/uploads\/2009\/12\/091205_FBC_052.jpg\" target=\"_blank\"><img decoding=\"async\" src=\"http:\/\/www.schoene-nachrichten.de\/wp-content\/uploads\/2009\/12\/091205_FBC_052.thumbnail.jpg\" alt=\"091205_FBC_052.jpg\" width=\"265\" \/><\/a><\/p>\n<p><a title=\"Foto und Video: Marzena Traber und Max Colin Heydenreich\" rel=\"lightbox[roadtrip]\" href=\"http:\/\/www.schoene-nachrichten.de\/wp-content\/uploads\/2009\/12\/091205_FBC_053.jpg\" target=\"_blank\"><img decoding=\"async\" src=\"http:\/\/www.schoene-nachrichten.de\/wp-content\/uploads\/2009\/12\/091205_FBC_053.thumbnail.jpg\" alt=\"091205_FBC_053.jpg\" width=\"265\" \/><\/a> <a title=\"Foto und Video: Marzena Traber und Max Colin Heydenreich\" rel=\"lightbox[roadtrip]\" href=\"http:\/\/www.schoene-nachrichten.de\/wp-content\/uploads\/2009\/12\/091205_FBC_054.jpg\" target=\"_blank\"><img decoding=\"async\" src=\"http:\/\/www.schoene-nachrichten.de\/wp-content\/uploads\/2009\/12\/091205_FBC_054.thumbnail.jpg\" alt=\"091205_FBC_054.jpg\" width=\"265\" \/><\/a><\/p>\n<p><a title=\"Foto und Video: Marzena Traber und Max Colin Heydenreich\" rel=\"lightbox[roadtrip]\" href=\"http:\/\/www.schoene-nachrichten.de\/wp-content\/uploads\/2009\/12\/091205_FBC_055.jpg\" target=\"_blank\"><img decoding=\"async\" src=\"http:\/\/www.schoene-nachrichten.de\/wp-content\/uploads\/2009\/12\/091205_FBC_055.thumbnail.jpg\" alt=\"091205_FBC_055.jpg\" width=\"265\" \/><\/a> <a title=\"Foto und Video: Marzena Traber und Max Colin Heydenreich\" rel=\"lightbox[roadtrip]\" href=\"http:\/\/www.schoene-nachrichten.de\/wp-content\/uploads\/2009\/12\/091205_FBC_056.jpg\" target=\"_blank\"><img decoding=\"async\" src=\"http:\/\/www.schoene-nachrichten.de\/wp-content\/uploads\/2009\/12\/091205_FBC_056.thumbnail.jpg\" alt=\"091205_FBC_056.jpg\" width=\"265\" \/><\/a><\/p>\n<p><a title=\"Foto und Video: Marzena Traber und Max Colin Heydenreich\" rel=\"lightbox[roadtrip]\" href=\"http:\/\/www.schoene-nachrichten.de\/wp-content\/uploads\/2009\/12\/091205_FBC_057.jpg\" target=\"_blank\"><img decoding=\"async\" src=\"http:\/\/www.schoene-nachrichten.de\/wp-content\/uploads\/2009\/12\/091205_FBC_057.thumbnail.jpg\" alt=\"091205_FBC_057.jpg\" width=\"265\" \/><\/a> <a title=\"Foto und Video: Marzena Traber und Max Colin Heydenreich\" rel=\"lightbox[roadtrip]\" href=\"http:\/\/www.schoene-nachrichten.de\/wp-content\/uploads\/2009\/12\/091205_FBC_058.jpg\" target=\"_blank\"><img decoding=\"async\" src=\"http:\/\/www.schoene-nachrichten.de\/wp-content\/uploads\/2009\/12\/091205_FBC_058.thumbnail.jpg\" alt=\"091205_FBC_058.jpg\" width=\"265\" \/><\/a><\/p>\n<p><a title=\"Foto und Video: Marzena Traber und Max Colin Heydenreich\" rel=\"lightbox[roadtrip]\" href=\"http:\/\/www.schoene-nachrichten.de\/wp-content\/uploads\/2009\/12\/091205_FBC_059.jpg\" target=\"_blank\"><img decoding=\"async\" src=\"http:\/\/www.schoene-nachrichten.de\/wp-content\/uploads\/2009\/12\/091205_FBC_059.thumbnail.jpg\" alt=\"091205_FBC_059.jpg\" width=\"265\" \/><\/a> <a title=\"Foto und Video: Marzena Traber und Max Colin Heydenreich\" rel=\"lightbox[roadtrip]\" href=\"http:\/\/www.schoene-nachrichten.de\/wp-content\/uploads\/2009\/12\/091205_FBC_060.jpg\" target=\"_blank\"><img decoding=\"async\" src=\"http:\/\/www.schoene-nachrichten.de\/wp-content\/uploads\/2009\/12\/091205_FBC_060.thumbnail.jpg\" alt=\"091205_FBC_060.jpg\" width=\"265\" \/><\/a><\/p>\n<p><a title=\"Foto und Video: Marzena Traber und Max Colin Heydenreich\" rel=\"lightbox[roadtrip]\" href=\"http:\/\/www.schoene-nachrichten.de\/wp-content\/uploads\/2009\/12\/091205_FBC_061.jpg\" target=\"_blank\"><img decoding=\"async\" src=\"http:\/\/www.schoene-nachrichten.de\/wp-content\/uploads\/2009\/12\/091205_FBC_061.thumbnail.jpg\" alt=\"091205_FBC_061.jpg\" width=\"265\" \/><\/a> <a title=\"Foto und Video: Marzena Traber und Max Colin Heydenreich\" rel=\"lightbox[roadtrip]\" href=\"http:\/\/www.schoene-nachrichten.de\/wp-content\/uploads\/2009\/12\/091205_FBC_062.jpg\" target=\"_blank\"><img decoding=\"async\" src=\"http:\/\/www.schoene-nachrichten.de\/wp-content\/uploads\/2009\/12\/091205_FBC_062.thumbnail.jpg\" alt=\"091205_FBC_062.jpg\" width=\"265\" \/><\/a><\/p>\n<p><a title=\"Foto und Video: Marzena Traber und Max Colin Heydenreich\" rel=\"lightbox[roadtrip]\" href=\"http:\/\/www.schoene-nachrichten.de\/wp-content\/uploads\/2009\/12\/091205_FBC_063.jpg\" target=\"_blank\"><img decoding=\"async\" src=\"http:\/\/www.schoene-nachrichten.de\/wp-content\/uploads\/2009\/12\/091205_FBC_063.thumbnail.jpg\" alt=\"091205_FBC_063.jpg\" width=\"265\" \/><\/a> <a title=\"Foto und Video: Marzena Traber und Max Colin Heydenreich\" rel=\"lightbox[roadtrip]\" href=\"http:\/\/www.schoene-nachrichten.de\/wp-content\/uploads\/2009\/12\/091205_FBC_064.jpg\" target=\"_blank\"><img decoding=\"async\" src=\"http:\/\/www.schoene-nachrichten.de\/wp-content\/uploads\/2009\/12\/091205_FBC_064.thumbnail.jpg\" alt=\"091205_FBC_064.jpg\" width=\"265\" \/><\/a><\/p>\n<p><a title=\"Foto und Video: Marzena Traber und Max Colin Heydenreich\" rel=\"lightbox[roadtrip]\" href=\"http:\/\/www.schoene-nachrichten.de\/wp-content\/uploads\/2009\/12\/091205_FBC_065.jpg\" target=\"_blank\"><img decoding=\"async\" src=\"http:\/\/www.schoene-nachrichten.de\/wp-content\/uploads\/2009\/12\/091205_FBC_065.thumbnail.jpg\" alt=\"091205_FBC_065.jpg\" width=\"265\" \/><\/a> <a title=\"Foto und Video: Marzena Traber und Max Colin Heydenreich\" rel=\"lightbox[roadtrip]\" href=\"http:\/\/www.schoene-nachrichten.de\/wp-content\/uploads\/2009\/12\/091205_FBC_066.jpg\" target=\"_blank\"><img decoding=\"async\" src=\"http:\/\/www.schoene-nachrichten.de\/wp-content\/uploads\/2009\/12\/091205_FBC_066.thumbnail.jpg\" alt=\"091205_FBC_066.jpg\" width=\"265\" \/><\/a><\/p>\n<p><a title=\"Foto und Video: Marzena Traber und Max Colin Heydenreich\" rel=\"lightbox[roadtrip]\" href=\"http:\/\/www.schoene-nachrichten.de\/wp-content\/uploads\/2009\/12\/091205_FBC_067.jpg\" target=\"_blank\"><img decoding=\"async\" src=\"http:\/\/www.schoene-nachrichten.de\/wp-content\/uploads\/2009\/12\/091205_FBC_067.thumbnail.jpg\" alt=\"091205_FBC_067.jpg\" width=\"265\" \/><\/a> <a title=\"Foto und Video: Marzena Traber und Max Colin Heydenreich\" rel=\"lightbox[roadtrip]\" href=\"http:\/\/www.schoene-nachrichten.de\/wp-content\/uploads\/2009\/12\/091205_FBC_068.jpg\" target=\"_blank\"><img decoding=\"async\" src=\"http:\/\/www.schoene-nachrichten.de\/wp-content\/uploads\/2009\/12\/091205_FBC_068.thumbnail.jpg\" alt=\"091205_FBC_068.jpg\" width=\"265\" \/><\/a><\/p>\n<p><a title=\"Foto und Video: Marzena Traber und Max Colin Heydenreich\" rel=\"lightbox[roadtrip]\" href=\"http:\/\/www.schoene-nachrichten.de\/wp-content\/uploads\/2009\/12\/091205_FBC_069.jpg\" target=\"_blank\"><img decoding=\"async\" src=\"http:\/\/www.schoene-nachrichten.de\/wp-content\/uploads\/2009\/12\/091205_FBC_069.thumbnail.jpg\" alt=\"091205_FBC_069.jpg\" width=\"265\" \/><\/a> <a title=\"Foto und Video: Marzena Traber und Max Colin Heydenreich\" rel=\"lightbox[roadtrip]\" href=\"http:\/\/www.schoene-nachrichten.de\/wp-content\/uploads\/2009\/12\/091205_FBC_070.jpg\" target=\"_blank\"><img decoding=\"async\" src=\"http:\/\/www.schoene-nachrichten.de\/wp-content\/uploads\/2009\/12\/091205_FBC_070.thumbnail.jpg\" alt=\"091205_FBC_070.jpg\" width=\"265\" \/><\/a><\/p>\n<p><a title=\"Foto und Video: Marzena Traber und Max Colin Heydenreich\" rel=\"lightbox[roadtrip]\" href=\"http:\/\/www.schoene-nachrichten.de\/wp-content\/uploads\/2009\/12\/091205_FBC_071.jpg\" target=\"_blank\"><img decoding=\"async\" src=\"http:\/\/www.schoene-nachrichten.de\/wp-content\/uploads\/2009\/12\/091205_FBC_071.thumbnail.jpg\" alt=\"091205_FBC_071.jpg\" width=\"265\" \/><\/a> <a title=\"Foto und Video: Marzena Traber und Max Colin Heydenreich\" rel=\"lightbox[roadtrip]\" href=\"http:\/\/www.schoene-nachrichten.de\/wp-content\/uploads\/2009\/12\/091205_FBC_072.jpg\" target=\"_blank\"><img decoding=\"async\" src=\"http:\/\/www.schoene-nachrichten.de\/wp-content\/uploads\/2009\/12\/091205_FBC_072.thumbnail.jpg\" alt=\"091205_FBC_072.jpg\" width=\"265\" \/><\/a><\/p>\n<p><a title=\"Foto und Video: Marzena Traber und Max Colin Heydenreich\" rel=\"lightbox[roadtrip]\" href=\"http:\/\/www.schoene-nachrichten.de\/wp-content\/uploads\/2009\/12\/091205_FBC_073.jpg\" target=\"_blank\"><img decoding=\"async\" src=\"http:\/\/www.schoene-nachrichten.de\/wp-content\/uploads\/2009\/12\/091205_FBC_073.thumbnail.jpg\" alt=\"091205_FBC_073.jpg\" width=\"265\" \/><\/a> <a title=\"Foto und Video: Marzena Traber und Max Colin Heydenreich\" rel=\"lightbox[roadtrip]\" href=\"http:\/\/www.schoene-nachrichten.de\/wp-content\/uploads\/2009\/12\/091205_FBC_074.jpg\" target=\"_blank\"><img decoding=\"async\" src=\"http:\/\/www.schoene-nachrichten.de\/wp-content\/uploads\/2009\/12\/091205_FBC_074.thumbnail.jpg\" alt=\"091205_FBC_074.jpg\" width=\"265\" \/><\/a><\/p>\n<p><a title=\"Foto und Video: Marzena Traber und Max Colin Heydenreich\" rel=\"lightbox[roadtrip]\" href=\"http:\/\/www.schoene-nachrichten.de\/wp-content\/uploads\/2009\/12\/091205_FBC_075.jpg\" target=\"_blank\"><img decoding=\"async\" src=\"http:\/\/www.schoene-nachrichten.de\/wp-content\/uploads\/2009\/12\/091205_FBC_075.thumbnail.jpg\" alt=\"091205_FBC_075.jpg\" width=\"265\" \/><\/a> <a title=\"Foto und Video: Marzena Traber und Max Colin Heydenreich\" rel=\"lightbox[roadtrip]\" href=\"http:\/\/www.schoene-nachrichten.de\/wp-content\/uploads\/2009\/12\/091205_FBC_076.jpg\" target=\"_blank\"><img decoding=\"async\" src=\"http:\/\/www.schoene-nachrichten.de\/wp-content\/uploads\/2009\/12\/091205_FBC_076.thumbnail.jpg\" alt=\"091205_FBC_076.jpg\" width=\"265\" \/><\/a><\/p>\n<p><a title=\"Foto und Video: Marzena Traber und Max Colin Heydenreich\" rel=\"lightbox[roadtrip]\" href=\"http:\/\/www.schoene-nachrichten.de\/wp-content\/uploads\/2009\/12\/091205_FBC_077.jpg\" target=\"_blank\"><img decoding=\"async\" src=\"http:\/\/www.schoene-nachrichten.de\/wp-content\/uploads\/2009\/12\/091205_FBC_077.thumbnail.jpg\" alt=\"091205_FBC_077.jpg\" width=\"265\" \/><\/a> <a title=\"Foto und Video: Marzena Traber und Max Colin Heydenreich\" rel=\"lightbox[roadtrip]\" href=\"http:\/\/www.schoene-nachrichten.de\/wp-content\/uploads\/2009\/12\/091205_FBC_078.jpg\" target=\"_blank\"><img decoding=\"async\" src=\"http:\/\/www.schoene-nachrichten.de\/wp-content\/uploads\/2009\/12\/091205_FBC_078.thumbnail.jpg\" alt=\"091205_FBC_078.jpg\" width=\"265\" \/><\/a><\/p>\n<p><a title=\"Foto und Video: Marzena Traber und Max Colin Heydenreich\" rel=\"lightbox[roadtrip]\" href=\"http:\/\/www.schoene-nachrichten.de\/wp-content\/uploads\/2009\/12\/091205_FBC_079.jpg\" target=\"_blank\"><img decoding=\"async\" src=\"http:\/\/www.schoene-nachrichten.de\/wp-content\/uploads\/2009\/12\/091205_FBC_079.thumbnail.jpg\" alt=\"091205_FBC_079.jpg\" width=\"265\" \/><\/a> <a title=\"Foto und Video: Marzena Traber und Max Colin Heydenreich\" rel=\"lightbox[roadtrip]\" href=\"http:\/\/www.schoene-nachrichten.de\/wp-content\/uploads\/2009\/12\/091205_FBC_080.jpg\" target=\"_blank\"><img decoding=\"async\" src=\"http:\/\/www.schoene-nachrichten.de\/wp-content\/uploads\/2009\/12\/091205_FBC_080.thumbnail.jpg\" alt=\"091205_FBC_080.jpg\" width=\"265\" \/><\/a><\/p>\n<p><a title=\"Foto und Video: Marzena Traber und Max Colin Heydenreich\" rel=\"lightbox[roadtrip]\" href=\"http:\/\/www.schoene-nachrichten.de\/wp-content\/uploads\/2009\/12\/091205_FBC_081.jpg\" target=\"_blank\"><img decoding=\"async\" src=\"http:\/\/www.schoene-nachrichten.de\/wp-content\/uploads\/2009\/12\/091205_FBC_081.thumbnail.jpg\" alt=\"091205_FBC_081.jpg\" width=\"265\" \/><\/a> <a title=\"Foto und Video: Marzena Traber und Max Colin Heydenreich\" rel=\"lightbox[roadtrip]\" href=\"http:\/\/www.schoene-nachrichten.de\/wp-content\/uploads\/2009\/12\/091205_FBC_082.jpg\" target=\"_blank\"><img decoding=\"async\" src=\"http:\/\/www.schoene-nachrichten.de\/wp-content\/uploads\/2009\/12\/091205_FBC_082.thumbnail.jpg\" alt=\"091205_FBC_082.jpg\" width=\"265\" \/><\/a><\/p>\n<p><a title=\"Foto und Video: Marzena Traber und Max Colin Heydenreich\" rel=\"lightbox[roadtrip]\" href=\"http:\/\/www.schoene-nachrichten.de\/wp-content\/uploads\/2009\/12\/091205_FBC_083.jpg\" target=\"_blank\"><img decoding=\"async\" src=\"http:\/\/www.schoene-nachrichten.de\/wp-content\/uploads\/2009\/12\/091205_FBC_083.thumbnail.jpg\" alt=\"091205_FBC_083.jpg\" width=\"265\" \/><\/a> <a title=\"Foto und Video: Marzena Traber und Max Colin Heydenreich\" rel=\"lightbox[roadtrip]\" href=\"http:\/\/www.schoene-nachrichten.de\/wp-content\/uploads\/2009\/12\/091205_FBC_084.jpg\" target=\"_blank\"><img decoding=\"async\" src=\"http:\/\/www.schoene-nachrichten.de\/wp-content\/uploads\/2009\/12\/091205_FBC_084.thumbnail.jpg\" alt=\"091205_FBC_084.jpg\" width=\"265\" \/><\/a><\/p>\n<p><a title=\"Foto und Video: Marzena Traber und Max Colin Heydenreich\" rel=\"lightbox[roadtrip]\" href=\"http:\/\/www.schoene-nachrichten.de\/wp-content\/uploads\/2009\/12\/091205_FBC_085.jpg\" target=\"_blank\"><img decoding=\"async\" src=\"http:\/\/www.schoene-nachrichten.de\/wp-content\/uploads\/2009\/12\/091205_FBC_085.thumbnail.jpg\" alt=\"091205_FBC_085.jpg\" width=\"265\" \/><\/a> <a title=\"Foto und Video: Marzena Traber und Max Colin Heydenreich\" rel=\"lightbox[roadtrip]\" href=\"http:\/\/www.schoene-nachrichten.de\/wp-content\/uploads\/2009\/12\/091205_FBC_086.jpg\" target=\"_blank\"><img decoding=\"async\" src=\"http:\/\/www.schoene-nachrichten.de\/wp-content\/uploads\/2009\/12\/091205_FBC_086.thumbnail.jpg\" alt=\"091205_FBC_086.jpg\" width=\"265\" \/><\/a><\/p>\n<p><a title=\"Foto und Video: Marzena Traber und Max Colin Heydenreich\" rel=\"lightbox[roadtrip]\" href=\"http:\/\/www.schoene-nachrichten.de\/wp-content\/uploads\/2009\/12\/091205_FBC_087.jpg\" target=\"_blank\"><img decoding=\"async\" src=\"http:\/\/www.schoene-nachrichten.de\/wp-content\/uploads\/2009\/12\/091205_FBC_087.thumbnail.jpg\" alt=\"091205_FBC_087.jpg\" width=\"265\" \/><\/a> <a title=\"Foto und Video: Marzena Traber und Max Colin Heydenreich\" rel=\"lightbox[roadtrip]\" href=\"http:\/\/www.schoene-nachrichten.de\/wp-content\/uploads\/2009\/12\/091205_FBC_088.jpg\" target=\"_blank\"><img decoding=\"async\" src=\"http:\/\/www.schoene-nachrichten.de\/wp-content\/uploads\/2009\/12\/091205_FBC_088.thumbnail.jpg\" alt=\"091205_FBC_088.jpg\" width=\"265\" \/><\/a><\/p>\n<p><a title=\"Foto und Video: Marzena Traber und Max Colin Heydenreich\" rel=\"lightbox[roadtrip]\" href=\"http:\/\/www.schoene-nachrichten.de\/wp-content\/uploads\/2009\/12\/091205_FBC_089.jpg\" target=\"_blank\"><img decoding=\"async\" src=\"http:\/\/www.schoene-nachrichten.de\/wp-content\/uploads\/2009\/12\/091205_FBC_089.thumbnail.jpg\" alt=\"091205_FBC_089.jpg\" width=\"265\" \/><\/a> <a title=\"Foto und Video: Marzena Traber und Max Colin Heydenreich\" rel=\"lightbox[roadtrip]\" href=\"http:\/\/www.schoene-nachrichten.de\/wp-content\/uploads\/2009\/12\/091205_FBC_090.jpg\" target=\"_blank\"><img decoding=\"async\" src=\"http:\/\/www.schoene-nachrichten.de\/wp-content\/uploads\/2009\/12\/091205_FBC_090.thumbnail.jpg\" alt=\"091205_FBC_090.jpg\" width=\"265\" \/><\/a><\/p>\n<p><a title=\"Foto und Video: Marzena Traber und Max Colin Heydenreich\" rel=\"lightbox[roadtrip]\" href=\"http:\/\/www.schoene-nachrichten.de\/wp-content\/uploads\/2009\/12\/091205_FBC_095.jpg\" target=\"_blank\"><img decoding=\"async\" src=\"http:\/\/www.schoene-nachrichten.de\/wp-content\/uploads\/2009\/12\/091205_FBC_095.thumbnail.jpg\" alt=\"091205_FBC_095.jpg\" width=\"265\" \/><\/a> <a title=\"Foto und Video: Marzena Traber und Max Colin Heydenreich\" rel=\"lightbox[roadtrip]\" href=\"http:\/\/www.schoene-nachrichten.de\/wp-content\/uploads\/2009\/12\/091205_FBC_096.jpg\" target=\"_blank\"><img decoding=\"async\" src=\"http:\/\/www.schoene-nachrichten.de\/wp-content\/uploads\/2009\/12\/091205_FBC_096.thumbnail.jpg\" alt=\"091205_FBC_096.jpg\" width=\"265\" \/><\/a><\/p>\n<p><a title=\"Foto und Video: Marzena Traber und Max Colin Heydenreich\" rel=\"lightbox[roadtrip]\" href=\"http:\/\/www.schoene-nachrichten.de\/wp-content\/uploads\/2009\/12\/091205_FBC_097.jpg\" target=\"_blank\"><img decoding=\"async\" src=\"http:\/\/www.schoene-nachrichten.de\/wp-content\/uploads\/2009\/12\/091205_FBC_097.thumbnail.jpg\" alt=\"091205_FBC_097.jpg\" width=\"265\" \/><\/a> <a title=\"Foto und Video: Marzena Traber und Max Colin Heydenreich\" rel=\"lightbox[roadtrip]\" href=\"http:\/\/www.schoene-nachrichten.de\/wp-content\/uploads\/2009\/12\/091205_FBC_098.jpg\" target=\"_blank\"><img decoding=\"async\" src=\"http:\/\/www.schoene-nachrichten.de\/wp-content\/uploads\/2009\/12\/091205_FBC_098.thumbnail.jpg\" alt=\"091205_FBC_098.jpg\" width=\"265\" \/><\/a><\/p>\n<p><a title=\"Foto und Video: Marzena Traber und Max Colin Heydenreich\" rel=\"lightbox[roadtrip]\" href=\"http:\/\/www.schoene-nachrichten.de\/wp-content\/uploads\/2009\/12\/091205_FBC_099.jpg\" target=\"_blank\"><img decoding=\"async\" src=\"http:\/\/www.schoene-nachrichten.de\/wp-content\/uploads\/2009\/12\/091205_FBC_099.thumbnail.jpg\" alt=\"091205_FBC_099.jpg\" width=\"265\" \/><\/a> <a title=\"Foto und Video: Marzena Traber und Max Colin Heydenreich\" rel=\"lightbox[roadtrip]\" href=\"http:\/\/www.schoene-nachrichten.de\/wp-content\/uploads\/2009\/12\/091205_FBC_100.jpg\" target=\"_blank\"><img decoding=\"async\" src=\"http:\/\/www.schoene-nachrichten.de\/wp-content\/uploads\/2009\/12\/091205_FBC_100.thumbnail.jpg\" alt=\"091205_FBC_100.jpg\" width=\"265\" \/><\/a><\/p>\n<p><a title=\"Foto und Video: Marzena Traber und Max Colin Heydenreich\" rel=\"lightbox[roadtrip]\" href=\"http:\/\/www.schoene-nachrichten.de\/wp-content\/uploads\/2009\/12\/091205_FBC_101.jpg\" target=\"_blank\"><img decoding=\"async\" src=\"http:\/\/www.schoene-nachrichten.de\/wp-content\/uploads\/2009\/12\/091205_FBC_101.thumbnail.jpg\" alt=\"091205_FBC_101.jpg\" width=\"265\" \/><\/a> <a title=\"Foto und Video: Marzena Traber und Max Colin Heydenreich\" rel=\"lightbox[roadtrip]\" href=\"http:\/\/www.schoene-nachrichten.de\/wp-content\/uploads\/2009\/12\/091205_FBC_102.jpg\" target=\"_blank\"><img decoding=\"async\" src=\"http:\/\/www.schoene-nachrichten.de\/wp-content\/uploads\/2009\/12\/091205_FBC_102.thumbnail.jpg\" alt=\"091205_FBC_102.jpg\" width=\"265\" \/><\/a><\/p>\n<p><a title=\"Foto und Video: Marzena Traber und Max Colin Heydenreich\" rel=\"lightbox[roadtrip]\" href=\"http:\/\/www.schoene-nachrichten.de\/wp-content\/uploads\/2009\/12\/091205_FBC_103.jpg\" target=\"_blank\"><img decoding=\"async\" src=\"http:\/\/www.schoene-nachrichten.de\/wp-content\/uploads\/2009\/12\/091205_FBC_103.thumbnail.jpg\" alt=\"091205_FBC_103.jpg\" width=\"265\" \/><\/a> <a title=\"Foto und Video: Marzena Traber und Max Colin Heydenreich\" rel=\"lightbox[roadtrip]\" href=\"http:\/\/www.schoene-nachrichten.de\/wp-content\/uploads\/2009\/12\/091205_FBC_104.jpg\" target=\"_blank\"><img decoding=\"async\" src=\"http:\/\/www.schoene-nachrichten.de\/wp-content\/uploads\/2009\/12\/091205_FBC_104.thumbnail.jpg\" alt=\"091205_FBC_104.jpg\" width=\"265\" \/><\/a><\/p>\n<p><a title=\"Foto und Video: Marzena Traber und Max Colin Heydenreich\" rel=\"lightbox[roadtrip]\" href=\"http:\/\/www.schoene-nachrichten.de\/wp-content\/uploads\/2009\/12\/091205_FBC_105.jpg\" target=\"_blank\"><img decoding=\"async\" src=\"http:\/\/www.schoene-nachrichten.de\/wp-content\/uploads\/2009\/12\/091205_FBC_105.thumbnail.jpg\" alt=\"091205_FBC_105.jpg\" width=\"265\" \/><\/a> <a title=\"Foto und Video: Marzena Traber und Max Colin Heydenreich\" rel=\"lightbox[roadtrip]\" href=\"http:\/\/www.schoene-nachrichten.de\/wp-content\/uploads\/2009\/12\/091205_FBC_106.jpg\" target=\"_blank\"><img decoding=\"async\" src=\"http:\/\/www.schoene-nachrichten.de\/wp-content\/uploads\/2009\/12\/091205_FBC_106.thumbnail.jpg\" alt=\"091205_FBC_106.jpg\" width=\"265\" \/><\/a><\/p>\n<p><a title=\"Foto und Video: Marzena Traber und Max Colin Heydenreich\" rel=\"lightbox[roadtrip]\" href=\"http:\/\/www.schoene-nachrichten.de\/wp-content\/uploads\/2009\/12\/091205_FBC_107.jpg\" target=\"_blank\"><img decoding=\"async\" src=\"http:\/\/www.schoene-nachrichten.de\/wp-content\/uploads\/2009\/12\/091205_FBC_107.thumbnail.jpg\" alt=\"091205_FBC_107.jpg\" width=\"265\" \/><\/a> <a title=\"Foto und Video: Marzena Traber und Max Colin Heydenreich\" rel=\"lightbox[roadtrip]\" href=\"http:\/\/www.schoene-nachrichten.de\/wp-content\/uploads\/2009\/12\/091205_FBC_108.jpg\" target=\"_blank\"><img decoding=\"async\" src=\"http:\/\/www.schoene-nachrichten.de\/wp-content\/uploads\/2009\/12\/091205_FBC_108.thumbnail.jpg\" alt=\"091205_FBC_108.jpg\" width=\"265\" \/><\/a><\/p>\n","protected":false},"excerpt":{"rendered":"<div class=\"tmnf_excerpt\"><p>Fulda. Der Fulda Business Club hat ein eigenes Clubgeb\u00e4ude. Nach neunmonatiger Bauzeit konnte Bauherr Dr. Samir Al-Hami gestern Abend das Clubhaus seiner Bestimmung \u00fcbergeben. Zwei Millionen Euro hat der Neurochirurg, der sich auf Erkrankungen der Wirbels\u00e4ule und des Nervensystems spezialisiert hat, in den Bau und die Innenausstattung investiert. Kein Wunder also, dass ein Wirbelk\u00f6rper Dr. &hellip;<\/p>\n<\/div>","protected":false},"author":1,"featured_media":0,"comment_status":"closed","ping_status":"closed","sticky":false,"template":"","format":"standard","meta":{"footnotes":""},"categories":[1,54,79,44,29,78],"tags":[],"class_list":["post-46854","post","type-post","status-publish","format-standard","hentry","category-startseite","category-bildergalerien","category-kino","category-kultur","category-politik","category-topthema"],"_links":{"self":[{"href":"https:\/\/www.fuldaernachrichten.de\/index.php?rest_route=\/wp\/v2\/posts\/46854","targetHints":{"allow":["GET"]}}],"collection":[{"href":"https:\/\/www.fuldaernachrichten.de\/index.php?rest_route=\/wp\/v2\/posts"}],"about":[{"href":"https:\/\/www.fuldaernachrichten.de\/index.php?rest_route=\/wp\/v2\/types\/post"}],"author":[{"embeddable":true,"href":"https:\/\/www.fuldaernachrichten.de\/index.php?rest_route=\/wp\/v2\/users\/1"}],"replies":[{"embeddable":true,"href":"https:\/\/www.fuldaernachrichten.de\/index.php?rest_route=%2Fwp%2Fv2%2Fcomments&post=46854"}],"version-history":[{"count":10,"href":"https:\/\/www.fuldaernachrichten.de\/index.php?rest_route=\/wp\/v2\/posts\/46854\/revisions"}],"predecessor-version":[{"id":46858,"href":"https:\/\/www.fuldaernachrichten.de\/index.php?rest_route=\/wp\/v2\/posts\/46854\/revisions\/46858"}],"wp:attachment":[{"href":"https:\/\/www.fuldaernachrichten.de\/index.php?rest_route=%2Fwp%2Fv2%2Fmedia&parent=46854"}],"wp:term":[{"taxonomy":"category","embeddable":true,"href":"https:\/\/www.fuldaernachrichten.de\/index.php?rest_route=%2Fwp%2Fv2%2Fcategories&post=46854"},{"taxonomy":"post_tag","embeddable":true,"href":"https:\/\/www.fuldaernachrichten.de\/index.php?rest_route=%2Fwp%2Fv2%2Ftags&post=46854"}],"curies":[{"name":"wp","href":"https:\/\/api.w.org\/{rel}","templated":true}]}}