{"id":4681,"date":"2007-08-15T00:15:36","date_gmt":"2007-08-14T22:15:36","guid":{"rendered":"http:\/\/www.schoene-nachrichten.de\/?p=4681"},"modified":"2007-08-15T00:15:47","modified_gmt":"2007-08-14T22:15:47","slug":"klinikum-fuehrt-neue-op-verfahren-in-der-schaedelbasischirurgie-ein","status":"publish","type":"post","link":"https:\/\/www.fuldaernachrichten.de\/?p=4681","title":{"rendered":"Klinikum f\u00fchrt neue OP-Verfahren in der Sch\u00e4delbasischirurgie ein"},"content":{"rendered":"<p><strong>Sch\u00f6nes aus Fulda.<\/strong> Am interdisziplin\u00e4ren Sch\u00e4delbasiszentrum des Klinikum Fulda wurden in den vergangenen Wochen\u00c2\u00a0in zwei Bereichen erfolgreich neue Operationsmethoden eingef\u00fchrt. Wie das Klinikum mitteilt, ist dem Team um Prof. Dr. Robert Behr und Prof. Dr. Konrad Schwager im Juni dieses Jahres erstmals die Entfernung eines Austikusneurinoms per Endoskop gelungen. <!--more--><\/p>\n<p>Ein Akustikusneurinom ist ein gutartiger Tumor, der am Gleichgewichtsnerv w\u00e4chst. Au\u00dferdem seien Tumoren der Hirnanhangdr\u00fcse, so genannte Hypophysenadenome, erstmals per Endoskop entfernt worden.<\/p>\n<p>Laut Klinikum wurde die endoskopische Entfernung dieser Tumoren bislang nur in zwei Zentren in Frankreich und den USA vorgenommen. Operiert wird \u00fcber beide Nasenl\u00f6cher. Vorteile dieser neuen Methode seien der kleinere Zugang und die bessere Sicht.<\/p>\n<p>Das Fuldaer Sch\u00e4delbasisteam erhofft sich von den neuen Verfahren noch g\u00fcnstigere Ergebnisse als mit der herk\u00f6mmlichen, mikroskopischen Technik sowie eine geringere Belastung und k\u00fcrzeren Krankenhausaufenthalt f\u00fcr den Patienten. Das Klinikum weist darauf hin, dass die OP per Endoskop nur bei kleineren Tumoren angewendet werden kann. Deshalb sei die Fr\u00fcherkennung besonders wichtig.<\/p>\n<p>Das interdisziplin\u00e4re Sch\u00e4delbasiszentrum am Klinikum Fulda wurde im Oktober letzten Jahres gegr\u00fcndet. Es vereint die Fachrichtungen Hals-Nasen-Ohrenheilkunde, Neurochirurgie, Mund-Kiefer- und Gesichtschirurgie, Neurologie, Neuroradiologie sowie Radioonkologie und Pathologie.<br \/>\n\u00c2\u00a0<\/p>\n","protected":false},"excerpt":{"rendered":"<div class=\"tmnf_excerpt\"><p>Sch\u00f6nes aus Fulda. Am interdisziplin\u00e4ren Sch\u00e4delbasiszentrum des Klinikum Fulda wurden in den vergangenen Wochen\u00c2\u00a0in zwei Bereichen erfolgreich neue Operationsmethoden eingef\u00fchrt. Wie das Klinikum mitteilt, ist dem Team um Prof. Dr. Robert Behr und Prof. Dr. Konrad Schwager im Juni dieses Jahres erstmals die Entfernung eines Austikusneurinoms per Endoskop gelungen.<\/p>\n<\/div>","protected":false},"author":1,"featured_media":0,"comment_status":"closed","ping_status":"closed","sticky":false,"template":"","format":"standard","meta":{"footnotes":""},"categories":[1,51],"tags":[],"class_list":["post-4681","post","type-post","status-publish","format-standard","hentry","category-startseite","category-medizin"],"_links":{"self":[{"href":"https:\/\/www.fuldaernachrichten.de\/index.php?rest_route=\/wp\/v2\/posts\/4681","targetHints":{"allow":["GET"]}}],"collection":[{"href":"https:\/\/www.fuldaernachrichten.de\/index.php?rest_route=\/wp\/v2\/posts"}],"about":[{"href":"https:\/\/www.fuldaernachrichten.de\/index.php?rest_route=\/wp\/v2\/types\/post"}],"author":[{"embeddable":true,"href":"https:\/\/www.fuldaernachrichten.de\/index.php?rest_route=\/wp\/v2\/users\/1"}],"replies":[{"embeddable":true,"href":"https:\/\/www.fuldaernachrichten.de\/index.php?rest_route=%2Fwp%2Fv2%2Fcomments&post=4681"}],"version-history":[{"count":0,"href":"https:\/\/www.fuldaernachrichten.de\/index.php?rest_route=\/wp\/v2\/posts\/4681\/revisions"}],"wp:attachment":[{"href":"https:\/\/www.fuldaernachrichten.de\/index.php?rest_route=%2Fwp%2Fv2%2Fmedia&parent=4681"}],"wp:term":[{"taxonomy":"category","embeddable":true,"href":"https:\/\/www.fuldaernachrichten.de\/index.php?rest_route=%2Fwp%2Fv2%2Fcategories&post=4681"},{"taxonomy":"post_tag","embeddable":true,"href":"https:\/\/www.fuldaernachrichten.de\/index.php?rest_route=%2Fwp%2Fv2%2Ftags&post=4681"}],"curies":[{"name":"wp","href":"https:\/\/api.w.org\/{rel}","templated":true}]}}