{"id":4679,"date":"2007-08-15T00:25:49","date_gmt":"2007-08-14T22:25:49","guid":{"rendered":"http:\/\/www.schoene-nachrichten.de\/?p=4679"},"modified":"2007-08-15T00:26:01","modified_gmt":"2007-08-14T22:26:01","slug":"vizepraesident-des-landtags-bei-der-internationalen-sommer-universitaet-isu","status":"publish","type":"post","link":"https:\/\/www.fuldaernachrichten.de\/?p=4679","title":{"rendered":"Vizepr\u00e4sident des Landtags bei der Internationalen Sommer Universit\u00e4t (ISU)"},"content":{"rendered":"<p><strong>Sch\u00f6nes aus Fulda.<\/strong> Lothar Quanz, Vizepr\u00e4sident des Hessischen Landtages, war begeistert von den Fragen der Studierenden. Ohne Scheu befragten sie ihn und die hessischen Landtagsabgeordneten aus der Region Ziegler Raschdorf (CDU), Sabine Waschke (SPD) und Dr. Norbert Herr, unter anderem zur politischen Situation in Hessen, zu internationalen Wirtschaftsbeziehungen und zu Studiengeb\u00fchren.<!--more--><\/p>\n<p>&#8220;Ich wollte mir pers\u00f6nlich ein Bild von der ISU verschaffen&#8221;, gab Quanz als Grund f\u00fcr seinen Besuch an. Die Hessische Internationale Sommeruniversit\u00e4t Fulda (ISU), die am vergangenen Wochenende zuende ging, ist ein vierw\u00f6chiges, durch das Hessische Ministerium f\u00fcr Wissenschaft und Kunst gef\u00f6rdertes Sommerprogramm.<\/p>\n<p>Vier Wochen besuchten 65 Studierende aus 23 L\u00e4ndern Fachkurse in Sozial- und Kulturwissenschaften, \u00f6ffentlicher Gesundheitsvorsorge und Marketing. Weiterhin standen Deutschkurse und Studienreisen nach Berlin, M\u00fcnchen und Wien auf dem intensiven Programm. Die Unterrichtssprachen waren Deutsch und Englisch. Der akademische Leiter des Programms war Prof. Dr. Peter Haller.<\/p>\n<p>Bei der Frage zu Studiengeb\u00fchren kamen die Politiker zu unterschiedlichen Bewertungen. Einig war man sich aber, dass Programme wie die ISU einen wichtigen Beitrag zur internationalen Verst\u00e4ndigung leisten und damit im Interesse des Landes Hessen liegen.<\/p>\n<p>Im anschlie\u00dfenden Gespr\u00e4ch mit dem Pr\u00e4sidium der Hochschule informierte der Pr\u00e4sident, Prof. Dr. Roland Schopf, die G\u00e4ste \u00fcber die aktuellen Entwicklungen an der Hochschule, insbesondere \u00fcber die neu geschaffenen Studieng\u00e4nge sowie die erforderlichen Bauvorhaben.<\/p>\n","protected":false},"excerpt":{"rendered":"<div class=\"tmnf_excerpt\"><p>Sch\u00f6nes aus Fulda. Lothar Quanz, Vizepr\u00e4sident des Hessischen Landtages, war begeistert von den Fragen der Studierenden. Ohne Scheu befragten sie ihn und die hessischen Landtagsabgeordneten aus der Region Ziegler Raschdorf (CDU), Sabine Waschke (SPD) und Dr. Norbert Herr, unter anderem zur politischen Situation in Hessen, zu internationalen Wirtschaftsbeziehungen und zu Studiengeb\u00fchren.<\/p>\n<\/div>","protected":false},"author":1,"featured_media":0,"comment_status":"closed","ping_status":"closed","sticky":false,"template":"","format":"standard","meta":{"footnotes":""},"categories":[1,53,29,48],"tags":[],"class_list":["post-4679","post","type-post","status-publish","format-standard","hentry","category-startseite","category-bildung","category-politik","category-forschung"],"_links":{"self":[{"href":"https:\/\/www.fuldaernachrichten.de\/index.php?rest_route=\/wp\/v2\/posts\/4679","targetHints":{"allow":["GET"]}}],"collection":[{"href":"https:\/\/www.fuldaernachrichten.de\/index.php?rest_route=\/wp\/v2\/posts"}],"about":[{"href":"https:\/\/www.fuldaernachrichten.de\/index.php?rest_route=\/wp\/v2\/types\/post"}],"author":[{"embeddable":true,"href":"https:\/\/www.fuldaernachrichten.de\/index.php?rest_route=\/wp\/v2\/users\/1"}],"replies":[{"embeddable":true,"href":"https:\/\/www.fuldaernachrichten.de\/index.php?rest_route=%2Fwp%2Fv2%2Fcomments&post=4679"}],"version-history":[{"count":0,"href":"https:\/\/www.fuldaernachrichten.de\/index.php?rest_route=\/wp\/v2\/posts\/4679\/revisions"}],"wp:attachment":[{"href":"https:\/\/www.fuldaernachrichten.de\/index.php?rest_route=%2Fwp%2Fv2%2Fmedia&parent=4679"}],"wp:term":[{"taxonomy":"category","embeddable":true,"href":"https:\/\/www.fuldaernachrichten.de\/index.php?rest_route=%2Fwp%2Fv2%2Fcategories&post=4679"},{"taxonomy":"post_tag","embeddable":true,"href":"https:\/\/www.fuldaernachrichten.de\/index.php?rest_route=%2Fwp%2Fv2%2Ftags&post=4679"}],"curies":[{"name":"wp","href":"https:\/\/api.w.org\/{rel}","templated":true}]}}