{"id":46756,"date":"2009-12-07T05:00:31","date_gmt":"2009-12-07T04:00:31","guid":{"rendered":"http:\/\/www.schoene-nachrichten.de\/?p=46756"},"modified":"2009-12-06T20:11:52","modified_gmt":"2009-12-06T19:11:52","slug":"bruder-karl-kocht-genial-kochbuch-aus-dem-huenfelder-oblatenkloster-erschienen","status":"publish","type":"post","link":"https:\/\/www.fuldaernachrichten.de\/?p=46756","title":{"rendered":"\u201eBruder Karl kocht genial\u201c -Kochbuch aus dem H\u00fcnfelder Oblatenkloster erschienen"},"content":{"rendered":"<p><strong><a href=\"http:\/\/www.schoene-nachrichten.de\/wp-content\/uploads\/2009\/12\/091204_Kochbuch.jpg\"><img fetchpriority=\"high\" decoding=\"async\" class=\"alignleft size-thumbnail wp-image-46758\" title=\"091204_Kochbuch\" src=\"http:\/\/www.schoene-nachrichten.de\/wp-content\/uploads\/2009\/12\/091204_Kochbuch-265x397.jpg\" alt=\"091204_Kochbuch\" width=\"265\" height=\"397\" srcset=\"https:\/\/www.fuldaernachrichten.de\/wp-content\/uploads\/2009\/12\/091204_Kochbuch-265x397.jpg 265w, https:\/\/www.fuldaernachrichten.de\/wp-content\/uploads\/2009\/12\/091204_Kochbuch.jpg 399w\" sizes=\"(max-width: 265px) 100vw, 265px\" \/><\/a>H\u00fcnfeld.<\/strong> Bruder Karl Thier OMI, K\u00fcchenchef des H\u00fcnfelder Bonifatiusklosters, gibt in einem feinen kleinen Kochbuch die Geheimnisse seiner Kochkunst preis. Das im Petersberger Verlag Via Nova erschienene Buch \u201eBruder Karl kocht genial \u2013 K\u00f6stliches aus der Klosterk\u00fcche\u201c spiegelt auf 168 reich bebilderten Seiten anhand ausgew\u00e4hlter Rezepte den gro\u00dfen Erfahrungsschatz des Meisterkochs wider, der seit 50 Jahren dem Oblatenorden angeh\u00f6rt und zahlreiche K\u00f6che in der Region ausgebildet hat.<\/p>\n<p>Die von ihm vorgestellten Gerichte umfassen b\u00fcrgerliche Kost ebenso wie vegetarische Speisen von der Suppe bis zum Dessert und sind fast alle einfach zuzubereiten. Neben wissenswerten Tips enth\u00e4lt das Buch auch interessante kleine Geschichten aus dem H\u00fcnfelder Klosterleben. (bpf)<\/p>\n","protected":false},"excerpt":{"rendered":"<div class=\"tmnf_excerpt\"><p>H\u00fcnfeld. Bruder Karl Thier OMI, K\u00fcchenchef des H\u00fcnfelder Bonifatiusklosters, gibt in einem feinen kleinen Kochbuch die Geheimnisse seiner Kochkunst preis. Das im Petersberger Verlag Via Nova erschienene Buch \u201eBruder Karl kocht genial \u2013 K\u00f6stliches aus der Klosterk\u00fcche\u201c spiegelt auf 168 reich bebilderten Seiten anhand ausgew\u00e4hlter Rezepte den gro\u00dfen Erfahrungsschatz des Meisterkochs wider, der seit 50 &hellip;<\/p>\n<\/div>","protected":false},"author":1,"featured_media":0,"comment_status":"closed","ping_status":"closed","sticky":false,"template":"","format":"standard","meta":{"footnotes":""},"categories":[1,37,44],"tags":[],"class_list":["post-46756","post","type-post","status-publish","format-standard","hentry","category-startseite","category-essen-und-trinken","category-kultur"],"_links":{"self":[{"href":"https:\/\/www.fuldaernachrichten.de\/index.php?rest_route=\/wp\/v2\/posts\/46756","targetHints":{"allow":["GET"]}}],"collection":[{"href":"https:\/\/www.fuldaernachrichten.de\/index.php?rest_route=\/wp\/v2\/posts"}],"about":[{"href":"https:\/\/www.fuldaernachrichten.de\/index.php?rest_route=\/wp\/v2\/types\/post"}],"author":[{"embeddable":true,"href":"https:\/\/www.fuldaernachrichten.de\/index.php?rest_route=\/wp\/v2\/users\/1"}],"replies":[{"embeddable":true,"href":"https:\/\/www.fuldaernachrichten.de\/index.php?rest_route=%2Fwp%2Fv2%2Fcomments&post=46756"}],"version-history":[{"count":3,"href":"https:\/\/www.fuldaernachrichten.de\/index.php?rest_route=\/wp\/v2\/posts\/46756\/revisions"}],"predecessor-version":[{"id":46898,"href":"https:\/\/www.fuldaernachrichten.de\/index.php?rest_route=\/wp\/v2\/posts\/46756\/revisions\/46898"}],"wp:attachment":[{"href":"https:\/\/www.fuldaernachrichten.de\/index.php?rest_route=%2Fwp%2Fv2%2Fmedia&parent=46756"}],"wp:term":[{"taxonomy":"category","embeddable":true,"href":"https:\/\/www.fuldaernachrichten.de\/index.php?rest_route=%2Fwp%2Fv2%2Fcategories&post=46756"},{"taxonomy":"post_tag","embeddable":true,"href":"https:\/\/www.fuldaernachrichten.de\/index.php?rest_route=%2Fwp%2Fv2%2Ftags&post=46756"}],"curies":[{"name":"wp","href":"https:\/\/api.w.org\/{rel}","templated":true}]}}