{"id":4672,"date":"2007-08-14T16:17:30","date_gmt":"2007-08-14T14:17:30","guid":{"rendered":"http:\/\/www.schoene-nachrichten.de\/?p=4672"},"modified":"2007-08-14T16:21:57","modified_gmt":"2007-08-14T14:21:57","slug":"92-millionen-euro-fuer-neues-frauen-mutter-kind-zentrum-am-klinikum","status":"publish","type":"post","link":"https:\/\/www.fuldaernachrichten.de\/?p=4672","title":{"rendered":"9,2 Millionen Euro f\u00fcr neues &#8220;Frauen-Mutter-Kind-Zentrum&#8221; am Klinikum"},"content":{"rendered":"<p><strong>Sch\u00f6nes aus Fulda.<\/strong> Die Hessische Sozialministerin Silke Lautenschl\u00e4ger \u00fcberbrachte dem Klinikum Fulda heute einen Bewilligungsbescheid in H\u00f6he von 9,2 Millionen Euro. Mit diesem Zuschuss unterst\u00fctzt das Land Hessen den Neubau eines Frauen-Mutter-Kind-Zentrums am Klinikum Fulda.<\/p>\n<p><strong>Fotos (21):<\/strong> Max Colin Heydenreich<\/p>\n<p><a rel=\"lightbox[roadtrip]\" target=\"_blank\" href=\"http:\/\/www.schoene-nachrichten.de\/wp-content\/uploads\/2007\/08\/070814_Klinikum_10.jpg\" title=\"Foto: Max Colin Heydenreich\"><img decoding=\"async\" width=\"128\" src=\"http:\/\/www.schoene-nachrichten.de\/wp-content\/uploads\/2007\/08\/070814_Klinikum_10.thumbnail.jpg\" alt=\"070814_Klinikum_10.jpg\" \/><\/a> <a rel=\"lightbox[roadtrip]\" target=\"_blank\" href=\"http:\/\/www.schoene-nachrichten.de\/wp-content\/uploads\/2007\/08\/070814_Klinikum_11.jpg\" title=\"Foto: Max Colin Heydenreich\"><img decoding=\"async\" width=\"128\" src=\"http:\/\/www.schoene-nachrichten.de\/wp-content\/uploads\/2007\/08\/070814_Klinikum_11.thumbnail.jpg\" alt=\"070814_Klinikum_11.jpg\" \/><\/a> <a rel=\"lightbox[roadtrip]\" target=\"_blank\" href=\"http:\/\/www.schoene-nachrichten.de\/wp-content\/uploads\/2007\/08\/070814_Klinikum_06.jpg\" title=\"Foto: Max Colin Heydenreich\"><img decoding=\"async\" width=\"128\" src=\"http:\/\/www.schoene-nachrichten.de\/wp-content\/uploads\/2007\/08\/070814_Klinikum_06.thumbnail.jpg\" alt=\"070814_Klinikum_06.jpg\" \/><\/a><\/p>\n<p><a rel=\"lightbox[roadtrip]\" target=\"_blank\" href=\"http:\/\/www.schoene-nachrichten.de\/wp-content\/uploads\/2007\/08\/070814_Klinikum_07.jpg\" title=\"Foto: Max Colin Heydenreich\"><img decoding=\"async\" width=\"128\" src=\"http:\/\/www.schoene-nachrichten.de\/wp-content\/uploads\/2007\/08\/070814_Klinikum_07.thumbnail.jpg\" alt=\"070814_Klinikum_07.jpg\" \/><\/a>\u00c2\u00a0<a rel=\"lightbox[roadtrip]\" target=\"_blank\" href=\"http:\/\/www.schoene-nachrichten.de\/wp-content\/uploads\/2007\/08\/070814_Klinikum_09.jpg\" title=\"Foto: Max Colin Heydenreich\"><img decoding=\"async\" width=\"128\" src=\"http:\/\/www.schoene-nachrichten.de\/wp-content\/uploads\/2007\/08\/070814_Klinikum_09.thumbnail.jpg\" alt=\"070814_Klinikum_09.jpg\" \/><\/a>\u00c2\u00a0<a rel=\"lightbox[roadtrip]\" target=\"_blank\" href=\"http:\/\/www.schoene-nachrichten.de\/wp-content\/uploads\/2007\/08\/070814_Klinikum_01.jpg\" title=\"Foto: Max Colin Heydenreich\"><img decoding=\"async\" width=\"128\" src=\"http:\/\/www.schoene-nachrichten.de\/wp-content\/uploads\/2007\/08\/070814_Klinikum_01.thumbnail.jpg\" alt=\"070814_Klinikum_01.jpg\" \/><\/a>\u00c2\u00a0<\/p>\n<p><!--more-->\u201eMit dem Bau eines Frauen-Mutter-Kind-Zentrums wird die Versorgung der Patienten in der Region nachhaltig verbessert\u201c sagte die Ministerin. Als erste Bauetappe ist ein Perinatalzentrum als Erweiterungsbau an die vorhandene Kinderklinik geplant. Im zuk\u00fcnftigen Perinatalzentrum sollen dann die bisher getrennten Funktionsstellen Neonatologie und Entbindung, Fr\u00fchgeborene, ITS, Pflege S\u00e4uglinge und Kinder sowie der gemeinsame klinische Arztdienst f\u00fcr die Frauen- und Kinderklinik zusammengefasst werden.<\/p>\n<p><a rel=\"lightbox[roadtrip]\" target=\"_blank\" href=\"http:\/\/www.schoene-nachrichten.de\/wp-content\/uploads\/2007\/08\/070814_Klinikum_19.jpg\" title=\"Foto: Max Colin Heydenreich\"><img decoding=\"async\" width=\"128\" src=\"http:\/\/www.schoene-nachrichten.de\/wp-content\/uploads\/2007\/08\/070814_Klinikum_19.thumbnail.jpg\" alt=\"070814_Klinikum_19.jpg\" \/><\/a>\u00c2\u00a0<a rel=\"lightbox[roadtrip]\" target=\"_blank\" href=\"http:\/\/www.schoene-nachrichten.de\/wp-content\/uploads\/2007\/08\/070814_Klinikum_21.jpg\" title=\"Foto: Max Colin Heydenreich\"><img decoding=\"async\" width=\"128\" src=\"http:\/\/www.schoene-nachrichten.de\/wp-content\/uploads\/2007\/08\/070814_Klinikum_21.thumbnail.jpg\" alt=\"070814_Klinikum_21.jpg\" \/><\/a>\u00c2\u00a0<a rel=\"lightbox[roadtrip]\" target=\"_blank\" href=\"http:\/\/www.schoene-nachrichten.de\/wp-content\/uploads\/2007\/08\/070814_Klinikum_20.jpg\" title=\"Foto: Max Colin Heydenreich\"><img decoding=\"async\" width=\"128\" src=\"http:\/\/www.schoene-nachrichten.de\/wp-content\/uploads\/2007\/08\/070814_Klinikum_20.thumbnail.jpg\" alt=\"070814_Klinikum_20.jpg\" \/><\/a><\/p>\n<p>Nach Fertigstellung und Umzug der Kinderklinik in das Perinatalzentrum soll als zweite Etappe die vorhandene Klinik durch Aufstockung und Umbau f\u00fcr die Pflege Gyn\u00e4kologie und Pflege W\u00f6chnerinnen umstrukturiert werden.<br \/>\nDurch die gew\u00e4hlte Nutzungsverteilung wird eine enge Verzahnung zwischen den beiden Kliniken erreicht, k\u00fcnftige optimale Funktionsabl\u00e4ufe erm\u00f6glicht und eine interdisziplin\u00e4re Behandlungsweise beg\u00fcnstigt. Insgesamt stehen 140 Betten im Mutter-Kind-Zentrum zur Verf\u00fcgung.<\/p>\n<p><a rel=\"lightbox[roadtrip]\" target=\"_blank\" href=\"http:\/\/www.schoene-nachrichten.de\/wp-content\/uploads\/2007\/08\/070814_Klinikum_12.jpg\" title=\"Foto: Max Colin Heydenreich\"><img decoding=\"async\" width=\"128\" src=\"http:\/\/www.schoene-nachrichten.de\/wp-content\/uploads\/2007\/08\/070814_Klinikum_12.thumbnail.jpg\" alt=\"070814_Klinikum_12.jpg\" \/><\/a>\u00c2\u00a0<a rel=\"lightbox[roadtrip]\" target=\"_blank\" href=\"http:\/\/www.schoene-nachrichten.de\/wp-content\/uploads\/2007\/08\/070814_Klinikum_05.jpg\" title=\"Foto: Max Colin Heydenreich\"><img decoding=\"async\" width=\"128\" src=\"http:\/\/www.schoene-nachrichten.de\/wp-content\/uploads\/2007\/08\/070814_Klinikum_05.thumbnail.jpg\" alt=\"070814_Klinikum_05.jpg\" \/><\/a> <a rel=\"lightbox[roadtrip]\" target=\"_blank\" href=\"http:\/\/www.schoene-nachrichten.de\/wp-content\/uploads\/2007\/08\/070814_Klinikum_08.jpg\" title=\"Foto: Max Colin Heydenreich\"><img decoding=\"async\" width=\"128\" src=\"http:\/\/www.schoene-nachrichten.de\/wp-content\/uploads\/2007\/08\/070814_Klinikum_08.thumbnail.jpg\" alt=\"070814_Klinikum_08.jpg\" \/><\/a><\/p>\n<p>Lautenschl\u00e4ger verwies darauf, dass durch den Neubau die Betriebsabl\u00e4ufe im Versorgungsalltag verbessert w\u00fcrden und die Klinik damit wirtschaftlicher arbeiten k\u00f6nne. \u201eLetztendlich profitieren von dem Neubau aber vor allem die Patientinnen und Patienten, sind sie es doch, denen der gewachsene Standard zugute kommt.\u201c<\/p>\n<p><a rel=\"lightbox[roadtrip]\" target=\"_blank\" href=\"http:\/\/www.schoene-nachrichten.de\/wp-content\/uploads\/2007\/08\/070814_Klinikum_02.jpg\" title=\"Foto: Max Colin Heydenreich\"><img decoding=\"async\" width=\"128\" src=\"http:\/\/www.schoene-nachrichten.de\/wp-content\/uploads\/2007\/08\/070814_Klinikum_02.thumbnail.jpg\" alt=\"070814_Klinikum_02.jpg\" \/><\/a> <a rel=\"lightbox[roadtrip]\" target=\"_blank\" href=\"http:\/\/www.schoene-nachrichten.de\/wp-content\/uploads\/2007\/08\/070814_Klinikum_03.jpg\" title=\"Foto: Max Colin Heydenreich\"><img decoding=\"async\" width=\"128\" src=\"http:\/\/www.schoene-nachrichten.de\/wp-content\/uploads\/2007\/08\/070814_Klinikum_03.thumbnail.jpg\" alt=\"070814_Klinikum_03.jpg\" \/><\/a>\u00c2\u00a0<a rel=\"lightbox[roadtrip]\" target=\"_blank\" href=\"http:\/\/www.schoene-nachrichten.de\/wp-content\/uploads\/2007\/08\/070814_Klinikum_04.jpg\" title=\"Foto: Max Colin Heydenreich\"><img decoding=\"async\" width=\"128\" src=\"http:\/\/www.schoene-nachrichten.de\/wp-content\/uploads\/2007\/08\/070814_Klinikum_04.thumbnail.jpg\" alt=\"070814_Klinikum_04.jpg\" \/><\/a>\u00c2\u00a0<\/p>\n<p>Mit dem Blick auf den Strukturwandel im Krankenhausbereich hin zum Dienstleistungssektor, sei es wichtig, dass sich die Kliniken \u201erechtzeitig auf die demographischen und medizinischen Entwicklungen einstellen.\u201c Der Kostendruck auf die Krankenh\u00e4user werde steigen und diese immer st\u00e4rker zum \u00f6konomischen Handeln zwingen. \u201eKrankenh\u00e4user m\u00fcssen sich deshalb zu medizinischen Dienstleistungszentren entwickeln und mit anderen Leistungsanbietern vernetzen\u201c, so Lautenschl\u00e4ger. Bei aller Hinwendung zur Wirtschaftlichkeit d\u00fcrfe allerdings nicht das Wohl der Patienten aus den Augen gelassen werden.<\/p>\n<p><a rel=\"lightbox[roadtrip]\" target=\"_blank\" href=\"http:\/\/www.schoene-nachrichten.de\/wp-content\/uploads\/2007\/08\/070814_Klinikum_13.jpg\" title=\"Foto: Max Colin Heydenreich\"><img decoding=\"async\" width=\"128\" src=\"http:\/\/www.schoene-nachrichten.de\/wp-content\/uploads\/2007\/08\/070814_Klinikum_13.thumbnail.jpg\" alt=\"070814_Klinikum_13.jpg\" \/><\/a> <a rel=\"lightbox[roadtrip]\" target=\"_blank\" href=\"http:\/\/www.schoene-nachrichten.de\/wp-content\/uploads\/2007\/08\/070814_Klinikum_14.jpg\" title=\"Foto: Max Colin Heydenreich\"><img decoding=\"async\" width=\"128\" src=\"http:\/\/www.schoene-nachrichten.de\/wp-content\/uploads\/2007\/08\/070814_Klinikum_14.thumbnail.jpg\" alt=\"070814_Klinikum_14.jpg\" \/><\/a> <a rel=\"lightbox[roadtrip]\" target=\"_blank\" href=\"http:\/\/www.schoene-nachrichten.de\/wp-content\/uploads\/2007\/08\/070814_Klinikum_15.jpg\" title=\"Foto: Max Colin Heydenreich\"><img decoding=\"async\" width=\"128\" src=\"http:\/\/www.schoene-nachrichten.de\/wp-content\/uploads\/2007\/08\/070814_Klinikum_15.thumbnail.jpg\" alt=\"070814_Klinikum_15.jpg\" \/><\/a><\/p>\n<p>&#8220;Das Klinikum Fulda ist als Krankenhaus der Maximalversorgung in der Region Osthessen unverzichtbar\u201c, erkl\u00e4rte die Sozialministerin. Umso wichtiger sei es, dass angesichts der Schwierigkeiten in den vergangenen Monaten verloren gegangenes Vertrauen wieder gewonnen werde.<\/p>\n<p><a rel=\"lightbox[roadtrip]\" target=\"_blank\" href=\"http:\/\/www.schoene-nachrichten.de\/wp-content\/uploads\/2007\/08\/070814_Klinikum_15.jpg\" title=\"Foto: Max Colin Heydenreich\"><\/a><\/p>\n<p><a rel=\"lightbox[roadtrip]\" target=\"_blank\" href=\"http:\/\/www.schoene-nachrichten.de\/wp-content\/uploads\/2007\/08\/070814_Klinikum_16.jpg\" title=\"Foto: Max Colin Heydenreich\"><img decoding=\"async\" width=\"128\" src=\"http:\/\/www.schoene-nachrichten.de\/wp-content\/uploads\/2007\/08\/070814_Klinikum_16.thumbnail.jpg\" alt=\"070814_Klinikum_16.jpg\" \/><\/a> <a rel=\"lightbox[roadtrip]\" target=\"_blank\" href=\"http:\/\/www.schoene-nachrichten.de\/wp-content\/uploads\/2007\/08\/070814_Klinikum_17.jpg\" title=\"Foto: Max Colin Heydenreich\"><img decoding=\"async\" width=\"128\" src=\"http:\/\/www.schoene-nachrichten.de\/wp-content\/uploads\/2007\/08\/070814_Klinikum_17.thumbnail.jpg\" alt=\"070814_Klinikum_17.jpg\" \/><\/a> <a rel=\"lightbox[roadtrip]\" target=\"_blank\" href=\"http:\/\/www.schoene-nachrichten.de\/wp-content\/uploads\/2007\/08\/070814_Klinikum_18.jpg\" title=\"Foto: Max Colin Heydenreich\"><img decoding=\"async\" width=\"128\" src=\"http:\/\/www.schoene-nachrichten.de\/wp-content\/uploads\/2007\/08\/070814_Klinikum_18.thumbnail.jpg\" alt=\"070814_Klinikum_18.jpg\" \/><\/a><\/p>\n<p>Die Stelle eines Krankenhaushygienikers sei als Teil einer Hygieneoffensive vom Klinikum Fulda jetzt neu geschaffen und ausgeschrieben worden. \u201eDas nehmen wir sehr positiv auf. Vorsicht und Gewissenhaftigkeit sind im Hinblick auf die Sicherheit von Patienten und Mitarbeitern das oberste Gebot und dabei muss es dauerhaft bleiben\u201c, so Lautenschl\u00e4ger.<\/p>\n","protected":false},"excerpt":{"rendered":"<div class=\"tmnf_excerpt\"><p>Sch\u00f6nes aus Fulda. Die Hessische Sozialministerin Silke Lautenschl\u00e4ger \u00fcberbrachte dem Klinikum Fulda heute einen Bewilligungsbescheid in H\u00f6he von 9,2 Millionen Euro. Mit diesem Zuschuss unterst\u00fctzt das Land Hessen den Neubau eines Frauen-Mutter-Kind-Zentrums am Klinikum Fulda. Fotos (21): Max Colin Heydenreich \u00c2\u00a0\u00c2\u00a0\u00c2\u00a0<\/p>\n<\/div>","protected":false},"author":1,"featured_media":0,"comment_status":"closed","ping_status":"closed","sticky":false,"template":"","format":"standard","meta":{"footnotes":""},"categories":[1,51,29],"tags":[],"class_list":["post-4672","post","type-post","status-publish","format-standard","hentry","category-startseite","category-medizin","category-politik"],"_links":{"self":[{"href":"https:\/\/www.fuldaernachrichten.de\/index.php?rest_route=\/wp\/v2\/posts\/4672","targetHints":{"allow":["GET"]}}],"collection":[{"href":"https:\/\/www.fuldaernachrichten.de\/index.php?rest_route=\/wp\/v2\/posts"}],"about":[{"href":"https:\/\/www.fuldaernachrichten.de\/index.php?rest_route=\/wp\/v2\/types\/post"}],"author":[{"embeddable":true,"href":"https:\/\/www.fuldaernachrichten.de\/index.php?rest_route=\/wp\/v2\/users\/1"}],"replies":[{"embeddable":true,"href":"https:\/\/www.fuldaernachrichten.de\/index.php?rest_route=%2Fwp%2Fv2%2Fcomments&post=4672"}],"version-history":[{"count":0,"href":"https:\/\/www.fuldaernachrichten.de\/index.php?rest_route=\/wp\/v2\/posts\/4672\/revisions"}],"wp:attachment":[{"href":"https:\/\/www.fuldaernachrichten.de\/index.php?rest_route=%2Fwp%2Fv2%2Fmedia&parent=4672"}],"wp:term":[{"taxonomy":"category","embeddable":true,"href":"https:\/\/www.fuldaernachrichten.de\/index.php?rest_route=%2Fwp%2Fv2%2Fcategories&post=4672"},{"taxonomy":"post_tag","embeddable":true,"href":"https:\/\/www.fuldaernachrichten.de\/index.php?rest_route=%2Fwp%2Fv2%2Ftags&post=4672"}],"curies":[{"name":"wp","href":"https:\/\/api.w.org\/{rel}","templated":true}]}}