{"id":46426,"date":"2009-12-03T20:32:44","date_gmt":"2009-12-03T19:32:44","guid":{"rendered":"http:\/\/www.schoene-nachrichten.de\/?p=46426"},"modified":"2009-12-07T09:21:13","modified_gmt":"2009-12-07T08:21:13","slug":"bildungsfruehstueck-fuer-wissenshungrige-informationen-ueber-ausbildung-von-inlingua-und-handelsschule-herrmann","status":"publish","type":"post","link":"https:\/\/www.fuldaernachrichten.de\/?p=46426","title":{"rendered":"\u201eBildungsfr\u00fchst\u00fcck f\u00fcr Wissenshungrige\u201c  &#8211; Informationen \u00fcber Ausbildung von inlingua und Handelsschule Herrmann"},"content":{"rendered":"<p><strong><a href=\"http:\/\/www.schoene-nachrichten.de\/wp-content\/uploads\/2009\/12\/091202_Bildungsfr\u00fchst\u00fcck.jpg\"><img decoding=\"async\" class=\"alignleft size-thumbnail wp-image-46428\" title=\"091202_Bildungsfr\u00fchst\u00fcck\" src=\"http:\/\/www.schoene-nachrichten.de\/wp-content\/uploads\/2009\/12\/091202_Bildungsfr\u00fchst\u00fcck-265x177.jpg\" alt=\"091202_Bildungsfr\u00fchst\u00fcck\" width=\"265\" height=\"177\" \/><\/a>Fulda. <\/strong>Zum n\u00e4chsten \u201eBildungsfr\u00fchst\u00fcck f\u00fcr Wissenshungrige\u201c laden die Private Handelsschule Herrmann, die Private Realschule Herrmann und die inlingua Sprachschule am Samstag, 5. Dezember 2009, ab 10 Uhr ins Seminarzentrum der Schule in Fulda, Rabanusstra\u00dfe 40-42, ein. Bei knusprigen Br\u00f6tchen, leckerer Marmelade, frischem Kaffee und anderen Fr\u00fchst\u00fccksk\u00f6stlichkeiten werden die verschiedenen Bildungsangebote vorgestellt.<!--more--><\/p>\n<p>Fachlehrer und Dozenten sind beim Bildungsfr\u00fchst\u00fcck vertreten und beraten im jeweiligen Themengebiet. Seit Herbst vorletzten Jahres ist im Bildungsunternehmen Dr. Lothar Jordan die Internationale Berufsakademie, Standort Fulda, angegliedert, die jungen Interessenten eine ideale Kombination aus Studium und Praxis \u2013 jetzt auch mit Auslandssemester in Durham &#8211; bietet. Lust auf Fremdsprachen? Dann ist vielleicht die Ausbildung zum Staatlich gepr\u00fcften kaufm\u00e4nnischen Assistenten mit der Fachrichtung Fremdsprachensekretariat genau das richtige Angebot der inlingua Sprachschule Fulda.<\/p>\n<p>Diese Ausbildung richtet sich an junge Menschen, die Lust auf Sprachen haben und sich sowohl sprachlich als auch kaufm\u00e4nnisch qualifizieren m\u00f6chten. Ein besonderes Angebot der inlingua Sprachschule Fulda ist auch die Ausbildung zum Staatlich gepr\u00fcften Europasekret\u00e4r mit der Option, ein verg\u00fctetes Auslandpraktikum in England, USA, Australien oder Spanien zu absolvieren.<\/p>\n<p>\u00dcberdies bietet die Fachoberschule, Schwerpunkt Gesundheit, Wirtschaftsinformatik sowie Wirtschaft und Verwaltung, attraktive Zukunftsperspektiven. Informieren k\u00f6nnen sich die Interessenten auch \u00fcber das Wirtschaftsgymnasium, ein neues Standbein des Bildungsunternehmens, sowie die geplante zweisprachige Grundschule.<\/p>\n<p>BU: Verschiedene Bildungsangebote werden bei knusprigen Br\u00f6tchen, leckerer Marmelade und frischem Kaffee vorgestellt.<\/p>\n","protected":false},"excerpt":{"rendered":"<div class=\"tmnf_excerpt\"><p>Fulda. Zum n\u00e4chsten \u201eBildungsfr\u00fchst\u00fcck f\u00fcr Wissenshungrige\u201c laden die Private Handelsschule Herrmann, die Private Realschule Herrmann und die inlingua Sprachschule am Samstag, 5. Dezember 2009, ab 10 Uhr ins Seminarzentrum der Schule in Fulda, Rabanusstra\u00dfe 40-42, ein. Bei knusprigen Br\u00f6tchen, leckerer Marmelade, frischem Kaffee und anderen Fr\u00fchst\u00fccksk\u00f6stlichkeiten werden die verschiedenen Bildungsangebote vorgestellt.<\/p>\n<\/div>","protected":false},"author":1,"featured_media":0,"comment_status":"closed","ping_status":"closed","sticky":false,"template":"","format":"standard","meta":{"footnotes":""},"categories":[1,37],"tags":[],"class_list":["post-46426","post","type-post","status-publish","format-standard","hentry","category-startseite","category-essen-und-trinken"],"_links":{"self":[{"href":"https:\/\/www.fuldaernachrichten.de\/index.php?rest_route=\/wp\/v2\/posts\/46426","targetHints":{"allow":["GET"]}}],"collection":[{"href":"https:\/\/www.fuldaernachrichten.de\/index.php?rest_route=\/wp\/v2\/posts"}],"about":[{"href":"https:\/\/www.fuldaernachrichten.de\/index.php?rest_route=\/wp\/v2\/types\/post"}],"author":[{"embeddable":true,"href":"https:\/\/www.fuldaernachrichten.de\/index.php?rest_route=\/wp\/v2\/users\/1"}],"replies":[{"embeddable":true,"href":"https:\/\/www.fuldaernachrichten.de\/index.php?rest_route=%2Fwp%2Fv2%2Fcomments&post=46426"}],"version-history":[{"count":4,"href":"https:\/\/www.fuldaernachrichten.de\/index.php?rest_route=\/wp\/v2\/posts\/46426\/revisions"}],"predecessor-version":[{"id":46940,"href":"https:\/\/www.fuldaernachrichten.de\/index.php?rest_route=\/wp\/v2\/posts\/46426\/revisions\/46940"}],"wp:attachment":[{"href":"https:\/\/www.fuldaernachrichten.de\/index.php?rest_route=%2Fwp%2Fv2%2Fmedia&parent=46426"}],"wp:term":[{"taxonomy":"category","embeddable":true,"href":"https:\/\/www.fuldaernachrichten.de\/index.php?rest_route=%2Fwp%2Fv2%2Fcategories&post=46426"},{"taxonomy":"post_tag","embeddable":true,"href":"https:\/\/www.fuldaernachrichten.de\/index.php?rest_route=%2Fwp%2Fv2%2Ftags&post=46426"}],"curies":[{"name":"wp","href":"https:\/\/api.w.org\/{rel}","templated":true}]}}