{"id":46357,"date":"2009-12-01T14:13:22","date_gmt":"2009-12-01T13:13:22","guid":{"rendered":"http:\/\/www.schoene-nachrichten.de\/?p=46357"},"modified":"2009-12-01T14:15:22","modified_gmt":"2009-12-01T13:15:22","slug":"neue-chefaerzte-offiziell-eingefuehrt-wortgottesdienst-und-feierstunde-im-hjk","status":"publish","type":"post","link":"https:\/\/www.fuldaernachrichten.de\/?p=46357","title":{"rendered":"Neue Chef\u00e4rzte offiziell eingef\u00fchrt \u2013 Wortgottesdienst und Feierstunde im HJK"},"content":{"rendered":"<p><a href=\"http:\/\/www.schoene-nachrichten.de\/wp-content\/uploads\/2009\/12\/091201_HJK_000.jpg\"><img fetchpriority=\"high\" decoding=\"async\" class=\"alignnone size-full wp-image-46413\" title=\"091201_HJK_000\" src=\"http:\/\/www.schoene-nachrichten.de\/wp-content\/uploads\/2009\/12\/091201_HJK_000.jpg\" alt=\"091201_HJK_000\" width=\"560\" height=\"230\" srcset=\"https:\/\/www.fuldaernachrichten.de\/wp-content\/uploads\/2009\/12\/091201_HJK_000.jpg 560w, https:\/\/www.fuldaernachrichten.de\/wp-content\/uploads\/2009\/12\/091201_HJK_000-265x108.jpg 265w\" sizes=\"(max-width: 560px) 100vw, 560px\" \/><\/a><\/p>\n<p><strong>Fulda. <\/strong>Chef\u00e4rzte am Herz-Jesu-Krankenhaus (HJK) sind beide bereits seit einigen Wochen. Offiziell in ihr Amt eingef\u00fchrt wurden sie am vergangenen Samstag: Dr. Alexander Dengler, Chefarzt der Abteilung Gyn\u00e4kologie und Geburtshilfe, und Dr. Andreas Fleischmann, Chefarzt der Abteilung Orthop\u00e4die, Unfallchirurgie und Sportmedizin. Mit einem \u00f6kumenischen Wortgottesdienst unter der Leitung von Pater Claudius\u00c2\u00a0Gro\u00df und Pfarrer\u00c2\u00a0Burkard Enners und einer anschlie\u00dfenden Feierstunde wurden die Mediziner im HJK willkommen gehei\u00dfen.<\/p>\n<p><strong>Fotos (43):<\/strong> Max Colin Heydenreich<\/p>\n<p><a title=\"Foto: Max Colin Heydenreich\" rel=\"lightbox[roadtrip]\" href=\"..\/wp-content\/uploads\/2009\/12\/091201_HJK_017.jpg\" target=\"_blank\"><img decoding=\"async\" src=\"..\/wp-content\/uploads\/2009\/12\/091201_HJK_017.thumbnail.jpg\" alt=\"091201_HJK_017.jpg\" width=\"265\" \/><\/a> <a title=\"Foto: Max Colin Heydenreich\" rel=\"lightbox[roadtrip]\" href=\"..\/wp-content\/uploads\/2009\/12\/091201_HJK_020.jpg\" target=\"_blank\"><img decoding=\"async\" src=\"..\/wp-content\/uploads\/2009\/12\/091201_HJK_020.thumbnail.jpg\" alt=\"091201_HJK_020.jpg\" width=\"265\" \/><\/a><\/p>\n<p><a title=\"Foto: Max Colin Heydenreich\" rel=\"lightbox[roadtrip]\" href=\"..\/wp-content\/uploads\/2009\/12\/091201_HJK_023.jpg\" target=\"_blank\"><img decoding=\"async\" src=\"..\/wp-content\/uploads\/2009\/12\/091201_HJK_023.thumbnail.jpg\" alt=\"091201_HJK_023.jpg\" width=\"265\" \/><\/a> <a title=\"Foto: Max Colin Heydenreich\" rel=\"lightbox[roadtrip]\" href=\"..\/wp-content\/uploads\/2009\/12\/091201_HJK_024.jpg\" target=\"_blank\"><img decoding=\"async\" src=\"..\/wp-content\/uploads\/2009\/12\/091201_HJK_024.thumbnail.jpg\" alt=\"091201_HJK_024.jpg\" width=\"265\" \/><\/a><\/p>\n<p><!--more--><\/p>\n<p>\u201eMit beiden Chef\u00e4rzten konnten wir Spezialisten mit gro\u00dfer fachlicher Erfahrung gewinnen, sagte Gesch\u00e4ftsf\u00fchrer Michal Sammet bei der Einf\u00fchrungsveranstaltung, zu der er \u00fcber 100 G\u00e4ste aus Medizin, Wirtschaft und Politik begr\u00fc\u00dfen konnte. \u201eBeide Abteilungen\u201c so Sammet, \u201esind wichtige S\u00e4ulen im medizinischen Leistungsangebot des Hauses. Wir freuen uns darauf, dass Sie als Chef\u00e4rzte fachliche Akzente setzen, die Abteilungen pr\u00e4gen und weiter wachsen lassen werden.\u201c Sammet dankte auch Dr. Wolfgang Ditzen, Chefarzt der Abteilung Gelenk- und Unfallchirurgie am St. Vinzenz Krankenhaus Hanau. Dr. Ditzen hatte von Mai 2008 bis zum Amtsantritt Dr. Fleischmanns Mitte September dieses Jahres sowohl die Chefarztfunktion in Hanau als auch am Herz-Jesu-Krankenhaus Fulda inne.<\/p>\n<p><a title=\"Foto: Max Colin Heydenreich\" rel=\"lightbox[roadtrip]\" href=\"http:\/\/www.schoene-nachrichten.de\/wp-content\/uploads\/2009\/12\/091201_HJK_007.jpg\" target=\"_blank\"><img decoding=\"async\" src=\"http:\/\/www.schoene-nachrichten.de\/wp-content\/uploads\/2009\/12\/091201_HJK_007.thumbnail.jpg\" alt=\"091201_HJK_007.jpg\" width=\"265\" \/><\/a> <a title=\"Foto: Max Colin Heydenreich\" rel=\"lightbox[roadtrip]\" href=\"http:\/\/www.schoene-nachrichten.de\/wp-content\/uploads\/2009\/12\/091201_HJK_008.jpg\" target=\"_blank\"><img decoding=\"async\" src=\"http:\/\/www.schoene-nachrichten.de\/wp-content\/uploads\/2009\/12\/091201_HJK_008.thumbnail.jpg\" alt=\"091201_HJK_008.jpg\" width=\"265\" \/><\/a><\/p>\n<p><a title=\"Foto: Max Colin Heydenreich\" rel=\"lightbox[roadtrip]\" href=\"http:\/\/www.schoene-nachrichten.de\/wp-content\/uploads\/2009\/12\/091201_HJK_009.jpg\" target=\"_blank\"><img decoding=\"async\" src=\"http:\/\/www.schoene-nachrichten.de\/wp-content\/uploads\/2009\/12\/091201_HJK_009.thumbnail.jpg\" alt=\"091201_HJK_009.jpg\" width=\"265\" \/><\/a> <a title=\"Foto: Max Colin Heydenreich\" rel=\"lightbox[roadtrip]\" href=\"http:\/\/www.schoene-nachrichten.de\/wp-content\/uploads\/2009\/12\/091201_HJK_010.jpg\" target=\"_blank\"><img decoding=\"async\" src=\"http:\/\/www.schoene-nachrichten.de\/wp-content\/uploads\/2009\/12\/091201_HJK_010.thumbnail.jpg\" alt=\"091201_HJK_010.jpg\" width=\"265\" \/><\/a><\/p>\n<p>In einer pers\u00f6nlichen Vorstellung gingen Dr. Alexander Dengler und Dr. Andreas Fleischmann auf ihre bisherigen Erfahrungen in der neuen Wirkungsst\u00e4tte und zuk\u00fcnftige Ziele ein. Der Dank der Chef\u00e4rzte galt deren Familien sowie den beruflichen F\u00f6rderern und Weggef\u00e4hrten.<\/p>\n<p>Dr. Peter Scheler, Chefarzt der Frauenklinik des St. Vincenz Krankenhauses Limburg, und Priv.-Doz. Dr. Alexander Beck, Chefarzt der Orthop\u00e4die, Unfall- und Wiederherstellungs-chirurgie des Krankenhauses Stiftung Juliusspital W\u00fcrzburg, gingen in ihren Laudationes auf den Werdegang sowie die fachlichen und menschlichen Qualit\u00e4ten der beiden \u00c4rzte ein.<\/p>\n<p><a title=\"Foto: Max Colin Heydenreich\" rel=\"lightbox[roadtrip]\" href=\"http:\/\/www.schoene-nachrichten.de\/wp-content\/uploads\/2009\/12\/091201_HJK_003.jpg\" target=\"_blank\"><img decoding=\"async\" src=\"http:\/\/www.schoene-nachrichten.de\/wp-content\/uploads\/2009\/12\/091201_HJK_003.thumbnail.jpg\" alt=\"091201_HJK_003.jpg\" width=\"265\" \/><\/a> <a title=\"Foto: Max Colin Heydenreich\" rel=\"lightbox[roadtrip]\" href=\"http:\/\/www.schoene-nachrichten.de\/wp-content\/uploads\/2009\/12\/091201_HJK_004.jpg\" target=\"_blank\"><img decoding=\"async\" src=\"http:\/\/www.schoene-nachrichten.de\/wp-content\/uploads\/2009\/12\/091201_HJK_004.thumbnail.jpg\" alt=\"091201_HJK_004.jpg\" width=\"265\" \/><\/a><\/p>\n<p><a title=\"Foto: Max Colin Heydenreich\" rel=\"lightbox[roadtrip]\" href=\"http:\/\/www.schoene-nachrichten.de\/wp-content\/uploads\/2009\/12\/091201_HJK_005.jpg\" target=\"_blank\"><img decoding=\"async\" src=\"http:\/\/www.schoene-nachrichten.de\/wp-content\/uploads\/2009\/12\/091201_HJK_005.thumbnail.jpg\" alt=\"091201_HJK_005.jpg\" width=\"265\" \/><\/a> <a title=\"Foto: Max Colin Heydenreich\" rel=\"lightbox[roadtrip]\" href=\"http:\/\/www.schoene-nachrichten.de\/wp-content\/uploads\/2009\/12\/091201_HJK_006.jpg\" target=\"_blank\"><img decoding=\"async\" src=\"http:\/\/www.schoene-nachrichten.de\/wp-content\/uploads\/2009\/12\/091201_HJK_006.thumbnail.jpg\" alt=\"091201_HJK_006.jpg\" width=\"265\" \/><\/a><\/p>\n<p>Dr. Alexander Dengler (40) begann nach dem Studium der Humanmedizin an der Heinrich-Heine-Universit\u00e4t in D\u00fcsseldorf seine \u00e4rztliche T\u00e4tigkeit in der Gyn\u00e4kologisch-Geburtshilflichen Abteilung des St. Vinzenz- und Elisabeth Hospitals in Mainz. Nach seiner Assistenzarztt\u00e4tigkeit in der Frauenklinik des Krankenhauses St. Josef in R\u00fcdesheim machte er seinen Facharzt f\u00fcr Gyn\u00e4kologie und Geburtshilfe. Anschlie\u00dfend arbeitete er erst als Funktionsoberarzt und sp\u00e4ter als Oberarzt an der Frauenklinik des St. Josefs-Hospitals Wiesbaden. Im Oktober 2006 wechselte Dr. Dengler an das Klinikum Offenbach. Dort war er Mai 2009 als Leitender Oberarzt der Frauenklinik t\u00e4tig. Dr. Dengler hat sich auf die Geburtshilfe und die Operative Gyn\u00e4kologie mit besonderer Ausrichtung auf Erkrankungen der Brust sowie auf Senkungs- und Harninkontinenzleiden spezialisiert. Dr. Peter Scheler charakterisierte seinen Kollegen Dr. Dengler als freundlichen, hilfsbereiten und zuverl\u00e4ssigen Menschen. Er sei zudem ein ausgezeichneter Operateur, der mit seinen F\u00e4higkeiten ein vielf\u00e4ltig operatives Spektrum abdecke.<\/p>\n<p><a title=\"Foto: Max Colin Heydenreich\" rel=\"lightbox[roadtrip]\" href=\"http:\/\/www.schoene-nachrichten.de\/wp-content\/uploads\/2009\/12\/091201_HJK_011.jpg\" target=\"_blank\"><img decoding=\"async\" src=\"http:\/\/www.schoene-nachrichten.de\/wp-content\/uploads\/2009\/12\/091201_HJK_011.thumbnail.jpg\" alt=\"091201_HJK_011.jpg\" width=\"265\" \/><\/a> <a title=\"Foto: Max Colin Heydenreich\" rel=\"lightbox[roadtrip]\" href=\"http:\/\/www.schoene-nachrichten.de\/wp-content\/uploads\/2009\/12\/091201_HJK_012.jpg\" target=\"_blank\"><img decoding=\"async\" src=\"http:\/\/www.schoene-nachrichten.de\/wp-content\/uploads\/2009\/12\/091201_HJK_012.thumbnail.jpg\" alt=\"091201_HJK_012.jpg\" width=\"265\" \/><\/a><\/p>\n<p><a title=\"Foto: Max Colin Heydenreich\" rel=\"lightbox[roadtrip]\" href=\"http:\/\/www.schoene-nachrichten.de\/wp-content\/uploads\/2009\/12\/091201_HJK_013.jpg\" target=\"_blank\"><img decoding=\"async\" src=\"http:\/\/www.schoene-nachrichten.de\/wp-content\/uploads\/2009\/12\/091201_HJK_013.thumbnail.jpg\" alt=\"091201_HJK_013.jpg\" width=\"265\" \/><\/a> <a title=\"Foto: Max Colin Heydenreich\" rel=\"lightbox[roadtrip]\" href=\"http:\/\/www.schoene-nachrichten.de\/wp-content\/uploads\/2009\/12\/091201_HJK_014.jpg\" target=\"_blank\"><img decoding=\"async\" src=\"http:\/\/www.schoene-nachrichten.de\/wp-content\/uploads\/2009\/12\/091201_HJK_014.thumbnail.jpg\" alt=\"091201_HJK_014.jpg\" width=\"265\" \/><\/a><\/p>\n<p>Dr. Andreas Fleischmann (42) war vor seinem Wechsel nach Fulda 13 Jahre lang am Juliusspital W\u00fcrzburg t\u00e4tig, zuletzt als Oberarzt der Abteilung Orthop\u00e4die, Unfallchirurgie und Wiederherstellungschirurgie. Schwerpunkte seiner klinischen Arbeit bilden neben der minimalinvasiven Implantation von Schulter- und H\u00fcftgelenken sowie navigierter Implantation von Kniegelenken insbesondere die Wechseloperationen bei Prothesenverschlei\u00df und Lockerung. Er widmet sich der minimalinvasiven Versorgung von Wirbelk\u00f6rperbr\u00fcchen, der schonenden operativen\u00c2\u00a0 Versorgung von Knochenbr\u00fcchen und Weichteilverletzungen jeden Alters und der korrigierenden Fu\u00dfchirurgie sowie der Versorgung von Sport-, Arbeits- und Schulunf\u00e4llen.<\/p>\n<p><a title=\"Foto: Max Colin Heydenreich\" rel=\"lightbox[roadtrip]\" href=\"http:\/\/www.schoene-nachrichten.de\/wp-content\/uploads\/2009\/12\/091201_HJK_021.jpg\" target=\"_blank\"><img decoding=\"async\" src=\"http:\/\/www.schoene-nachrichten.de\/wp-content\/uploads\/2009\/12\/091201_HJK_021.thumbnail.jpg\" alt=\"091201_HJK_021.jpg\" width=\"265\" \/><\/a> <a title=\"Foto: Max Colin Heydenreich\" rel=\"lightbox[roadtrip]\" href=\"http:\/\/www.schoene-nachrichten.de\/wp-content\/uploads\/2009\/12\/091201_HJK_022.jpg\" target=\"_blank\"><img decoding=\"async\" src=\"http:\/\/www.schoene-nachrichten.de\/wp-content\/uploads\/2009\/12\/091201_HJK_022.thumbnail.jpg\" alt=\"091201_HJK_022.jpg\" width=\"265\" \/><\/a><\/p>\n<p><a title=\"Foto: Max Colin Heydenreich\" rel=\"lightbox[roadtrip]\" href=\"http:\/\/www.schoene-nachrichten.de\/wp-content\/uploads\/2009\/12\/091201_HJK_025.jpg\" target=\"_blank\"><img decoding=\"async\" src=\"http:\/\/www.schoene-nachrichten.de\/wp-content\/uploads\/2009\/12\/091201_HJK_025.thumbnail.jpg\" alt=\"091201_HJK_025.jpg\" width=\"265\" \/><\/a> <a title=\"Foto: Max Colin Heydenreich\" rel=\"lightbox[roadtrip]\" href=\"http:\/\/www.schoene-nachrichten.de\/wp-content\/uploads\/2009\/12\/091201_HJK_026.jpg\" target=\"_blank\"><img decoding=\"async\" src=\"http:\/\/www.schoene-nachrichten.de\/wp-content\/uploads\/2009\/12\/091201_HJK_026.thumbnail.jpg\" alt=\"091201_HJK_026.jpg\" width=\"265\" \/><\/a><\/p>\n<p>Dr. Fleischmann wuchs in Fulda auf und studierte an der Julius-Maximilians-Universit\u00e4t in W\u00fcrzburg Medizin. 1996 erhielt er die Approbation und begann seine chirurgische Laufbahn am Juliusspital W\u00fcrzburg. 2001 schloss Dr. Fleischmann die Facharztausbildung ab und erwarb den Titel \u201eFacharzt f\u00fcr Chirurgie\u201c. Nach dem Erwerb der Schwerpunktbezeichnung \u201eUnfallchirurgie\u201c spezialisierte er sich weiter in den Bereichen Physikalische Therapie, Sportmedizin, Notfallmedizin und Gesundheits\u00f6konomie. Im Jahr 2007 beendete er seine Facharztausbildung zum Unfallchirurgen und Orthop\u00e4den. \u201eDr. Fleischmann verf\u00fcgt \u00fcber eine breite und fundierte medizinische Ausbildung, so Priv.-Doz. Dr. Alexander Beck in seiner Laudatio. \u201eT\u00fcchtigkeit, Klugheit, Flei\u00df und Beharrlichkeit zeichnen den neuen Chef der Abteilung Orthop\u00e4die, Unfallchirurgie und Sportmedizin aus.\u201c<\/p>\n<p><a title=\"Foto: Max Colin Heydenreich\" rel=\"lightbox[roadtrip]\" href=\"http:\/\/www.schoene-nachrichten.de\/wp-content\/uploads\/2009\/12\/091201_HJK_027.jpg\" target=\"_blank\"><img decoding=\"async\" src=\"http:\/\/www.schoene-nachrichten.de\/wp-content\/uploads\/2009\/12\/091201_HJK_027.thumbnail.jpg\" alt=\"091201_HJK_027.jpg\" width=\"265\" \/><\/a> <a title=\"Foto: Max Colin Heydenreich\" rel=\"lightbox[roadtrip]\" href=\"http:\/\/www.schoene-nachrichten.de\/wp-content\/uploads\/2009\/12\/091201_HJK_028.jpg\" target=\"_blank\"><img decoding=\"async\" src=\"http:\/\/www.schoene-nachrichten.de\/wp-content\/uploads\/2009\/12\/091201_HJK_028.thumbnail.jpg\" alt=\"091201_HJK_028.jpg\" width=\"265\" \/><\/a><\/p>\n<p><a title=\"Foto: Max Colin Heydenreich\" rel=\"lightbox[roadtrip]\" href=\"http:\/\/www.schoene-nachrichten.de\/wp-content\/uploads\/2009\/12\/091201_HJK_029.jpg\" target=\"_blank\"><img decoding=\"async\" src=\"http:\/\/www.schoene-nachrichten.de\/wp-content\/uploads\/2009\/12\/091201_HJK_029.thumbnail.jpg\" alt=\"091201_HJK_029.jpg\" width=\"265\" \/><\/a> <a title=\"Foto: Max Colin Heydenreich\" rel=\"lightbox[roadtrip]\" href=\"http:\/\/www.schoene-nachrichten.de\/wp-content\/uploads\/2009\/12\/091201_HJK_030.jpg\" target=\"_blank\"><img decoding=\"async\" src=\"http:\/\/www.schoene-nachrichten.de\/wp-content\/uploads\/2009\/12\/091201_HJK_030.thumbnail.jpg\" alt=\"091201_HJK_030.jpg\" width=\"265\" \/><\/a><\/p>\n<p>Auf das vinzentinische Selbstverst\u00e4ndnis, die Dienstgemeinschaft und das Leitbild \u201eLiebe sei Tat\u201c ging Generaloberin Sr. M. Rosalia Bagus in ihrem Geistlichen Wort ein. Sie w\u00fcnschte den neuen Chef\u00e4rzten ein konstruktives und harmonisches Miteinander mit allen Mitarbeiterinnen und Mitarbeitern des HJK zum Wohle der Patientinnen und Patienten.<\/p>\n<p>Gru\u00dfworte w\u00e4hrend der Einf\u00fchrungsveranstaltung sprachen \u00c4rztlicher Direktor Prof. Dr. Joachim Glaser, der die Fachkompetenz und die gro\u00dfe Erfahrung der neuen Kollegen lobte, sowie Reimar Kerwel, Vorsitzender der Mitarbeitervertretung. Als letzter Redner bedankte sich Dr. Wolfgang Ditzen beim gesamten Team des HJK. Musikalisch umrahmt wurde die Feierstunde von Studienrat Thomas N\u00fcdling (Klavier) und\u00c2\u00a0 Jonathan Schmidt (Violine). Sr. Maria Weber,\u00c2\u00a0Schwester des Generalrates, hatte den Wortgottesdienst musikalisch gestaltet.<\/p>\n<p><a title=\"Foto: Max Colin Heydenreich\" rel=\"lightbox[roadtrip]\" href=\"http:\/\/www.schoene-nachrichten.de\/wp-content\/uploads\/2009\/12\/091201_HJK_001.jpg\" target=\"_blank\"><img decoding=\"async\" src=\"http:\/\/www.schoene-nachrichten.de\/wp-content\/uploads\/2009\/12\/091201_HJK_001.thumbnail.jpg\" alt=\"091201_HJK_001.jpg\" width=\"265\" \/><\/a> <a title=\"Foto: Max Colin Heydenreich\" rel=\"lightbox[roadtrip]\" href=\"http:\/\/www.schoene-nachrichten.de\/wp-content\/uploads\/2009\/12\/091201_HJK_002.jpg\" target=\"_blank\"><img decoding=\"async\" src=\"http:\/\/www.schoene-nachrichten.de\/wp-content\/uploads\/2009\/12\/091201_HJK_002.thumbnail.jpg\" alt=\"091201_HJK_002.jpg\" width=\"265\" \/><\/a><\/p>\n<p><a title=\"Foto: Max Colin Heydenreich\" rel=\"lightbox[roadtrip]\" href=\"http:\/\/www.schoene-nachrichten.de\/wp-content\/uploads\/2009\/12\/091201_HJK_015.jpg\" target=\"_blank\"><img decoding=\"async\" src=\"http:\/\/www.schoene-nachrichten.de\/wp-content\/uploads\/2009\/12\/091201_HJK_015.thumbnail.jpg\" alt=\"091201_HJK_015.jpg\" width=\"265\" \/><\/a> <a title=\"Foto: Max Colin Heydenreich\" rel=\"lightbox[roadtrip]\" href=\"http:\/\/www.schoene-nachrichten.de\/wp-content\/uploads\/2009\/12\/091201_HJK_016.jpg\" target=\"_blank\"><img decoding=\"async\" src=\"http:\/\/www.schoene-nachrichten.de\/wp-content\/uploads\/2009\/12\/091201_HJK_016.thumbnail.jpg\" alt=\"091201_HJK_016.jpg\" width=\"265\" \/><\/a><\/p>\n<p><a title=\"Foto: Max Colin Heydenreich\" rel=\"lightbox[roadtrip]\" href=\"..\/wp-content\/uploads\/2009\/12\/091201_HJK_019.jpg\" target=\"_blank\"><img decoding=\"async\" src=\"..\/wp-content\/uploads\/2009\/12\/091201_HJK_019.thumbnail.jpg\" alt=\"091201_HJK_019.jpg\" width=\"265\" \/><\/a> <a title=\"Foto: Max Colin Heydenreich\" rel=\"lightbox[roadtrip]\" href=\"http:\/\/www.schoene-nachrichten.de\/wp-content\/uploads\/2009\/12\/091201_HJK_018.jpg\" target=\"_blank\"><img decoding=\"async\" src=\"http:\/\/www.schoene-nachrichten.de\/wp-content\/uploads\/2009\/12\/091201_HJK_018.thumbnail.jpg\" alt=\"091201_HJK_018.jpg\" width=\"265\" \/><\/a><\/p>\n<p><a title=\"Foto: Max Colin Heydenreich\" rel=\"lightbox[roadtrip]\" href=\"http:\/\/www.schoene-nachrichten.de\/wp-content\/uploads\/2009\/12\/091201_HJK_031.jpg\" target=\"_blank\"><img decoding=\"async\" src=\"http:\/\/www.schoene-nachrichten.de\/wp-content\/uploads\/2009\/12\/091201_HJK_031.thumbnail.jpg\" alt=\"091201_HJK_031.jpg\" width=\"265\" \/><\/a> <a title=\"Foto: Max Colin Heydenreich\" rel=\"lightbox[roadtrip]\" href=\"http:\/\/www.schoene-nachrichten.de\/wp-content\/uploads\/2009\/12\/091201_HJK_032.jpg\" target=\"_blank\"><img decoding=\"async\" src=\"http:\/\/www.schoene-nachrichten.de\/wp-content\/uploads\/2009\/12\/091201_HJK_032.thumbnail.jpg\" alt=\"091201_HJK_032.jpg\" width=\"265\" \/><\/a><\/p>\n<p><a title=\"Foto: Max Colin Heydenreich\" rel=\"lightbox[roadtrip]\" href=\"http:\/\/www.schoene-nachrichten.de\/wp-content\/uploads\/2009\/12\/091201_HJK_033.jpg\" target=\"_blank\"><img decoding=\"async\" src=\"http:\/\/www.schoene-nachrichten.de\/wp-content\/uploads\/2009\/12\/091201_HJK_033.thumbnail.jpg\" alt=\"091201_HJK_033.jpg\" width=\"265\" \/><\/a> <a title=\"Foto: Max Colin Heydenreich\" rel=\"lightbox[roadtrip]\" href=\"http:\/\/www.schoene-nachrichten.de\/wp-content\/uploads\/2009\/12\/091201_HJK_034.jpg\" target=\"_blank\"><img decoding=\"async\" src=\"http:\/\/www.schoene-nachrichten.de\/wp-content\/uploads\/2009\/12\/091201_HJK_034.thumbnail.jpg\" alt=\"091201_HJK_034.jpg\" width=\"265\" \/><\/a><\/p>\n<p><a title=\"Foto: Max Colin Heydenreich\" rel=\"lightbox[roadtrip]\" href=\"http:\/\/www.schoene-nachrichten.de\/wp-content\/uploads\/2009\/12\/091201_HJK_035.jpg\" target=\"_blank\"><img decoding=\"async\" src=\"http:\/\/www.schoene-nachrichten.de\/wp-content\/uploads\/2009\/12\/091201_HJK_035.thumbnail.jpg\" alt=\"091201_HJK_035.jpg\" width=\"265\" \/><\/a> <a title=\"Foto: Max Colin Heydenreich\" rel=\"lightbox[roadtrip]\" href=\"http:\/\/www.schoene-nachrichten.de\/wp-content\/uploads\/2009\/12\/091201_HJK_036.jpg\" target=\"_blank\"><img decoding=\"async\" src=\"http:\/\/www.schoene-nachrichten.de\/wp-content\/uploads\/2009\/12\/091201_HJK_036.thumbnail.jpg\" alt=\"091201_HJK_036.jpg\" width=\"265\" \/><\/a><\/p>\n<p><a title=\"Foto: Max Colin Heydenreich\" rel=\"lightbox[roadtrip]\" href=\"http:\/\/www.schoene-nachrichten.de\/wp-content\/uploads\/2009\/12\/091201_HJK_037.jpg\" target=\"_blank\"><img decoding=\"async\" src=\"http:\/\/www.schoene-nachrichten.de\/wp-content\/uploads\/2009\/12\/091201_HJK_037.thumbnail.jpg\" alt=\"091201_HJK_037.jpg\" width=\"265\" \/><\/a> <a title=\"Foto: Max Colin Heydenreich\" rel=\"lightbox[roadtrip]\" href=\"http:\/\/www.schoene-nachrichten.de\/wp-content\/uploads\/2009\/12\/091201_HJK_038.jpg\" target=\"_blank\"><img decoding=\"async\" src=\"http:\/\/www.schoene-nachrichten.de\/wp-content\/uploads\/2009\/12\/091201_HJK_038.thumbnail.jpg\" alt=\"091201_HJK_038.jpg\" width=\"265\" \/><\/a><\/p>\n<p><a title=\"Foto: Max Colin Heydenreich\" rel=\"lightbox[roadtrip]\" href=\"http:\/\/www.schoene-nachrichten.de\/wp-content\/uploads\/2009\/12\/091201_HJK_039.jpg\" target=\"_blank\"><img decoding=\"async\" src=\"http:\/\/www.schoene-nachrichten.de\/wp-content\/uploads\/2009\/12\/091201_HJK_039.thumbnail.jpg\" alt=\"091201_HJK_039.jpg\" width=\"265\" \/><\/a> <a title=\"Foto: Max Colin Heydenreich\" rel=\"lightbox[roadtrip]\" href=\"http:\/\/www.schoene-nachrichten.de\/wp-content\/uploads\/2009\/12\/091201_HJK_040.jpg\" target=\"_blank\"><img decoding=\"async\" src=\"http:\/\/www.schoene-nachrichten.de\/wp-content\/uploads\/2009\/12\/091201_HJK_040.thumbnail.jpg\" alt=\"091201_HJK_040.jpg\" width=\"265\" \/><\/a><\/p>\n<p><a title=\"Foto: Max Colin Heydenreich\" rel=\"lightbox[roadtrip]\" href=\"http:\/\/www.schoene-nachrichten.de\/wp-content\/uploads\/2009\/12\/091201_HJK_041.jpg\" target=\"_blank\"><img decoding=\"async\" src=\"http:\/\/www.schoene-nachrichten.de\/wp-content\/uploads\/2009\/12\/091201_HJK_041.thumbnail.jpg\" alt=\"091201_HJK_041.jpg\" width=\"265\" \/><\/a> <a title=\"Foto: Max Colin Heydenreich\" rel=\"lightbox[roadtrip]\" href=\"http:\/\/www.schoene-nachrichten.de\/wp-content\/uploads\/2009\/12\/091201_HJK_042.jpg\" target=\"_blank\"><img decoding=\"async\" src=\"http:\/\/www.schoene-nachrichten.de\/wp-content\/uploads\/2009\/12\/091201_HJK_042.thumbnail.jpg\" alt=\"091201_HJK_042.jpg\" width=\"265\" \/><\/a><\/p>\n<p><a title=\"Foto: Max Colin Heydenreich\" rel=\"lightbox[roadtrip]\" href=\"http:\/\/www.schoene-nachrichten.de\/wp-content\/uploads\/2009\/12\/091201_HJK_043.jpg\" target=\"_blank\"><img decoding=\"async\" src=\"http:\/\/www.schoene-nachrichten.de\/wp-content\/uploads\/2009\/12\/091201_HJK_043.thumbnail.jpg\" alt=\"091201_HJK_043.jpg\" width=\"265\" \/><\/a><\/p>\n","protected":false},"excerpt":{"rendered":"<div class=\"tmnf_excerpt\"><p>Fulda. Chef\u00e4rzte am Herz-Jesu-Krankenhaus (HJK) sind beide bereits seit einigen Wochen. Offiziell in ihr Amt eingef\u00fchrt wurden sie am vergangenen Samstag: Dr. Alexander Dengler, Chefarzt der Abteilung Gyn\u00e4kologie und Geburtshilfe, und Dr. Andreas Fleischmann, Chefarzt der Abteilung Orthop\u00e4die, Unfallchirurgie und Sportmedizin. Mit einem \u00f6kumenischen Wortgottesdienst unter der Leitung von Pater Claudius\u00c2\u00a0Gro\u00df und Pfarrer\u00c2\u00a0Burkard Enners und &hellip;<\/p>\n<\/div>","protected":false},"author":1,"featured_media":0,"comment_status":"closed","ping_status":"closed","sticky":false,"template":"","format":"standard","meta":{"footnotes":""},"categories":[1,54,51,78],"tags":[],"class_list":["post-46357","post","type-post","status-publish","format-standard","hentry","category-startseite","category-bildergalerien","category-medizin","category-topthema"],"_links":{"self":[{"href":"https:\/\/www.fuldaernachrichten.de\/index.php?rest_route=\/wp\/v2\/posts\/46357","targetHints":{"allow":["GET"]}}],"collection":[{"href":"https:\/\/www.fuldaernachrichten.de\/index.php?rest_route=\/wp\/v2\/posts"}],"about":[{"href":"https:\/\/www.fuldaernachrichten.de\/index.php?rest_route=\/wp\/v2\/types\/post"}],"author":[{"embeddable":true,"href":"https:\/\/www.fuldaernachrichten.de\/index.php?rest_route=\/wp\/v2\/users\/1"}],"replies":[{"embeddable":true,"href":"https:\/\/www.fuldaernachrichten.de\/index.php?rest_route=%2Fwp%2Fv2%2Fcomments&post=46357"}],"version-history":[{"count":4,"href":"https:\/\/www.fuldaernachrichten.de\/index.php?rest_route=\/wp\/v2\/posts\/46357\/revisions"}],"predecessor-version":[{"id":46412,"href":"https:\/\/www.fuldaernachrichten.de\/index.php?rest_route=\/wp\/v2\/posts\/46357\/revisions\/46412"}],"wp:attachment":[{"href":"https:\/\/www.fuldaernachrichten.de\/index.php?rest_route=%2Fwp%2Fv2%2Fmedia&parent=46357"}],"wp:term":[{"taxonomy":"category","embeddable":true,"href":"https:\/\/www.fuldaernachrichten.de\/index.php?rest_route=%2Fwp%2Fv2%2Fcategories&post=46357"},{"taxonomy":"post_tag","embeddable":true,"href":"https:\/\/www.fuldaernachrichten.de\/index.php?rest_route=%2Fwp%2Fv2%2Ftags&post=46357"}],"curies":[{"name":"wp","href":"https:\/\/api.w.org\/{rel}","templated":true}]}}