{"id":46292,"date":"2009-11-30T09:28:22","date_gmt":"2009-11-30T08:28:22","guid":{"rendered":"http:\/\/www.schoene-nachrichten.de\/?p=46292"},"modified":"2009-11-30T09:29:52","modified_gmt":"2009-11-30T08:29:52","slug":"premiere-der-hr4-hilders-hymne-in-der-frankfurter-festhalle","status":"publish","type":"post","link":"https:\/\/www.fuldaernachrichten.de\/?p=46292","title":{"rendered":"Premiere der hr4-Hilders-Hymne in der Frankfurter Festhalle"},"content":{"rendered":"<p><a href=\"http:\/\/www.schoene-nachrichten.de\/wp-content\/uploads\/2009\/11\/091130_Michael-Heck-singt-mit-den-Hildersern-die-hr4-Hilders-Hymne.jpg\"><img decoding=\"async\" class=\"alignleft size-thumbnail wp-image-46293\" title=\"091130_Michael-Heck-singt-mit-den-Hildersern-die-hr4-Hilders-Hymne\" src=\"http:\/\/www.schoene-nachrichten.de\/wp-content\/uploads\/2009\/11\/091130_Michael-Heck-singt-mit-den-Hildersern-die-hr4-Hilders-Hymne-265x176.jpg\" alt=\"091130_Michael-Heck-singt-mit-den-Hildersern-die-hr4-Hilders-Hymne\" width=\"265\" height=\"176\" srcset=\"https:\/\/www.fuldaernachrichten.de\/wp-content\/uploads\/2009\/11\/091130_Michael-Heck-singt-mit-den-Hildersern-die-hr4-Hilders-Hymne-265x176.jpg 265w, https:\/\/www.fuldaernachrichten.de\/wp-content\/uploads\/2009\/11\/091130_Michael-Heck-singt-mit-den-Hildersern-die-hr4-Hilders-Hymne.jpg 592w\" sizes=\"(max-width: 265px) 100vw, 265px\" \/><\/a>Frankfurt\/Hilders. Die Gemeinde Hilders ist seit vergangenem Freitag Sieger der hr4-Aktion \u201eMach mit beim Hit!\u201c. Ein Teil ihres Gewinns ist die eigene \u201ehr4-Hilders-Hymne\u201c. Sie wurde am gestrigen Sonntag im Rahmen der \u201ehr4-Schlager-Starparade\u201c in der Frankfurter Festhalle erstmals pr\u00e4sentiert.<\/p>\n<p>\u201eEs ist ein unbeschreibliches Gef\u00fchl, in der Gemeinschaft seiner Mitb\u00fcrger vor rund 8.000 jubelnden Schlager-Fans aufzutreten\u201c, so der Hilderser B\u00fcrgermeister Hubert Blum. <!--more--><\/p>\n<p>Gemeinsam mit 50 Einwohnern seiner Gemeinde stand er im Chor auf der B\u00fchne der Festhalle, um mit Schlagers\u00e4nger Michael Heck das neue Lied f\u00fcr Hilders der \u00d6ffentlichkeit vorzustellen. Bei dem Auftritt \u00fcberreichte hr4-Programmchef Rainer G\u00f6tze B\u00fcrgermeister Hubert Blum die Original-CD und eine Gewinnerurkunde. Die B\u00fcrger der Rh\u00f6ngemeinde Hilders hatten bei der siebenst\u00fcndigen hr4-Veranstaltung auch die Chance, die Stars des Deutschen Schlagers zu erleben. Darunter K\u00fcnstler wie Kristina Bach, Bernhard Brink, die H\u00f6hner, Semino Rossi, Claudia Jung und Helene Fischer.<\/p>\n<p><a href=\"http:\/\/www.schoene-nachrichten.de\/wp-content\/uploads\/2009\/11\/091130_Rainer-G\u00f6tze-\u00fcberreicht-Hubert-Blum-die-Gewinnerurkunde.jpg\"><img fetchpriority=\"high\" decoding=\"async\" class=\"alignleft size-thumbnail wp-image-46294\" title=\"091130_Rainer-G\u00f6tze-\u00fcberreicht-Hubert-Blum-die-Gewinnerurkunde\" src=\"http:\/\/www.schoene-nachrichten.de\/wp-content\/uploads\/2009\/11\/091130_Rainer-G\u00f6tze-\u00fcberreicht-Hubert-Blum-die-Gewinnerurkunde-265x393.jpg\" alt=\"091130_Rainer-G\u00f6tze-\u00fcberreicht-Hubert-Blum-die-Gewinnerurkunde\" width=\"265\" height=\"393\" \/><\/a>Bei der hr4-Aktion \u201eMach mit beim Hit!\u201c hatten sich 1.182 Menschen in Hilders versammelt, um gemeinsam den Schlager \u201eDas Rote Pferd\u201c zu singen. Hilders hatte dabei mehr Menschen zum Singen bewegt als die anderen neun am Wettbewerb beteiligten Gemeinden. Neben der eigenen Hymne, bei der es sich um eine Sonderversion der \u201ehr4-Hessenhymne\u201c handelt, gewinnt die Gemeinde die hr4-Super-Schlagerparty 2010 mit einem Konzert des Interpreten Michael Heck.<\/p>\n<p>Die Hymne kann man im Internet unter <a href=\"http:\/\/www.hr4.de\" target=\"_blank\">www.hr4.de<\/a> anh\u00f6ren.<\/p>\n","protected":false},"excerpt":{"rendered":"<div class=\"tmnf_excerpt\"><p>Frankfurt\/Hilders. Die Gemeinde Hilders ist seit vergangenem Freitag Sieger der hr4-Aktion \u201eMach mit beim Hit!\u201c. Ein Teil ihres Gewinns ist die eigene \u201ehr4-Hilders-Hymne\u201c. Sie wurde am gestrigen Sonntag im Rahmen der \u201ehr4-Schlager-Starparade\u201c in der Frankfurter Festhalle erstmals pr\u00e4sentiert. \u201eEs ist ein unbeschreibliches Gef\u00fchl, in der Gemeinschaft seiner Mitb\u00fcrger vor rund 8.000 jubelnden Schlager-Fans aufzutreten\u201c, so &hellip;<\/p>\n<\/div>","protected":false},"author":1,"featured_media":0,"comment_status":"closed","ping_status":"closed","sticky":false,"template":"","format":"standard","meta":{"footnotes":""},"categories":[1,44],"tags":[],"class_list":["post-46292","post","type-post","status-publish","format-standard","hentry","category-startseite","category-kultur"],"_links":{"self":[{"href":"https:\/\/www.fuldaernachrichten.de\/index.php?rest_route=\/wp\/v2\/posts\/46292","targetHints":{"allow":["GET"]}}],"collection":[{"href":"https:\/\/www.fuldaernachrichten.de\/index.php?rest_route=\/wp\/v2\/posts"}],"about":[{"href":"https:\/\/www.fuldaernachrichten.de\/index.php?rest_route=\/wp\/v2\/types\/post"}],"author":[{"embeddable":true,"href":"https:\/\/www.fuldaernachrichten.de\/index.php?rest_route=\/wp\/v2\/users\/1"}],"replies":[{"embeddable":true,"href":"https:\/\/www.fuldaernachrichten.de\/index.php?rest_route=%2Fwp%2Fv2%2Fcomments&post=46292"}],"version-history":[{"count":4,"href":"https:\/\/www.fuldaernachrichten.de\/index.php?rest_route=\/wp\/v2\/posts\/46292\/revisions"}],"predecessor-version":[{"id":46297,"href":"https:\/\/www.fuldaernachrichten.de\/index.php?rest_route=\/wp\/v2\/posts\/46292\/revisions\/46297"}],"wp:attachment":[{"href":"https:\/\/www.fuldaernachrichten.de\/index.php?rest_route=%2Fwp%2Fv2%2Fmedia&parent=46292"}],"wp:term":[{"taxonomy":"category","embeddable":true,"href":"https:\/\/www.fuldaernachrichten.de\/index.php?rest_route=%2Fwp%2Fv2%2Fcategories&post=46292"},{"taxonomy":"post_tag","embeddable":true,"href":"https:\/\/www.fuldaernachrichten.de\/index.php?rest_route=%2Fwp%2Fv2%2Ftags&post=46292"}],"curies":[{"name":"wp","href":"https:\/\/api.w.org\/{rel}","templated":true}]}}