{"id":46290,"date":"2009-11-30T06:15:05","date_gmt":"2009-11-30T05:15:05","guid":{"rendered":"http:\/\/www.schoene-nachrichten.de\/?p=46290"},"modified":"2009-11-30T07:43:59","modified_gmt":"2009-11-30T06:43:59","slug":"ob-live-im-offenen-kanal-fragen-per-e-mail-einsenden","status":"publish","type":"post","link":"https:\/\/www.fuldaernachrichten.de\/?p=46290","title":{"rendered":"OB live im \u201eOffenen Kanal&#8221; &#8211; Fragen per E-Mail einsenden"},"content":{"rendered":"<p>Fulda (rb). Jugendliche an den Kameras, Jugendliche hinter den Monitoren oder an der Maz, die den Abspann einspielt. F\u00fcr das Team hinter den Kulissen ist die Szenerie inzwischen genauso ein festes Ritual wie f\u00fcr denjenigen, der vor der Kamera im Studio des Offenen Kanals steht: Fuldas OB Gerhard M\u00f6ller. Am Freitag, 04. Dezember 2009, ab 18.00 Uhr,<br \/>\nwird M\u00f6ller ein weiteres Mal im Rahmen der OK-Reihe \u201eDas Stadtgespr\u00e4ch&#8221; vor der Kamera stehen. <!--more--><\/p>\n<p>An diesem Freitagabend steht Fuldas Verwaltungschef Moderator Volker Nies Rede und Antwort zu aktuellen stadtpolitischen Themen. Er geht auf den Ausgang der OB-Wahl und aktuellen Stadtentwicklungsprojekte wie den Fortschritt der Arbeiten am Universit\u00e4tsplatz \u2013 sowie Borgiasplatz ein. F\u00fcr die Zuschauer des Offenen Kanals besteht die M\u00f6glichkeit, sich live in die Sendung einzuw\u00e4hlen (Rufnummer: 0661 9013888) und Fragen an das Fuldaer Stadtoberhaupt zu stellen. Ab dieser Sendung ist es auch m\u00f6glich, bis eine Stunde vor Sendebeginn, dem Oberb\u00fcrgermeister Fragen per E-Mail unter stadtgespraech@fulda.de zu stellen.<\/p>\n","protected":false},"excerpt":{"rendered":"<div class=\"tmnf_excerpt\"><p>Fulda (rb). Jugendliche an den Kameras, Jugendliche hinter den Monitoren oder an der Maz, die den Abspann einspielt. F\u00fcr das Team hinter den Kulissen ist die Szenerie inzwischen genauso ein festes Ritual wie f\u00fcr denjenigen, der vor der Kamera im Studio des Offenen Kanals steht: Fuldas OB Gerhard M\u00f6ller. Am Freitag, 04. Dezember 2009, ab &hellip;<\/p>\n<\/div>","protected":false},"author":1,"featured_media":0,"comment_status":"closed","ping_status":"closed","sticky":false,"template":"","format":"standard","meta":{"footnotes":""},"categories":[1,29],"tags":[],"class_list":["post-46290","post","type-post","status-publish","format-standard","hentry","category-startseite","category-politik"],"_links":{"self":[{"href":"https:\/\/www.fuldaernachrichten.de\/index.php?rest_route=\/wp\/v2\/posts\/46290","targetHints":{"allow":["GET"]}}],"collection":[{"href":"https:\/\/www.fuldaernachrichten.de\/index.php?rest_route=\/wp\/v2\/posts"}],"about":[{"href":"https:\/\/www.fuldaernachrichten.de\/index.php?rest_route=\/wp\/v2\/types\/post"}],"author":[{"embeddable":true,"href":"https:\/\/www.fuldaernachrichten.de\/index.php?rest_route=\/wp\/v2\/users\/1"}],"replies":[{"embeddable":true,"href":"https:\/\/www.fuldaernachrichten.de\/index.php?rest_route=%2Fwp%2Fv2%2Fcomments&post=46290"}],"version-history":[{"count":1,"href":"https:\/\/www.fuldaernachrichten.de\/index.php?rest_route=\/wp\/v2\/posts\/46290\/revisions"}],"predecessor-version":[{"id":46291,"href":"https:\/\/www.fuldaernachrichten.de\/index.php?rest_route=\/wp\/v2\/posts\/46290\/revisions\/46291"}],"wp:attachment":[{"href":"https:\/\/www.fuldaernachrichten.de\/index.php?rest_route=%2Fwp%2Fv2%2Fmedia&parent=46290"}],"wp:term":[{"taxonomy":"category","embeddable":true,"href":"https:\/\/www.fuldaernachrichten.de\/index.php?rest_route=%2Fwp%2Fv2%2Fcategories&post=46290"},{"taxonomy":"post_tag","embeddable":true,"href":"https:\/\/www.fuldaernachrichten.de\/index.php?rest_route=%2Fwp%2Fv2%2Ftags&post=46290"}],"curies":[{"name":"wp","href":"https:\/\/api.w.org\/{rel}","templated":true}]}}