{"id":46283,"date":"2009-11-30T06:28:34","date_gmt":"2009-11-30T05:28:34","guid":{"rendered":"http:\/\/www.schoene-nachrichten.de\/?p=46283"},"modified":"2009-11-30T07:38:50","modified_gmt":"2009-11-30T06:38:50","slug":"dank-perspektive-50plus-weitere-qualifizierung-zur-alltagsbegleiterin-gestartet","status":"publish","type":"post","link":"https:\/\/www.fuldaernachrichten.de\/?p=46283","title":{"rendered":"Dank \u201ePerspektive 50plus\u201c: Weitere Qualifizierung zur Alltagsbegleiterin gestartet"},"content":{"rendered":"<p><a href=\"http:\/\/www.schoene-nachrichten.de\/wp-content\/uploads\/2009\/11\/091130_Alltagsbegleiter.jpg\"><img decoding=\"async\" class=\"alignleft size-thumbnail wp-image-46284\" title=\"091130_Alltagsbegleiter\" src=\"http:\/\/www.schoene-nachrichten.de\/wp-content\/uploads\/2009\/11\/091130_Alltagsbegleiter-265x140.jpg\" alt=\"091130_Alltagsbegleiter\" width=\"265\" height=\"140\" srcset=\"https:\/\/www.fuldaernachrichten.de\/wp-content\/uploads\/2009\/11\/091130_Alltagsbegleiter-265x140.jpg 265w, https:\/\/www.fuldaernachrichten.de\/wp-content\/uploads\/2009\/11\/091130_Alltagsbegleiter.jpg 592w\" sizes=\"(max-width: 265px) 100vw, 265px\" \/><\/a>Vogelsbergkreis. \u201eDurch das Berufsbild des Alltagsbegleiters wird eine L\u00fccke in der derzeitigen Betreuungssituation von \u00e4lteren oder anderweitig hilfsbed\u00fcrftigen Menschen geschlossen. Dabei geht es nicht um Konkurrenz sondern um sinnvolle Erg\u00e4nzung der schon bestehenden station\u00e4ren und ambulanten Angebote\u201c, so Monika Luh, Leiterin der Altenpflegeschule in Alsfeld. Dort werden seit Kurzem weitere 25 Teilnehmerinnen des Programms \u201ePerspektive 50plus\u201c zu Alltagsbegleiterinnen ausgebildet. Die L\u00fccke bestehe darin, dass gerade altersverwirrte Menschen st\u00e4ndig einen Ansprechpartner haben m\u00fcssen, der sich mit Ihnen besch\u00e4ftigt und Ihnen zum Beispiel bei leichten Gartenarbeiten oder beim Kochen hilft. Und genau daf\u00fcr w\u00fcrden zus\u00e4tzliche Betreuungsassistenten oder Alltagsbegleiter ben\u00f6tigt.<!--more--><br \/>\nFinanziert wird die Kurzausbildung durch die Kommunale Vermittlungsagentur Vogelsbergkreis (KVA) aus Mitteln des Bundesprogramms \u201ePerspektive 50plus \u2013 Besch\u00e4ftigungspakt f\u00fcr \u00e4ltere Arbeitnehmerinnen und Arbeitnehmer in den Regionen\u201c. \u201eWichtig bei der Auswahl der Teilnehmerinnen f\u00fcr diese Qualifizierung waren das Interesse an der Arbeit mit Menschen, Sozialkompetenz und die freiwillige Entscheidung der Frauen, diese Kurzausbildung absolvieren zu wollen\u201c, so Hans-Ulrich Merle, Projektkoordinator in der KVA. Er sieht aber auch die Chance, die sich durch die \u00c4nderungen im Pflegesektor f\u00fcr die Absolventinnen auftut: \u201eGerade f\u00fcr \u00e4ltere Frauen mit viel Erfahrung aus dem eigenen Alltag \u2013 ob aus Familienarbeit, der Erziehung von Kindern oder der Versorgung \u00e4lterer Angeh\u00f6riger \u2013 kann diese neue Qualifizierung zum Einstieg ins Berufsleben verhelfen.\u201c<\/p>\n<p>Das Pflege-Weiterentwicklungsgesetz mache es m\u00f6glich, dass Alltagsbegleiter zu einem festen Bestandteil in der station\u00e4ren wie auch in der ambulanten Altenhilfe sowie der Behindertenhilfe werden k\u00f6nnen: Es bestehe ein Anspruch auf zus\u00e4tzliche Betreuungsassistenten f\u00fcr Demenzkranke in Pflegeeinrichtungen. Das vom Bundesministerium f\u00fcr Gesundheit und vom Bundesministerium f\u00fcr Arbeit und Soziales gemeinsam initiierte Projekt, ehemalige Arbeitslose zur Betreuung von Demenzkranken in Pflegeheimen aus- und weiterzubilden, sei ein wichtiger Schritt hin zu einer besseren Versorgung.<br \/>\nDaher sei die Kurzausbildung so konzipiert worden, dass die Teilnehmerinnen erg\u00e4nzend zur theoretischen Ausbildung in der Altenpflegeschule die praktischen Arbeitsfelder direkt in den kooperierenden heimischen Altenhilfeeinrichtungen erleben und kennen lernen.<\/p>\n<p>Foto: Aenne-und-Konrad-Geisel-Schule<\/p>\n","protected":false},"excerpt":{"rendered":"<div class=\"tmnf_excerpt\"><p>Vogelsbergkreis. \u201eDurch das Berufsbild des Alltagsbegleiters wird eine L\u00fccke in der derzeitigen Betreuungssituation von \u00e4lteren oder anderweitig hilfsbed\u00fcrftigen Menschen geschlossen. Dabei geht es nicht um Konkurrenz sondern um sinnvolle Erg\u00e4nzung der schon bestehenden station\u00e4ren und ambulanten Angebote\u201c, so Monika Luh, Leiterin der Altenpflegeschule in Alsfeld. Dort werden seit Kurzem weitere 25 Teilnehmerinnen des Programms \u201ePerspektive &hellip;<\/p>\n<\/div>","protected":false},"author":1,"featured_media":0,"comment_status":"closed","ping_status":"closed","sticky":false,"template":"","format":"standard","meta":{"footnotes":""},"categories":[1,72,29],"tags":[],"class_list":["post-46283","post","type-post","status-publish","format-standard","hentry","category-startseite","category-jugend","category-politik"],"_links":{"self":[{"href":"https:\/\/www.fuldaernachrichten.de\/index.php?rest_route=\/wp\/v2\/posts\/46283","targetHints":{"allow":["GET"]}}],"collection":[{"href":"https:\/\/www.fuldaernachrichten.de\/index.php?rest_route=\/wp\/v2\/posts"}],"about":[{"href":"https:\/\/www.fuldaernachrichten.de\/index.php?rest_route=\/wp\/v2\/types\/post"}],"author":[{"embeddable":true,"href":"https:\/\/www.fuldaernachrichten.de\/index.php?rest_route=\/wp\/v2\/users\/1"}],"replies":[{"embeddable":true,"href":"https:\/\/www.fuldaernachrichten.de\/index.php?rest_route=%2Fwp%2Fv2%2Fcomments&post=46283"}],"version-history":[{"count":1,"href":"https:\/\/www.fuldaernachrichten.de\/index.php?rest_route=\/wp\/v2\/posts\/46283\/revisions"}],"predecessor-version":[{"id":46285,"href":"https:\/\/www.fuldaernachrichten.de\/index.php?rest_route=\/wp\/v2\/posts\/46283\/revisions\/46285"}],"wp:attachment":[{"href":"https:\/\/www.fuldaernachrichten.de\/index.php?rest_route=%2Fwp%2Fv2%2Fmedia&parent=46283"}],"wp:term":[{"taxonomy":"category","embeddable":true,"href":"https:\/\/www.fuldaernachrichten.de\/index.php?rest_route=%2Fwp%2Fv2%2Fcategories&post=46283"},{"taxonomy":"post_tag","embeddable":true,"href":"https:\/\/www.fuldaernachrichten.de\/index.php?rest_route=%2Fwp%2Fv2%2Ftags&post=46283"}],"curies":[{"name":"wp","href":"https:\/\/api.w.org\/{rel}","templated":true}]}}