{"id":46280,"date":"2009-11-30T06:35:28","date_gmt":"2009-11-30T05:35:28","guid":{"rendered":"http:\/\/www.schoene-nachrichten.de\/?p=46280"},"modified":"2009-11-30T07:37:11","modified_gmt":"2009-11-30T06:37:11","slug":"engelhardt-dach-und-fassade-aus-niederaula-baut-solarpark","status":"publish","type":"post","link":"https:\/\/www.fuldaernachrichten.de\/?p=46280","title":{"rendered":"Engelhardt \u2013 Dach und Fassade aus Niederaula baut Solarpark"},"content":{"rendered":"<p>Hauneck. <a href=\"http:\/\/www.schoene-nachrichten.de\/wp-content\/uploads\/2009\/11\/091130_Solarpark.jpg\"><img decoding=\"async\" class=\"alignleft size-thumbnail wp-image-46281\" title=\"091130_Solarpark\" src=\"http:\/\/www.schoene-nachrichten.de\/wp-content\/uploads\/2009\/11\/091130_Solarpark-265x150.jpg\" alt=\"091130_Solarpark\" width=\"265\" height=\"150\" srcset=\"https:\/\/www.fuldaernachrichten.de\/wp-content\/uploads\/2009\/11\/091130_Solarpark-265x150.jpg 265w, https:\/\/www.fuldaernachrichten.de\/wp-content\/uploads\/2009\/11\/091130_Solarpark.jpg 592w\" sizes=\"(max-width: 265px) 100vw, 265px\" \/><\/a>Die Firma Engelhardt \u2013 Dach und Fassade aus Niederaula, Mitglied der Dachdecker-Innung Fulda, \u00c2\u00a0baut in Sieglos, Gemeinde Hauneck im Kreis Hersfeld-Rotenburg eine Fotovoltaikanlage, die bis zu 750 Kilowattstunden Strom erzeugen kann. Das reicht aus, um bis zu 350 Einfamilienh\u00e4user mit Strom zu versorgen. \u201eBereits zum Jahresende wollen wir Strom in das Netz der E-ON-Mitte einspeisen\u201c, so Juniorchef Andr\u00e9 Engelhardt. Er zeichnet verantwortlich f\u00fcr das Projekt, es ist sein Ziehkind. Bereits seit 2003 installiert die Firma Engelhardt Fotovoltaikanlagen, bisher allerdings nur f\u00fcr private Kunden auf Haus- und Scheunend\u00e4chern. Die Firma Engelhardt hat sich damit ein gro\u00dfes Fachwissen und viel Erfahrung angeeignet und nutzt dies nun f\u00fcr die Installation einer eigenen Anlage. Mit \u00fcber 2.500 Solar-Panels wird dies die gr\u00f6\u00dfte Anlage im Bereich von E-ON-Mitte werden. Die Gemeinde Hauneck sieht derartige Solarparks als Alternative zu den Windkraftanlagen und will weitere m\u00f6gliche Standorte pr\u00fcfen lassen.<\/p>\n<p>Foto: Werner und Andr\u00e8 Engelhardt<\/p>\n","protected":false},"excerpt":{"rendered":"<div class=\"tmnf_excerpt\"><p>Hauneck. Die Firma Engelhardt \u2013 Dach und Fassade aus Niederaula, Mitglied der Dachdecker-Innung Fulda, \u00c2\u00a0baut in Sieglos, Gemeinde Hauneck im Kreis Hersfeld-Rotenburg eine Fotovoltaikanlage, die bis zu 750 Kilowattstunden Strom erzeugen kann. Das reicht aus, um bis zu 350 Einfamilienh\u00e4user mit Strom zu versorgen. \u201eBereits zum Jahresende wollen wir Strom in das Netz der E-ON-Mitte &hellip;<\/p>\n<\/div>","protected":false},"author":1,"featured_media":0,"comment_status":"closed","ping_status":"closed","sticky":false,"template":"","format":"standard","meta":{"footnotes":""},"categories":[1,29,52],"tags":[],"class_list":["post-46280","post","type-post","status-publish","format-standard","hentry","category-startseite","category-politik","category-umwelt"],"_links":{"self":[{"href":"https:\/\/www.fuldaernachrichten.de\/index.php?rest_route=\/wp\/v2\/posts\/46280","targetHints":{"allow":["GET"]}}],"collection":[{"href":"https:\/\/www.fuldaernachrichten.de\/index.php?rest_route=\/wp\/v2\/posts"}],"about":[{"href":"https:\/\/www.fuldaernachrichten.de\/index.php?rest_route=\/wp\/v2\/types\/post"}],"author":[{"embeddable":true,"href":"https:\/\/www.fuldaernachrichten.de\/index.php?rest_route=\/wp\/v2\/users\/1"}],"replies":[{"embeddable":true,"href":"https:\/\/www.fuldaernachrichten.de\/index.php?rest_route=%2Fwp%2Fv2%2Fcomments&post=46280"}],"version-history":[{"count":1,"href":"https:\/\/www.fuldaernachrichten.de\/index.php?rest_route=\/wp\/v2\/posts\/46280\/revisions"}],"predecessor-version":[{"id":46282,"href":"https:\/\/www.fuldaernachrichten.de\/index.php?rest_route=\/wp\/v2\/posts\/46280\/revisions\/46282"}],"wp:attachment":[{"href":"https:\/\/www.fuldaernachrichten.de\/index.php?rest_route=%2Fwp%2Fv2%2Fmedia&parent=46280"}],"wp:term":[{"taxonomy":"category","embeddable":true,"href":"https:\/\/www.fuldaernachrichten.de\/index.php?rest_route=%2Fwp%2Fv2%2Fcategories&post=46280"},{"taxonomy":"post_tag","embeddable":true,"href":"https:\/\/www.fuldaernachrichten.de\/index.php?rest_route=%2Fwp%2Fv2%2Ftags&post=46280"}],"curies":[{"name":"wp","href":"https:\/\/api.w.org\/{rel}","templated":true}]}}