{"id":46190,"date":"2009-11-27T12:35:05","date_gmt":"2009-11-27T11:35:05","guid":{"rendered":"http:\/\/www.schoene-nachrichten.de\/?p=46190"},"modified":"2009-11-27T12:40:55","modified_gmt":"2009-11-27T11:40:55","slug":"was-drachen-in-der-rhoen-so-machen-buchpraesentation-im-klinikum-fulda","status":"publish","type":"post","link":"https:\/\/www.fuldaernachrichten.de\/?p=46190","title":{"rendered":"\u201eWas Drachen in der Rh\u00f6n so machen\u201c &#8211; Buchpr\u00e4sentation im Klinikum Fulda &#8211; Erl\u00f6s zugunsten K\u00e4nguruh e.V."},"content":{"rendered":"<p><strong><a href=\"http:\/\/www.schoene-nachrichten.de\/wp-content\/uploads\/2009\/11\/091127_Drachen_004.jpg\"><img decoding=\"async\" class=\"alignleft size-thumbnail wp-image-46195\" title=\"091127_Drachen_004\" src=\"http:\/\/www.schoene-nachrichten.de\/wp-content\/uploads\/2009\/11\/091127_Drachen_004.jpg\" alt=\"091127_Drachen_004\" width=\"560\" srcset=\"https:\/\/www.fuldaernachrichten.de\/wp-content\/uploads\/2009\/11\/091127_Drachen_004.jpg 592w, https:\/\/www.fuldaernachrichten.de\/wp-content\/uploads\/2009\/11\/091127_Drachen_004-265x175.jpg 265w\" sizes=\"(max-width: 592px) 100vw, 592px\" \/><\/a><\/strong> <strong> Fulda. <\/strong>Dass hin und wieder ein lebensgro\u00dfes K\u00e4nguruh oder ein Clown in der Kinderklinik des Klinikums Fulda gesehen wird ist schon bekannt. Wer aber gestern nun auch einen gr\u00fcnen Drachen und eine rosa Elfe in den G\u00e4ngen des Klinikums sah, glaubte sicher an Halluzinationen &#8211; doch es war Wirklichkeit. Der Drache Karl und seine Freundin Elfe Elfrieda sind die Hauptfiguren in einem Kinderbuch, das im Klinikum Fulda der \u00d6ffentlichkeit vorgestellt wurde.<!--more--> Das Buch erz\u00e4hlt die Geschichte zu einem Drachentanztheater, das im Juni 2010 im Radom auf der Wasserkuppe aufgef\u00fchrt wird. Der Erl\u00f6s des Buches sowie der Veranstaltung gehen zu 100 % zugunsten des F\u00f6rdervereins K\u00e4nguruh e.V., der sich f\u00fcr die Patienten der Klinik f\u00fcr Kinder und Jugendmedizin am Klinikum Fulda einsetzt. \u201eIch bin froh und gl\u00fccklich\u201c, erl\u00e4uterte\u00c2\u00a0 Harald Jeguschke, Vorstand des Klinikums Fulda, bei seiner Begr\u00fc\u00dfung, \u201edass es Menschen gibt, die sich so f\u00fcr andere engagieren. Und ich hoffe schon jetzt f\u00fcr die Kinder unserer Klinik, dass dieses Buch ein Verkaufsschlager wird!\u201c.<\/p>\n<p>Die Initiative ging von der Jazztanzgruppe des TSV Weyhers \u2013 Ebersberg e.V. aus, die in 2010 ihr 25-j\u00e4hriges Bestehen feiert. Die Showtanzgruppe engagierte sich in den letzten f\u00fcnf Jahren in unterschiedlichen Tanzprojekten. So entstand die Idee, aus dem aktuellen Drehbuchentwurf zum Drachentanztheater f\u00fcr Kinder auch ein\u00c2\u00a0 Lesebuch zu schmieden. \u201eLeichter gesagt als getan\u201c, res\u00fcmierte Alexandra Ballweg, die Leiterin der Jazztanzgruppe in ihrer Ansprache an die G\u00e4ste.  \u201eWer tanzen kann, kann noch lange kein Buch schreiben\u201c. So ging ihr Dank auch zuerst an Heike Grimme, die als Autorin und Illustratorin viel Zeit und M\u00fche investiert hat, um dieses Werk zu vollenden. Viele beschriebene und bemalte Bl\u00e4tter ergeben jedoch noch kein Buch.<\/p>\n<p>Und so wurde die \u201eLoseblattsammlung\u201c an einen starken Partner \u00fcbergeben: Markus Schmitt, stellvertretender Kreissprecher\u00c2\u00a0 der Wirtschaftsjunioren Fulda formte sie &#8211; gemeinsam mit der Werbeagentur Cre art und dem Verlag Parzeller &#8211; mit gro\u00dfem Aufwand und pers\u00f6nlichem Engagement der Wirtschaftsjunioren zu einem Buch.  Dieses \u00fcbergab er im Rahmen der Buchvorstellung an Susanne M\u00f6ller, erste Vorsitzende des F\u00f6rdervereins K\u00e4nguruh e.V.. \u201eJetzt muss es nur noch verkauft werden, je mehr, desto besser\u201c, so M\u00f6ller. Der ausdr\u00fcckliche Dank der Mitglieder der Jazztanzgruppe galt aber auch den \u00fcbrigen Sponsoren und Partnern, ohne die dieses Projekt nicht umsetzbar gewesen w\u00e4re. Hierzu z\u00e4hlen: Sparkasse Fulda, Papperts B\u00e4ckerei, Josef Gehring GmbH &amp; Co. KG, Radom Flug gGmbH, Mineralbrunnen Rh\u00f6n Sprudel und Mercedes-Benz Niederlassung Fulda.<\/p>\n<p>Im Anschluss an die offizielle Buchpr\u00e4sentation konnten die kleinen Patienten der Klinik f\u00fcr Kinder- und Jugendmedizin exklusiv die Geschichte live aus dem Mund von Autorin Heike Grimme, dem Drachen Karl und der Elfe Elfrieda h\u00f6ren: Drache und Elfe ziehen los, damit Karl in der \u201eDRACHENFLUGSCHULE\u201c auf der Wasserkuppe das Fliegen lernen kann. Doch dann f\u00e4ngt es an zu brennen und es beginnt eine spannende Jagd durch die Rh\u00f6n\u00e2\u20ac\u00a6<\/p>\n<p>Das Buch ist ab 01.12.2009 im Verkauf: Titel: \u201eWas Drachen in der Rh\u00f6n so machen\u201c \u00e2\u20ac\u00a6 vom Fliegen, von einem Schnupfen und von anderen Sachen\u00e2\u20ac\u00a6 &#8211; Heike Grimme mit Bildern von Heike Grimme und Margit Dehner. 74 Seiten, gebunden, Preis: 7,50 \u00e2\u201a\u00ac Verkauf: \u00e2\u20ac\u00a2\u00c2\u00a0\u00c2\u00a0 \u00c2\u00a0Im Lesershop der Fuldaer Zeitung \u00e2\u20ac\u00a2\u00c2\u00a0\u00c2\u00a0 \u00c2\u00a0Touristinformationen Ebersburg, Poppenhausen, Gersfeld \u00e2\u20ac\u00a2\u00c2\u00a0\u00c2\u00a0 \u00c2\u00a0Pappert B\u00e4ckereien Weyhers, Poppenhausen, Gersfeld, Dipperz Weitere Verkaufsstellen unter: <a href=\"http:\/\/www.drachentanztheater.de\" target=\"_blank\">www.drachentanztheater.de<\/a>\n\t\t<style type=\"text\/css\">\n\t\t\t#gallery-1 {\n\t\t\t\tmargin: auto;\n\t\t\t}\n\t\t\t#gallery-1 .gallery-item {\n\t\t\t\tfloat: left;\n\t\t\t\tmargin-top: 10px;\n\t\t\t\ttext-align: center;\n\t\t\t\twidth: 50%;\n\t\t\t}\n\t\t\t#gallery-1 img {\n\t\t\t\tborder: 2px solid #cfcfcf;\n\t\t\t}\n\t\t\t#gallery-1 .gallery-caption {\n\t\t\t\tmargin-left: 0;\n\t\t\t}\n\t\t\t\/* see gallery_shortcode() in wp-includes\/media.php *\/\n\t\t<\/style>\n\t\t<div id='gallery-1' class='gallery galleryid-46190 gallery-columns-2 gallery-size-thumbnail'><dl class='gallery-item'>\n\t\t\t<dt class='gallery-icon landscape'>\n\t\t\t\t<a href='https:\/\/www.fuldaernachrichten.de\/wp-content\/uploads\/2009\/11\/091127_Drachen_005.jpg'><img decoding=\"async\" width=\"150\" height=\"99\" src=\"https:\/\/www.fuldaernachrichten.de\/wp-content\/uploads\/2009\/11\/091127_Drachen_005-265x175.jpg\" class=\"attachment-thumbnail size-thumbnail\" alt=\"\" srcset=\"https:\/\/www.fuldaernachrichten.de\/wp-content\/uploads\/2009\/11\/091127_Drachen_005-265x175.jpg 265w, https:\/\/www.fuldaernachrichten.de\/wp-content\/uploads\/2009\/11\/091127_Drachen_005.jpg 592w\" sizes=\"(max-width: 150px) 100vw, 150px\" \/><\/a>\n\t\t\t<\/dt><\/dl><dl class='gallery-item'>\n\t\t\t<dt class='gallery-icon landscape'>\n\t\t\t\t<a href='https:\/\/www.fuldaernachrichten.de\/wp-content\/uploads\/2009\/11\/091127_Drachen_004.jpg'><img decoding=\"async\" width=\"150\" height=\"99\" src=\"https:\/\/www.fuldaernachrichten.de\/wp-content\/uploads\/2009\/11\/091127_Drachen_004-265x175.jpg\" class=\"attachment-thumbnail size-thumbnail\" alt=\"\" srcset=\"https:\/\/www.fuldaernachrichten.de\/wp-content\/uploads\/2009\/11\/091127_Drachen_004-265x175.jpg 265w, https:\/\/www.fuldaernachrichten.de\/wp-content\/uploads\/2009\/11\/091127_Drachen_004.jpg 592w\" sizes=\"(max-width: 150px) 100vw, 150px\" \/><\/a>\n\t\t\t<\/dt><\/dl><br style=\"clear: both\" \/><dl class='gallery-item'>\n\t\t\t<dt class='gallery-icon landscape'>\n\t\t\t\t<a href='https:\/\/www.fuldaernachrichten.de\/wp-content\/uploads\/2009\/11\/091127_Drachen_003.jpg'><img decoding=\"async\" width=\"150\" height=\"99\" src=\"https:\/\/www.fuldaernachrichten.de\/wp-content\/uploads\/2009\/11\/091127_Drachen_003-265x175.jpg\" class=\"attachment-thumbnail size-thumbnail\" alt=\"\" srcset=\"https:\/\/www.fuldaernachrichten.de\/wp-content\/uploads\/2009\/11\/091127_Drachen_003-265x175.jpg 265w, https:\/\/www.fuldaernachrichten.de\/wp-content\/uploads\/2009\/11\/091127_Drachen_003.jpg 592w\" sizes=\"(max-width: 150px) 100vw, 150px\" \/><\/a>\n\t\t\t<\/dt><\/dl><dl class='gallery-item'>\n\t\t\t<dt class='gallery-icon landscape'>\n\t\t\t\t<a href='https:\/\/www.fuldaernachrichten.de\/wp-content\/uploads\/2009\/11\/091127_Drachen_002.jpg'><img loading=\"lazy\" decoding=\"async\" width=\"150\" height=\"99\" src=\"https:\/\/www.fuldaernachrichten.de\/wp-content\/uploads\/2009\/11\/091127_Drachen_002-265x175.jpg\" class=\"attachment-thumbnail size-thumbnail\" alt=\"\" srcset=\"https:\/\/www.fuldaernachrichten.de\/wp-content\/uploads\/2009\/11\/091127_Drachen_002-265x175.jpg 265w, https:\/\/www.fuldaernachrichten.de\/wp-content\/uploads\/2009\/11\/091127_Drachen_002.jpg 592w\" sizes=\"(max-width: 150px) 100vw, 150px\" \/><\/a>\n\t\t\t<\/dt><\/dl><br style=\"clear: both\" \/><dl class='gallery-item'>\n\t\t\t<dt class='gallery-icon portrait'>\n\t\t\t\t<a href='https:\/\/www.fuldaernachrichten.de\/wp-content\/uploads\/2009\/11\/091127_Drachen_001.jpg'><img loading=\"lazy\" decoding=\"async\" width=\"100\" height=\"150\" src=\"https:\/\/www.fuldaernachrichten.de\/wp-content\/uploads\/2009\/11\/091127_Drachen_001-265x399.jpg\" class=\"attachment-thumbnail size-thumbnail\" alt=\"\" srcset=\"https:\/\/www.fuldaernachrichten.de\/wp-content\/uploads\/2009\/11\/091127_Drachen_001-265x399.jpg 265w, https:\/\/www.fuldaernachrichten.de\/wp-content\/uploads\/2009\/11\/091127_Drachen_001.jpg 399w\" sizes=\"(max-width: 100px) 100vw, 100px\" \/><\/a>\n\t\t\t<\/dt><\/dl>\n\t\t\t<br style='clear: both' \/>\n\t\t<\/div>\n<\/p>\n","protected":false},"excerpt":{"rendered":"<div class=\"tmnf_excerpt\"><p>Fulda. Dass hin und wieder ein lebensgro\u00dfes K\u00e4nguruh oder ein Clown in der Kinderklinik des Klinikums Fulda gesehen wird ist schon bekannt. Wer aber gestern nun auch einen gr\u00fcnen Drachen und eine rosa Elfe in den G\u00e4ngen des Klinikums sah, glaubte sicher an Halluzinationen &#8211; doch es war Wirklichkeit. Der Drache Karl und seine Freundin &hellip;<\/p>\n<\/div>","protected":false},"author":1,"featured_media":0,"comment_status":"closed","ping_status":"closed","sticky":false,"template":"","format":"standard","meta":{"footnotes":""},"categories":[1,44,78],"tags":[],"class_list":["post-46190","post","type-post","status-publish","format-standard","hentry","category-startseite","category-kultur","category-topthema"],"_links":{"self":[{"href":"https:\/\/www.fuldaernachrichten.de\/index.php?rest_route=\/wp\/v2\/posts\/46190","targetHints":{"allow":["GET"]}}],"collection":[{"href":"https:\/\/www.fuldaernachrichten.de\/index.php?rest_route=\/wp\/v2\/posts"}],"about":[{"href":"https:\/\/www.fuldaernachrichten.de\/index.php?rest_route=\/wp\/v2\/types\/post"}],"author":[{"embeddable":true,"href":"https:\/\/www.fuldaernachrichten.de\/index.php?rest_route=\/wp\/v2\/users\/1"}],"replies":[{"embeddable":true,"href":"https:\/\/www.fuldaernachrichten.de\/index.php?rest_route=%2Fwp%2Fv2%2Fcomments&post=46190"}],"version-history":[{"count":11,"href":"https:\/\/www.fuldaernachrichten.de\/index.php?rest_route=\/wp\/v2\/posts\/46190\/revisions"}],"predecessor-version":[{"id":46211,"href":"https:\/\/www.fuldaernachrichten.de\/index.php?rest_route=\/wp\/v2\/posts\/46190\/revisions\/46211"}],"wp:attachment":[{"href":"https:\/\/www.fuldaernachrichten.de\/index.php?rest_route=%2Fwp%2Fv2%2Fmedia&parent=46190"}],"wp:term":[{"taxonomy":"category","embeddable":true,"href":"https:\/\/www.fuldaernachrichten.de\/index.php?rest_route=%2Fwp%2Fv2%2Fcategories&post=46190"},{"taxonomy":"post_tag","embeddable":true,"href":"https:\/\/www.fuldaernachrichten.de\/index.php?rest_route=%2Fwp%2Fv2%2Ftags&post=46190"}],"curies":[{"name":"wp","href":"https:\/\/api.w.org\/{rel}","templated":true}]}}