{"id":46173,"date":"2009-11-27T08:11:20","date_gmt":"2009-11-27T07:11:20","guid":{"rendered":"http:\/\/www.schoene-nachrichten.de\/?p=46173"},"modified":"2009-11-28T08:11:34","modified_gmt":"2009-11-28T07:11:34","slug":"warnstreik-im-stadtbusverkehr-fulda-uewag-verkehrsbetriebe-koennen-linien-nur-sporadisch-bedienen","status":"publish","type":"post","link":"https:\/\/www.fuldaernachrichten.de\/?p=46173","title":{"rendered":"Warnstreik im Stadtbusverkehr Fulda \u00dcWAG-Verkehrsbetriebe k\u00f6nnen Linien nur sporadisch bedienen"},"content":{"rendered":"<p><strong>Fulda. <\/strong>Ein unangek\u00fcndigter Warnstreik der Gewerkschaft ver.di hat am Morgen den Stadtbusverkehr in Fulda lahmgelegt. Mit nur sechs statt \u00fcblicherweise 60 Bussen konnten die \u00dcWAG-Verkehrsbetriebe lediglich einige Sch\u00fcler- und Linienfahrten durchf\u00fchren. Auch im Tagesverlauf ist mit deutlichen Einschr\u00e4nkungen im Busverkehr f\u00fcr das Stadtgebiet zu rechnen. <!--more--><\/p>\n<p>\u201eWir bedauern au\u00dferordentlich, dass die Gewerkschaft auf dem R\u00fccken der Fahrg\u00e4ste versucht, Druck f\u00fcr die laufenden Verhandlungen zwischen dem Landesverband Hessischer Omnibusunternehmer (LHO) und ver.di aufzubauen\u201c, sagt Dipl.-Ing. Thomas Lang, Leiter der \u00dcWAG-Verkehrsbetriebe. Da die n\u00e4chsten Verhandlungstermine schon vereinbart sind und konkrete Angebote des LHO bei den Doppelverhandlungen zum Mantel- und Entgelttarifvertrag vorliegen, ist der Warnstreik in Fulda und Marburg f\u00fcr uns unverst\u00e4ndlich und kam \u00fcberraschend.<\/p>\n<p>Jedoch haben die \u00dcWAG-Verkehrsbetriebe sechs Fahrzeuge besetzen k\u00f6nnen und damit Sch\u00fclerinnen und Sch\u00fcler vom Aschenberg und aus K\u00fcnzell in die Stadt gebracht, Fahrg\u00e4ste zu den Werkst\u00e4tten des Antoniusheims bef\u00f6rdert und die Linien 2 (Ziehers-S\u00fcd \u2013 St\u00e4dtische Kliniken \u2013 Aschenberg-West), 5 (Giesel \u2013 Pilgerzell) und 6 (Bronnzell \u2013 Lehnerz) bedient.<\/p>\n<p>\u201eWir bem\u00fchen uns, einen Notfall-Verkehr auf den am st\u00e4rksten frequentierten Linien im Stadtbusbereich weiterhin anbieten zu k\u00f6nnen \u2013 allerdings nicht fahrplanm\u00e4\u00dfig\u201c, sagt Thomas Lang. Mit starken Einschr\u00e4nkungen sei zu rechnen, wenn der Warnstreik, wie von der Gewerkschaft ver.di geplant, den gesamten Tag andauert.<\/p>\n","protected":false},"excerpt":{"rendered":"<div class=\"tmnf_excerpt\"><p>Fulda. Ein unangek\u00fcndigter Warnstreik der Gewerkschaft ver.di hat am Morgen den Stadtbusverkehr in Fulda lahmgelegt. Mit nur sechs statt \u00fcblicherweise 60 Bussen konnten die \u00dcWAG-Verkehrsbetriebe lediglich einige Sch\u00fcler- und Linienfahrten durchf\u00fchren. Auch im Tagesverlauf ist mit deutlichen Einschr\u00e4nkungen im Busverkehr f\u00fcr das Stadtgebiet zu rechnen.<\/p>\n<\/div>","protected":false},"author":1,"featured_media":0,"comment_status":"closed","ping_status":"closed","sticky":false,"template":"","format":"standard","meta":{"footnotes":""},"categories":[1,29],"tags":[],"class_list":["post-46173","post","type-post","status-publish","format-standard","hentry","category-startseite","category-politik"],"_links":{"self":[{"href":"https:\/\/www.fuldaernachrichten.de\/index.php?rest_route=\/wp\/v2\/posts\/46173","targetHints":{"allow":["GET"]}}],"collection":[{"href":"https:\/\/www.fuldaernachrichten.de\/index.php?rest_route=\/wp\/v2\/posts"}],"about":[{"href":"https:\/\/www.fuldaernachrichten.de\/index.php?rest_route=\/wp\/v2\/types\/post"}],"author":[{"embeddable":true,"href":"https:\/\/www.fuldaernachrichten.de\/index.php?rest_route=\/wp\/v2\/users\/1"}],"replies":[{"embeddable":true,"href":"https:\/\/www.fuldaernachrichten.de\/index.php?rest_route=%2Fwp%2Fv2%2Fcomments&post=46173"}],"version-history":[{"count":2,"href":"https:\/\/www.fuldaernachrichten.de\/index.php?rest_route=\/wp\/v2\/posts\/46173\/revisions"}],"predecessor-version":[{"id":46248,"href":"https:\/\/www.fuldaernachrichten.de\/index.php?rest_route=\/wp\/v2\/posts\/46173\/revisions\/46248"}],"wp:attachment":[{"href":"https:\/\/www.fuldaernachrichten.de\/index.php?rest_route=%2Fwp%2Fv2%2Fmedia&parent=46173"}],"wp:term":[{"taxonomy":"category","embeddable":true,"href":"https:\/\/www.fuldaernachrichten.de\/index.php?rest_route=%2Fwp%2Fv2%2Fcategories&post=46173"},{"taxonomy":"post_tag","embeddable":true,"href":"https:\/\/www.fuldaernachrichten.de\/index.php?rest_route=%2Fwp%2Fv2%2Ftags&post=46173"}],"curies":[{"name":"wp","href":"https:\/\/api.w.org\/{rel}","templated":true}]}}