{"id":46155,"date":"2009-11-29T07:10:08","date_gmt":"2009-11-29T06:10:08","guid":{"rendered":"http:\/\/www.schoene-nachrichten.de\/?p=46155"},"modified":"2009-11-29T09:02:28","modified_gmt":"2009-11-29T08:02:28","slug":"bund-der-deutschen-katholischen-jugend-bdkj-im-bistum-fulda","status":"publish","type":"post","link":"https:\/\/www.fuldaernachrichten.de\/?p=46155","title":{"rendered":"Bund der Deutschen Katholischen Jugend (BDKJ) im Bistum Fulda"},"content":{"rendered":"<p><strong>Fulda. <\/strong>Der n\u00e4chste BDKJ-Jugendgottesdienst ist am heutigen Sonntag, 29. November 2009, um 18.30 Uhr in der Pfarrkirche St. Paulus in Fulda (Goerdelerstra\u00dfe 20). Zelebrant ist der Jugendseelsorger der Malteser Jugend, Kaplan Holger Heil aus Somborn. Inhaltlich und musikalisch wird die Eucharistiefeier von der Malteser Jugend gestaltet.<!--more--><\/p>\n<p>Der Bund der deutschen katholischen Jugend (BDKJ) im Bistum Fulda unterst\u00fctzt junge Menschen bei ihrer religi\u00f6sen und pers\u00f6nlichen Entwicklung und Wegfindung. Er bietet u.a. Bildungsurlaubsseminare an und ist Tr\u00e4ger f\u00fcr das Freiwillige Soziale Jahr (FSJ). Als Dachverband vertritt er bistumsweit die Interessen von ca. 7.200 Mitgliedern der Katholischen Jugendverb\u00e4nde DPSG (Deutsche Pfadfinderschaft St. Georg), JAA (Junge Aktion der Ackermanngemeinde), J GCL (Jugendverb\u00e4nde der Gemeinschaft Christlichen Lebens), KjG (Kath. Junge Gemeinde), KLJB (Kath. Landjugendbewegung), KSJ (Kath. Studierende Jugend, Heliand-M\u00e4dchenkreis und Sch\u00fclergemeinschaft im Bund Neudeutschland), Kolpingjugend, Jung-KAB und Malteser Jugend, sowie der DJK (Deutsche Jugendkraft) als Anschlussverband, in Kirche, Politik und Gesellschaft.<\/p>\n","protected":false},"excerpt":{"rendered":"<div class=\"tmnf_excerpt\"><p>Fulda. Der n\u00e4chste BDKJ-Jugendgottesdienst ist am heutigen Sonntag, 29. November 2009, um 18.30 Uhr in der Pfarrkirche St. Paulus in Fulda (Goerdelerstra\u00dfe 20). Zelebrant ist der Jugendseelsorger der Malteser Jugend, Kaplan Holger Heil aus Somborn. Inhaltlich und musikalisch wird die Eucharistiefeier von der Malteser Jugend gestaltet.<\/p>\n<\/div>","protected":false},"author":1,"featured_media":0,"comment_status":"closed","ping_status":"closed","sticky":false,"template":"","format":"standard","meta":{"footnotes":""},"categories":[1,50],"tags":[],"class_list":["post-46155","post","type-post","status-publish","format-standard","hentry","category-startseite","category-kirche"],"_links":{"self":[{"href":"https:\/\/www.fuldaernachrichten.de\/index.php?rest_route=\/wp\/v2\/posts\/46155","targetHints":{"allow":["GET"]}}],"collection":[{"href":"https:\/\/www.fuldaernachrichten.de\/index.php?rest_route=\/wp\/v2\/posts"}],"about":[{"href":"https:\/\/www.fuldaernachrichten.de\/index.php?rest_route=\/wp\/v2\/types\/post"}],"author":[{"embeddable":true,"href":"https:\/\/www.fuldaernachrichten.de\/index.php?rest_route=\/wp\/v2\/users\/1"}],"replies":[{"embeddable":true,"href":"https:\/\/www.fuldaernachrichten.de\/index.php?rest_route=%2Fwp%2Fv2%2Fcomments&post=46155"}],"version-history":[{"count":2,"href":"https:\/\/www.fuldaernachrichten.de\/index.php?rest_route=\/wp\/v2\/posts\/46155\/revisions"}],"predecessor-version":[{"id":46263,"href":"https:\/\/www.fuldaernachrichten.de\/index.php?rest_route=\/wp\/v2\/posts\/46155\/revisions\/46263"}],"wp:attachment":[{"href":"https:\/\/www.fuldaernachrichten.de\/index.php?rest_route=%2Fwp%2Fv2%2Fmedia&parent=46155"}],"wp:term":[{"taxonomy":"category","embeddable":true,"href":"https:\/\/www.fuldaernachrichten.de\/index.php?rest_route=%2Fwp%2Fv2%2Fcategories&post=46155"},{"taxonomy":"post_tag","embeddable":true,"href":"https:\/\/www.fuldaernachrichten.de\/index.php?rest_route=%2Fwp%2Fv2%2Ftags&post=46155"}],"curies":[{"name":"wp","href":"https:\/\/api.w.org\/{rel}","templated":true}]}}