{"id":46153,"date":"2009-11-28T05:30:56","date_gmt":"2009-11-28T04:30:56","guid":{"rendered":"http:\/\/www.schoene-nachrichten.de\/?p=46153"},"modified":"2009-11-28T08:21:10","modified_gmt":"2009-11-28T07:21:10","slug":"himmelslichter-hanau-wieder-auf-dem-weihnachtsmarkt-in-hanau","status":"publish","type":"post","link":"https:\/\/www.fuldaernachrichten.de\/?p=46153","title":{"rendered":"Himmelslichter Hanau wieder auf dem Weihnachtsmarkt in Hanau"},"content":{"rendered":"<p><strong>Hanau. <\/strong>Die Selbsthilfegruppe \u201eHimmelslichter Hanau\u201c sind wieder in einer H\u00fctte auf dem Weihnachtsmarkt in Hanau in der Zeit vom 07.12.-13.12.2009. Auch in diesem Jahr werden die Betroffenen wieder Waffeln f\u00fcr einen guten Zweck verkaufen. Die Dekoration an dem Kindergrabmal am Hauptfriedhof in Hanau in Form von Blumenbepflanzungen soll erneuert werden.<!--more--><\/p>\n<p>Mit dem Erl\u00f6s vom Weihnachtsmarkt soll die Blumenbepflanzung \u00fcber ganze Jahr hinweg gesichert werden. Die Gruppe wird ebenfalls auf das Worldwide Candle Lighting (Weltgedenktag f\u00fcr verstorbene Kinder) am 13.12.2009 hinweisen. N\u00e4heres\u00c2\u00a0 auch unter:<a href=\"http:\/\/www.himmelslichter-hanau.de\" target=\"_blank\"> www.himmelslichter-hanau.de<\/a><\/p>\n","protected":false},"excerpt":{"rendered":"<div class=\"tmnf_excerpt\"><p>Hanau. Die Selbsthilfegruppe \u201eHimmelslichter Hanau\u201c sind wieder in einer H\u00fctte auf dem Weihnachtsmarkt in Hanau in der Zeit vom 07.12.-13.12.2009. Auch in diesem Jahr werden die Betroffenen wieder Waffeln f\u00fcr einen guten Zweck verkaufen. Die Dekoration an dem Kindergrabmal am Hauptfriedhof in Hanau in Form von Blumenbepflanzungen soll erneuert werden.<\/p>\n<\/div>","protected":false},"author":1,"featured_media":0,"comment_status":"closed","ping_status":"closed","sticky":false,"template":"","format":"standard","meta":{"footnotes":""},"categories":[1,44],"tags":[],"class_list":["post-46153","post","type-post","status-publish","format-standard","hentry","category-startseite","category-kultur"],"_links":{"self":[{"href":"https:\/\/www.fuldaernachrichten.de\/index.php?rest_route=\/wp\/v2\/posts\/46153","targetHints":{"allow":["GET"]}}],"collection":[{"href":"https:\/\/www.fuldaernachrichten.de\/index.php?rest_route=\/wp\/v2\/posts"}],"about":[{"href":"https:\/\/www.fuldaernachrichten.de\/index.php?rest_route=\/wp\/v2\/types\/post"}],"author":[{"embeddable":true,"href":"https:\/\/www.fuldaernachrichten.de\/index.php?rest_route=\/wp\/v2\/users\/1"}],"replies":[{"embeddable":true,"href":"https:\/\/www.fuldaernachrichten.de\/index.php?rest_route=%2Fwp%2Fv2%2Fcomments&post=46153"}],"version-history":[{"count":2,"href":"https:\/\/www.fuldaernachrichten.de\/index.php?rest_route=\/wp\/v2\/posts\/46153\/revisions"}],"predecessor-version":[{"id":46258,"href":"https:\/\/www.fuldaernachrichten.de\/index.php?rest_route=\/wp\/v2\/posts\/46153\/revisions\/46258"}],"wp:attachment":[{"href":"https:\/\/www.fuldaernachrichten.de\/index.php?rest_route=%2Fwp%2Fv2%2Fmedia&parent=46153"}],"wp:term":[{"taxonomy":"category","embeddable":true,"href":"https:\/\/www.fuldaernachrichten.de\/index.php?rest_route=%2Fwp%2Fv2%2Fcategories&post=46153"},{"taxonomy":"post_tag","embeddable":true,"href":"https:\/\/www.fuldaernachrichten.de\/index.php?rest_route=%2Fwp%2Fv2%2Ftags&post=46153"}],"curies":[{"name":"wp","href":"https:\/\/api.w.org\/{rel}","templated":true}]}}