{"id":46151,"date":"2009-11-28T05:25:52","date_gmt":"2009-11-28T04:25:52","guid":{"rendered":"http:\/\/www.schoene-nachrichten.de\/?p=46151"},"modified":"2009-11-28T08:19:04","modified_gmt":"2009-11-28T07:19:04","slug":"marktgemeinde-burghaun-unterzeichnet-charta-fuer-den-klimaschutz","status":"publish","type":"post","link":"https:\/\/www.fuldaernachrichten.de\/?p=46151","title":{"rendered":"Marktgemeinde Burghaun unterzeichnet Charta f\u00fcr den Klimaschutz"},"content":{"rendered":"<p><strong>Burghaun. <\/strong>Der B\u00fcrgermeister der Marktgemeinde Burghaun, Alexander Hohmann, hat die hessische Charta f\u00fcr den Klimaschutz unterzeichnet. Die Unterzeichnung fand im Rahmen des 13. Hessischen Klimaschutzforums in Kassel am 25. November 2009 statt. Die Marktgemeinde Burghaun ist damit eine der ersten 25 Kommunen in Hessen, die sich besonders f\u00fcr Klimaschutz in ihrer Region engagiert. Die Charta f\u00fcr den Klimaschutz ist im Rahmen eines Projektes der Nachhaltigkeitsstrategie Hessen ins Leben gerufen worden.<!--more--><\/p>\n<p>\u201eKlimaschutz geht jeden etwas an. Nur gemeinsam, mit der Unterst\u00fctzung von Politik und Gesellschaft, k\u00f6nnen die Kommunen zukunftsf\u00e4hig sein. Deshalb setzt sich, neben anderen Kommunen, auch unsere Gemeinde f\u00fcr den Klimaschutz ein.\u201c, so B\u00fcrgermeister Hohmann. Die Gemeinde Burghaun wird in den n\u00e4chsten Wochen und Monaten ein integriertes Klimaschutzkonzept der Bev\u00f6lkerung vorstellen, um anschlie\u00dfend gemeinsam mit den B\u00fcrgerinnen und B\u00fcrgern \u00fcber Ma\u00dfnamen zur Energieeinsparung und zur Erzeugung von Energie auf regenerativer Basis zu entscheiden.<\/p>\n<p>Mit der Erstunterzeichnung der Charta f\u00fcr den Klimaschutz durch 23 St\u00e4dte und Gemeinden ist am Mittwoch in Kassel das Hessische Klimaschutzforum zu Ende gegangen. Die Kommunen verpflichteten sich, k\u00fcnftig den Energieverbrauch in \u00f6ffentlichen Geb\u00e4uden zu reduzieren, verst\u00e4rkt erneuerbare Energien f\u00fcr die Strom- und W\u00e4rmeerzeugung einzusetzen und den Aussto\u00df sch\u00e4dlicher Treibhausgase zu reduzieren. \u201eInsgesamt such die Landesregierung 100 St\u00e4dte und Gemeinden, die das Papier unterzeichnen\u201c, sagte Umweltstaatssekret\u00e4r Mark Weinmeister beim Klimaschutzforum.<\/p>\n<p>Die zweit\u00e4gige Veranstaltung mit knapp 300 Teilnehmern war eine der letzten internationalen Expertenrunden vor dem Weltklimagipfel von Kopenhagen. Weinmeister rief zu verst\u00e4rktem Einsatz gegen Treibhausgase auf, die das Klima sch\u00e4digten. \u201eDer Klimawandel ist die allergr\u00f6\u00dfte Herausforderung f\u00fcr uns alle. B\u00fcrger und Kommunen k\u00f6nnen vor Ort einen starken Beitrag zum Umwelt- und Klimaschutz leisten. Nur durch aktives Handeln von Reduktion von sch\u00e4dlichen Treibhausgasen kann der Klimawandel aufgehalten werden\u201c, betonte Weinmeister.<\/p>\n<p>Er rief die hessischen Kommunen und St\u00e4dte dazu auf, sich am aktiven Klimaschutz zu beteiligen. Dies sei aus \u00f6kologischen und \u00f6konomischen Gr\u00fcnden sinnvoll. \u201eDer Gewinn f\u00fcr die Kommunen liegt auf der Hand. Energiekosten k\u00f6nnen eingespart und CO\u00c2\u00b2-Emissionen vermindert werden\u201c, hob Manfred Baa\u00df, B\u00fcrgermeister der Stadt Viernheim (Kreis Bergstra\u00dfe), hervor. Zu den unterzeichnenden Kommunen geh\u00f6ren die Kommunen Ahlheim, Bad Hersfeld, Bromskirchen, Burghaun, B\u00fcrstadt, Calden, C\u00f6lbe, Eschwege, Habichtswald, Langen, Lahntal, Lichtenfels, Marburg, Michelstadt, Niestetal, Riedstadt, Rimbach im Odenwald, R\u00f6dermark, Schwalmstadt, Taunusstein, Viernheim, Wetter und Wolfhagen.<\/p>\n","protected":false},"excerpt":{"rendered":"<div class=\"tmnf_excerpt\"><p>Burghaun. Der B\u00fcrgermeister der Marktgemeinde Burghaun, Alexander Hohmann, hat die hessische Charta f\u00fcr den Klimaschutz unterzeichnet. Die Unterzeichnung fand im Rahmen des 13. Hessischen Klimaschutzforums in Kassel am 25. November 2009 statt. Die Marktgemeinde Burghaun ist damit eine der ersten 25 Kommunen in Hessen, die sich besonders f\u00fcr Klimaschutz in ihrer Region engagiert. Die Charta &hellip;<\/p>\n<\/div>","protected":false},"author":1,"featured_media":0,"comment_status":"closed","ping_status":"closed","sticky":false,"template":"","format":"standard","meta":{"footnotes":""},"categories":[1,29,52],"tags":[],"class_list":["post-46151","post","type-post","status-publish","format-standard","hentry","category-startseite","category-politik","category-umwelt"],"_links":{"self":[{"href":"https:\/\/www.fuldaernachrichten.de\/index.php?rest_route=\/wp\/v2\/posts\/46151","targetHints":{"allow":["GET"]}}],"collection":[{"href":"https:\/\/www.fuldaernachrichten.de\/index.php?rest_route=\/wp\/v2\/posts"}],"about":[{"href":"https:\/\/www.fuldaernachrichten.de\/index.php?rest_route=\/wp\/v2\/types\/post"}],"author":[{"embeddable":true,"href":"https:\/\/www.fuldaernachrichten.de\/index.php?rest_route=\/wp\/v2\/users\/1"}],"replies":[{"embeddable":true,"href":"https:\/\/www.fuldaernachrichten.de\/index.php?rest_route=%2Fwp%2Fv2%2Fcomments&post=46151"}],"version-history":[{"count":2,"href":"https:\/\/www.fuldaernachrichten.de\/index.php?rest_route=\/wp\/v2\/posts\/46151\/revisions"}],"predecessor-version":[{"id":46255,"href":"https:\/\/www.fuldaernachrichten.de\/index.php?rest_route=\/wp\/v2\/posts\/46151\/revisions\/46255"}],"wp:attachment":[{"href":"https:\/\/www.fuldaernachrichten.de\/index.php?rest_route=%2Fwp%2Fv2%2Fmedia&parent=46151"}],"wp:term":[{"taxonomy":"category","embeddable":true,"href":"https:\/\/www.fuldaernachrichten.de\/index.php?rest_route=%2Fwp%2Fv2%2Fcategories&post=46151"},{"taxonomy":"post_tag","embeddable":true,"href":"https:\/\/www.fuldaernachrichten.de\/index.php?rest_route=%2Fwp%2Fv2%2Ftags&post=46151"}],"curies":[{"name":"wp","href":"https:\/\/api.w.org\/{rel}","templated":true}]}}