{"id":46141,"date":"2009-11-28T05:35:28","date_gmt":"2009-11-28T04:35:28","guid":{"rendered":"http:\/\/www.schoene-nachrichten.de\/?p=46141"},"modified":"2009-11-28T08:20:41","modified_gmt":"2009-11-28T07:20:41","slug":"mitgliederversammlung-des-dachmarke-rhoen-e-v-tagte","status":"publish","type":"post","link":"https:\/\/www.fuldaernachrichten.de\/?p=46141","title":{"rendered":"Mitgliederversammlung des Dachmarke Rh\u00f6n e.V. tagte"},"content":{"rendered":"<p><strong><a href=\"http:\/\/www.schoene-nachrichten.de\/wp-content\/uploads\/2009\/11\/091127_Mitgliedversammlung.jpg\"><img decoding=\"async\" class=\"alignleft size-thumbnail wp-image-46143\" title=\"091127_Mitgliedversammlung\" src=\"http:\/\/www.schoene-nachrichten.de\/wp-content\/uploads\/2009\/11\/091127_Mitgliedversammlung-265x113.jpg\" alt=\"091127_Mitgliedversammlung\" width=\"265\" height=\"113\" srcset=\"https:\/\/www.fuldaernachrichten.de\/wp-content\/uploads\/2009\/11\/091127_Mitgliedversammlung-265x113.jpg 265w, https:\/\/www.fuldaernachrichten.de\/wp-content\/uploads\/2009\/11\/091127_Mitgliedversammlung.jpg 592w\" sizes=\"(max-width: 265px) 100vw, 265px\" \/><\/a>Dipperz.<\/strong> Ab 1. Januar 2010 wird es f\u00fcr die Siegelnutzer der Dachmarke Rh\u00f6n einige Neuerungen geben. Unter anderem tritt eine neue Beitrags- und Geb\u00fchrenordnung in Kraft. Das hat die Mitgliederversammlung des L\u00e4nder \u00fcbergreifenden Vereins Dachmarke Rh\u00f6n e.V. jetzt w\u00e4hrend ihrer Tagung im B\u00fcrgerhaus in Dipperz beschlossen.<!--more--><\/p>\n<p>In den letzten Monaten sei es bei der Dachmarke Rh\u00f6n um viele organisatorische Fragestellungen gegangen, sagte der Vorsitzende des Vereins Dachmarke Rh\u00f6n, Fuldas Landrat Bernd Woide. Das sei aber notwendig gewesen, weil es sich eben um eine Struktur handle, die nicht nur f\u00fcnf Landkreise, sondern auch drei Bundesl\u00e4nder ber\u00fchre. \u201eInzwischen schauen viele von au\u00dferhalb auf diesen Verein und auf das, was er bewegt\u201c, hob Woide hervor.<\/p>\n<p>Ab 1. Januar 2010 d\u00fcrfen nur noch diejenigen Unternehmen die Qualit\u00e4tssiegel der Dachmarke Rh\u00f6n nutzen, die auch Mitglied im Verein Dachmarke Rh\u00f6n sind. Die Markenrechte werden zurzeit auf diesen Verein \u00fcbertragen; bisher befanden sie sich anteilsm\u00e4\u00dfig bei den f\u00fcnf Rh\u00f6nlandkreisen und den Rh\u00f6n-Vereinen wie dem Verein Natur- und Lebensraum Rh\u00f6n (Hessen) und dem Verein Naturpark &amp; Biosph\u00e4renreservat Bayerische Rh\u00f6n (Bayern).<\/p>\n<p>Da diese Institutionen allesamt Mitglied im Verein Dachmarke Rh\u00f6n sind, findet somit lediglich eine B\u00fcndelung und Vereinfachung im Markenmanagement statt. 229 Siegelnutzer gibt es momentan; von ihnen haben bislang 171 ihre Mitgliedschaft im Verein Dachmarke Rh\u00f6n erkl\u00e4rt.<\/p>\n<p>\u201eDass alle Siegelnutzer Vereinsmitglieder sein m\u00fcssen, entspricht auch einer Auflage des Deutschen Patent- und Markenamts f\u00fcr so genannte Kollektivmarken, wie es das Qualit\u00e4tssiegel Rh\u00f6n darstellt\u201c, erkl\u00e4rte die Gesch\u00e4ftsf\u00fchrerin der Dachmarke Rh\u00f6n GmbH, Barbara Vay. F\u00fcr die Nutzung der Siegel der Rh\u00f6ner Regionalmarke sei es dar\u00fcber hinaus weiterhin erforderlich, dass die Unternehmen die Qualit\u00e4tskriterien f\u00fcr die einzelnen Branchen erf\u00fcllen und ihre Mitglieds- und Markennutzungsgeb\u00fchr p\u00fcnktlich entrichten.<\/p>\n<p>Die neue Beitrags- und Geb\u00fchrensatzung, die ab Januar 2010 gilt, wurde vor der Beschlussfassung eingehend diskutiert. Sie basiert auf einer Staffelung der Markennutzungsgeb\u00fchr auf der Grundlage der Anzahl der Vollzeit-Besch\u00e4ftigten eines Unternehmens. Mindestens sind demnach 90 Euro pro Jahr (bei null bis zwei Besch\u00e4ftigten) und maximal 2.160 Euro (ab 40 Besch\u00e4ftigten) zu entrichten. Als Mitgliedsbeitrag im Verein fallen f\u00fcr Privatpersonen 15 Euro und f\u00fcr Unternehmen und juristische Personen 30 Euro pro Jahr an.<\/p>\n<p>Die Mitgliederversammlung gab zudem ihre Zustimmung zum Haushaltsplanentwurf f\u00fcr den Verein Dachmarke Rh\u00f6n e.V. und das Dachmarkenmanagement. 2010 werden die f\u00fcnf Rh\u00f6ner Landkreise Bad Kissingen, Fulda, Rh\u00f6n-Grabfeld, Schmalkalden-Meiningen und Wartburgkreis rund 80 Prozent der Aufwendungen tragen.<\/p>\n<p>Etwa 20 Prozent stammen aus den Beitr\u00e4gen und Geb\u00fchren f\u00fcr die Mitgliedschaft im Verein und die Nutzung der Siegel. \u201eWir \u00fcbernehmen damit erneut Verantwortung, denn wir wollen diese Regionalmarke zum Erfolg f\u00fchren\u201c, betonte Woide. Gleichzeitig sagte er, dass sich die Dachmarke Rh\u00f6n mittelfristig selbst tragen soll und muss. Das bedeute, dass die Beitr\u00e4ge und Geb\u00fchren, die dann von den Unternehmen erhoben werden, zusammen mit anderen Finanzierungsquellen kostendeckend sein m\u00fcssten.<\/p>\n<p>Es sei nicht immer leicht zu vermitteln, dass die Anschubfinanzierung f\u00fcr die Dachmarke Rh\u00f6n aus den \u00f6ffentlichen Haushalten der Landkreise komme, sagte Bad Kissingens Landrat Thomas Bold. \u201eWir hoffen, dass die Bereitschaft, mehr Geld zu zahlen, bei den Markennutzern steigt, wenn diese merken, dass sie von einer Mitgliedschaft bei der Dachmarke Rh\u00f6n wirklich profitieren.\u201c Die Rh\u00f6ner Regionalmarke werde dann erfolgreich sein, wenn jeder einzelne Partnerbetrieb f\u00fcr ihre Idee werbe, meinte der Landrat.<\/p>\n<p>Barbara Vay erg\u00e4nzte, dass mit den gegenw\u00e4rtig 229 Siegelnutzern noch l\u00e4ngst nicht alle geeigneten Unternehmen der Region erreicht worden seien, sich der Dachmarke Rh\u00f6n anzuschlie\u00dfen. \u201eEs gibt aus meiner Sicht noch ein gro\u00dfes Potential an Betrieben und Produkten. Je mehr sich der Dachmarke Rh\u00f6n anschlie\u00dfen, umso mehr k\u00f6nnen wir an Marketingma\u00dfnahmen realisieren.\u201c Dar\u00fcber hinaus gebe es einige gro\u00dfe Unternehmen, die eventuell als potentielle Sponsoren der Dachmarke Rh\u00f6n in Frage k\u00e4men.<\/p>\n<p>Die Mitgliederversammlung des Vereins Dachmarke Rh\u00f6n e.V. sprach sich au\u00dferdem einstimmig daf\u00fcr aus, 70 neue Mitglieder aufzunehmen, die seit M\u00e4rz dieses Jahres einen entsprechenden Antrag gestellt haben. Von den somit 229 Siegelnutzern entfallen 115 auf den Bereich Gastronomie. Das Biosiegel Rh\u00f6n nutzen 28 Unternehmen; allein 23 geh\u00f6ren den Rh\u00f6ner Hausmachern (Metzger, Schlachtbetriebe und Landwirte) an. Momentan sind Kriterien f\u00fcr 14 verschiedene Branchen erarbeitet; weitere wie etwa f\u00fcr die Bereiche Rind, Wild, Fruchtsaftgetr\u00e4nke, Wein und Lik\u00f6r sollen 2010 auf den Weg gebracht werden, hie\u00df es.<\/p>\n","protected":false},"excerpt":{"rendered":"<div class=\"tmnf_excerpt\"><p>Dipperz. Ab 1. Januar 2010 wird es f\u00fcr die Siegelnutzer der Dachmarke Rh\u00f6n einige Neuerungen geben. Unter anderem tritt eine neue Beitrags- und Geb\u00fchrenordnung in Kraft. Das hat die Mitgliederversammlung des L\u00e4nder \u00fcbergreifenden Vereins Dachmarke Rh\u00f6n e.V. jetzt w\u00e4hrend ihrer Tagung im B\u00fcrgerhaus in Dipperz beschlossen.<\/p>\n<\/div>","protected":false},"author":1,"featured_media":0,"comment_status":"closed","ping_status":"closed","sticky":false,"template":"","format":"standard","meta":{"footnotes":""},"categories":[1,29],"tags":[],"class_list":["post-46141","post","type-post","status-publish","format-standard","hentry","category-startseite","category-politik"],"_links":{"self":[{"href":"https:\/\/www.fuldaernachrichten.de\/index.php?rest_route=\/wp\/v2\/posts\/46141","targetHints":{"allow":["GET"]}}],"collection":[{"href":"https:\/\/www.fuldaernachrichten.de\/index.php?rest_route=\/wp\/v2\/posts"}],"about":[{"href":"https:\/\/www.fuldaernachrichten.de\/index.php?rest_route=\/wp\/v2\/types\/post"}],"author":[{"embeddable":true,"href":"https:\/\/www.fuldaernachrichten.de\/index.php?rest_route=\/wp\/v2\/users\/1"}],"replies":[{"embeddable":true,"href":"https:\/\/www.fuldaernachrichten.de\/index.php?rest_route=%2Fwp%2Fv2%2Fcomments&post=46141"}],"version-history":[{"count":2,"href":"https:\/\/www.fuldaernachrichten.de\/index.php?rest_route=\/wp\/v2\/posts\/46141\/revisions"}],"predecessor-version":[{"id":46257,"href":"https:\/\/www.fuldaernachrichten.de\/index.php?rest_route=\/wp\/v2\/posts\/46141\/revisions\/46257"}],"wp:attachment":[{"href":"https:\/\/www.fuldaernachrichten.de\/index.php?rest_route=%2Fwp%2Fv2%2Fmedia&parent=46141"}],"wp:term":[{"taxonomy":"category","embeddable":true,"href":"https:\/\/www.fuldaernachrichten.de\/index.php?rest_route=%2Fwp%2Fv2%2Fcategories&post=46141"},{"taxonomy":"post_tag","embeddable":true,"href":"https:\/\/www.fuldaernachrichten.de\/index.php?rest_route=%2Fwp%2Fv2%2Ftags&post=46141"}],"curies":[{"name":"wp","href":"https:\/\/api.w.org\/{rel}","templated":true}]}}