{"id":4612,"date":"2007-08-12T00:31:36","date_gmt":"2007-08-11T22:31:36","guid":{"rendered":"http:\/\/www.schoene-nachrichten.de\/?p=4612"},"modified":"2007-08-12T00:31:45","modified_gmt":"2007-08-11T22:31:45","slug":"internationale-studenten-zu-besuch-im-klinikum-fulda","status":"publish","type":"post","link":"https:\/\/www.fuldaernachrichten.de\/?p=4612","title":{"rendered":"Internationale Studenten zu Besuch im Klinikum Fulda"},"content":{"rendered":"<p><strong><atarget=\"_blank\" rel=\"lightbox[roadtrip]\" href=\"http:\/\/www.schoene-nachrichten.de\/wp-content\/uploads\/2007\/08\/070811_internationale-stude.jpg\" title=\"070811_internationale-stude.jpg\"><\/atarget=\"_blank\"><img decoding=\"async\" align=\"left\" src=\"http:\/\/www.schoene-nachrichten.de\/wp-content\/uploads\/2007\/08\/070811_internationale-stude.thumbnail.jpg\" hspace=\"5\" alt=\"070811_internationale-stude.jpg\" \/>Sch\u00f6nes aus Fulda.<\/strong> Im Rahmen der von der Hochschule Fulda veranstalteten Internationalen Sommeruniversit\u00e4t besuchten\u00c2\u00a0 internationale Studenten das Klinikum Fulda.<\/p>\n<p><strong>Foto:<\/strong> Klinikum Fulda<\/p>\n<p><!--more-->Prof. Dr. med. Reiner D\u00f6lp, Vorstand der Klinikum Fulda gAG begr\u00fc\u00dfte die internationalen Studenten im H\u00f6rsaal und stellte das Klinikum Fulda vor, welches eines der gr\u00f6\u00dften Wirtschaftsunternehmen in Osthessen ist.\u00c2\u00a0 Anschlie\u00dfend erfolgte eine F\u00fchrung in die Frauenklinik sowie die\u00c2\u00a0 Besichtigung des Radiologie-Zentrums.<\/p>\n<p>Die Hessische Internationale Sommeruniversit\u00e4t (ISU) ist ein vierw\u00f6chiges Studienprogramm,\u00c2\u00a0das von der Hochschule Fulda getragen und vom Hessischen Ministerium f\u00fcr Wirtschaft und Kunst gef\u00f6rdert wird. Ziel der ISU ist, f\u00fcr Deutschland, die Region Osthessen und die dort angesiedelten Unternehmen zu werben.<\/p>\n","protected":false},"excerpt":{"rendered":"<div class=\"tmnf_excerpt\"><p>Sch\u00f6nes aus Fulda. Im Rahmen der von der Hochschule Fulda veranstalteten Internationalen Sommeruniversit\u00e4t besuchten\u00c2\u00a0 internationale Studenten das Klinikum Fulda. Foto: Klinikum Fulda<\/p>\n<\/div>","protected":false},"author":1,"featured_media":0,"comment_status":"closed","ping_status":"closed","sticky":false,"template":"","format":"standard","meta":{"footnotes":""},"categories":[1,53,51,48],"tags":[],"class_list":["post-4612","post","type-post","status-publish","format-standard","hentry","category-startseite","category-bildung","category-medizin","category-forschung"],"_links":{"self":[{"href":"https:\/\/www.fuldaernachrichten.de\/index.php?rest_route=\/wp\/v2\/posts\/4612","targetHints":{"allow":["GET"]}}],"collection":[{"href":"https:\/\/www.fuldaernachrichten.de\/index.php?rest_route=\/wp\/v2\/posts"}],"about":[{"href":"https:\/\/www.fuldaernachrichten.de\/index.php?rest_route=\/wp\/v2\/types\/post"}],"author":[{"embeddable":true,"href":"https:\/\/www.fuldaernachrichten.de\/index.php?rest_route=\/wp\/v2\/users\/1"}],"replies":[{"embeddable":true,"href":"https:\/\/www.fuldaernachrichten.de\/index.php?rest_route=%2Fwp%2Fv2%2Fcomments&post=4612"}],"version-history":[{"count":0,"href":"https:\/\/www.fuldaernachrichten.de\/index.php?rest_route=\/wp\/v2\/posts\/4612\/revisions"}],"wp:attachment":[{"href":"https:\/\/www.fuldaernachrichten.de\/index.php?rest_route=%2Fwp%2Fv2%2Fmedia&parent=4612"}],"wp:term":[{"taxonomy":"category","embeddable":true,"href":"https:\/\/www.fuldaernachrichten.de\/index.php?rest_route=%2Fwp%2Fv2%2Fcategories&post=4612"},{"taxonomy":"post_tag","embeddable":true,"href":"https:\/\/www.fuldaernachrichten.de\/index.php?rest_route=%2Fwp%2Fv2%2Ftags&post=4612"}],"curies":[{"name":"wp","href":"https:\/\/api.w.org\/{rel}","templated":true}]}}