{"id":46090,"date":"2009-11-27T05:52:56","date_gmt":"2009-11-27T04:52:56","guid":{"rendered":"http:\/\/www.schoene-nachrichten.de\/?p=46090"},"modified":"2009-11-27T07:32:08","modified_gmt":"2009-11-27T06:32:08","slug":"schlechtes-wetter-na-und-wie-witterungsabhaengige-branchen-gut-ueber-den-winter-kommen","status":"publish","type":"post","link":"https:\/\/www.fuldaernachrichten.de\/?p=46090","title":{"rendered":"Schlechtes Wetter \u2013 na und? Wie witterungsabh\u00e4ngige Branchen gut \u00fcber den Winter kommen"},"content":{"rendered":"<p><strong>Fulda.<\/strong> Die Winterzeit ist bekanntlich eine schlechte Zeit f\u00fcr witterungsabh\u00e4ngige Branchen. Kein Grund, seine Mitarbeiter im Regen stehen zu lassen, denn die Agentur f\u00fcr Arbeit Fulda zahlt Zusch\u00fcsse und saisonales Kurzarbeitergeld. Witterungsabh\u00e4ngige Branchen sind unter anderem das Baugewerbe, das Dachdeckerhandwerk oder auch der Garten- und Landschaftsbau und der Ger\u00fcstbau. Diese stehen jetzt vor einer besonderen Herausforderung.<!--more--><\/p>\n<p>Um zu verhindern, dass sich die betroffenen Arbeitnehmer arbeitslos melden m\u00fcssen, wurde vor einigen Jahren das Saison-Kurzarbeitergeld eingef\u00fchrt. Damit kann die Besch\u00e4ftigung von gewerblichen Mitarbeitern in der Schlechtwetterphase vom 1. Dezember bis 31. M\u00e4rz gesichert werden und Unternehmen k\u00f6nnen mit ihrem eingearbeiteten Personal bei besserem Wetter oder Auf-tragseingang sofort wieder die Arbeit aufnehmen.<\/p>\n<p>Ein Versand der Antragsunterlagen auf dem Postwege an alle\u00c2\u00a0 Betriebe des Baugewerbes entf\u00e4llt aus organisatorischen Gr\u00fcnden in diesem Jahr. Ein informatives Merkblatt steht zum Download zur Verf\u00fcgung unter www.arbeitsagentur.de -&gt; Unternehmen\/FinanzielleHilfen\/Kurzarbeitergeld\/Saison-Kurzarbeitergeld.<\/p>\n<p>Betriebe ohne die M\u00f6glichkeit des Internetzugriffs k\u00f6nnen die erforderlichen Unterlagen bei der Agentur f\u00fcr Arbeit Fulda unter 0661\/17-393 und 17-230 oder per E-Mail unter fulda.arbeitgeber-traeger@arbeitsagentur.de) anfordern. Sollte im Betrieb ein nicht nur witterungsbedingter Arbeitsausfall\u00c2\u00a0 vorliegen, ist eine entsprechende Erstanzeige im Verlauf des jeweiligen Ausfallmonats zu stellen.<\/p>\n","protected":false},"excerpt":{"rendered":"<div class=\"tmnf_excerpt\"><p>Fulda. Die Winterzeit ist bekanntlich eine schlechte Zeit f\u00fcr witterungsabh\u00e4ngige Branchen. Kein Grund, seine Mitarbeiter im Regen stehen zu lassen, denn die Agentur f\u00fcr Arbeit Fulda zahlt Zusch\u00fcsse und saisonales Kurzarbeitergeld. Witterungsabh\u00e4ngige Branchen sind unter anderem das Baugewerbe, das Dachdeckerhandwerk oder auch der Garten- und Landschaftsbau und der Ger\u00fcstbau. Diese stehen jetzt vor einer besonderen &hellip;<\/p>\n<\/div>","protected":false},"author":1,"featured_media":0,"comment_status":"closed","ping_status":"closed","sticky":false,"template":"","format":"standard","meta":{"footnotes":""},"categories":[1,53],"tags":[],"class_list":["post-46090","post","type-post","status-publish","format-standard","hentry","category-startseite","category-bildung"],"_links":{"self":[{"href":"https:\/\/www.fuldaernachrichten.de\/index.php?rest_route=\/wp\/v2\/posts\/46090","targetHints":{"allow":["GET"]}}],"collection":[{"href":"https:\/\/www.fuldaernachrichten.de\/index.php?rest_route=\/wp\/v2\/posts"}],"about":[{"href":"https:\/\/www.fuldaernachrichten.de\/index.php?rest_route=\/wp\/v2\/types\/post"}],"author":[{"embeddable":true,"href":"https:\/\/www.fuldaernachrichten.de\/index.php?rest_route=\/wp\/v2\/users\/1"}],"replies":[{"embeddable":true,"href":"https:\/\/www.fuldaernachrichten.de\/index.php?rest_route=%2Fwp%2Fv2%2Fcomments&post=46090"}],"version-history":[{"count":2,"href":"https:\/\/www.fuldaernachrichten.de\/index.php?rest_route=\/wp\/v2\/posts\/46090\/revisions"}],"predecessor-version":[{"id":46118,"href":"https:\/\/www.fuldaernachrichten.de\/index.php?rest_route=\/wp\/v2\/posts\/46090\/revisions\/46118"}],"wp:attachment":[{"href":"https:\/\/www.fuldaernachrichten.de\/index.php?rest_route=%2Fwp%2Fv2%2Fmedia&parent=46090"}],"wp:term":[{"taxonomy":"category","embeddable":true,"href":"https:\/\/www.fuldaernachrichten.de\/index.php?rest_route=%2Fwp%2Fv2%2Fcategories&post=46090"},{"taxonomy":"post_tag","embeddable":true,"href":"https:\/\/www.fuldaernachrichten.de\/index.php?rest_route=%2Fwp%2Fv2%2Ftags&post=46090"}],"curies":[{"name":"wp","href":"https:\/\/api.w.org\/{rel}","templated":true}]}}