{"id":4608,"date":"2007-08-12T00:35:59","date_gmt":"2007-08-11T22:35:59","guid":{"rendered":"http:\/\/www.schoene-nachrichten.de\/?p=4608"},"modified":"2007-08-12T00:39:08","modified_gmt":"2007-08-11T22:39:08","slug":"orgelsommer-im-dom-zu-fulda-2","status":"publish","type":"post","link":"https:\/\/www.fuldaernachrichten.de\/?p=4608","title":{"rendered":"Orgelsommer im Dom zu Fulda"},"content":{"rendered":"<p><strong>Termin.<\/strong> Am heutigen Sonntag, 12. August, um 16.30 Uhr wird im Rahmen des \u201eOrgelsommers im Dom zu Fulda\u201c Leo Kr\u00e4mer aus Speyer Orgelmusik von F. Couperin (\u201eMesse pour les Paroisses\u201c), J. S. Bach (\u201eToccata und Fuge in d-Moll\u201c), F. Mendelssohn-Bartholdy (\u201eSonate d-Moll\u201c) und eine anonyme \u201eBatalla Famossa\u00e2\u20ac\u009d sowie eigene Improvisationen vorstellen. <!--more--><\/p>\n<p>Leo Kr\u00e4mer pr\u00e4gt seit fast 30 Jahren als Domkapellmeister, Domorganist und k\u00fcnstlerischer Leiter der Internationalen Musiktage \u201eDom zu Speyer\u201c nachhaltig das musikalische Geschehen am romanischen Kaiser- und Mariendom zu Speyer am Rhein. Kr\u00e4mer studierte Kirchenmusik in Trier und Saarbr\u00fccken. Er ist Preistr\u00e4ger mehrerer internationaler Orgelwettbewerbe.<\/p>\n<p>Professor Kr\u00e4mer unterrichtet an den Musikhochschulen Saarbr\u00fccken und Mannheim und ist gefragter Juror bei internationalen Orgelwettbewerben. Seit zehn Jahren ist er zudem Leiter des Kammerorchesters der St. Petersburger Philharmoniker, nachdem er zuvor als Chefdirigent der Estnischen Philharmonie Tallinn und Exclusiv Principal Conductor der Philharmonie Minsk t\u00e4tig war. Zahlreiche Rundfunk-, Fernseh- und CD-Aufnahmen unterstreichen seinen Bekanntheitsgrad. (bpf)<br \/>\n\u00c2\u00a0<\/p>\n","protected":false},"excerpt":{"rendered":"<div class=\"tmnf_excerpt\"><p>Termin. Am heutigen Sonntag, 12. August, um 16.30 Uhr wird im Rahmen des \u201eOrgelsommers im Dom zu Fulda\u201c Leo Kr\u00e4mer aus Speyer Orgelmusik von F. Couperin (\u201eMesse pour les Paroisses\u201c), J. S. Bach (\u201eToccata und Fuge in d-Moll\u201c), F. Mendelssohn-Bartholdy (\u201eSonate d-Moll\u201c) und eine anonyme \u201eBatalla Famossa\u00e2\u20ac\u009d sowie eigene Improvisationen vorstellen.<\/p>\n<\/div>","protected":false},"author":1,"featured_media":0,"comment_status":"closed","ping_status":"closed","sticky":false,"template":"","format":"standard","meta":{"footnotes":""},"categories":[1,50,44],"tags":[],"class_list":["post-4608","post","type-post","status-publish","format-standard","hentry","category-startseite","category-kirche","category-kultur"],"_links":{"self":[{"href":"https:\/\/www.fuldaernachrichten.de\/index.php?rest_route=\/wp\/v2\/posts\/4608","targetHints":{"allow":["GET"]}}],"collection":[{"href":"https:\/\/www.fuldaernachrichten.de\/index.php?rest_route=\/wp\/v2\/posts"}],"about":[{"href":"https:\/\/www.fuldaernachrichten.de\/index.php?rest_route=\/wp\/v2\/types\/post"}],"author":[{"embeddable":true,"href":"https:\/\/www.fuldaernachrichten.de\/index.php?rest_route=\/wp\/v2\/users\/1"}],"replies":[{"embeddable":true,"href":"https:\/\/www.fuldaernachrichten.de\/index.php?rest_route=%2Fwp%2Fv2%2Fcomments&post=4608"}],"version-history":[{"count":0,"href":"https:\/\/www.fuldaernachrichten.de\/index.php?rest_route=\/wp\/v2\/posts\/4608\/revisions"}],"wp:attachment":[{"href":"https:\/\/www.fuldaernachrichten.de\/index.php?rest_route=%2Fwp%2Fv2%2Fmedia&parent=4608"}],"wp:term":[{"taxonomy":"category","embeddable":true,"href":"https:\/\/www.fuldaernachrichten.de\/index.php?rest_route=%2Fwp%2Fv2%2Fcategories&post=4608"},{"taxonomy":"post_tag","embeddable":true,"href":"https:\/\/www.fuldaernachrichten.de\/index.php?rest_route=%2Fwp%2Fv2%2Ftags&post=4608"}],"curies":[{"name":"wp","href":"https:\/\/api.w.org\/{rel}","templated":true}]}}