{"id":46074,"date":"2009-11-27T05:42:20","date_gmt":"2009-11-27T04:42:20","guid":{"rendered":"http:\/\/www.schoene-nachrichten.de\/?p=46074"},"modified":"2009-11-27T07:30:29","modified_gmt":"2009-11-27T06:30:29","slug":"hoerbuchpraesentation-in-der-bibliothek-des-priesterseminars","status":"publish","type":"post","link":"https:\/\/www.fuldaernachrichten.de\/?p=46074","title":{"rendered":"H\u00f6rbuchpr\u00e4sentation in der Bibliothek des Priesterseminars"},"content":{"rendered":"<p><strong>Fulda.<\/strong> \u201eDunkle Wolken \u00fcber Rom\u201c \u2013 so hei\u00dft ein neues, spannendes H\u00f6rbuch au dem Fuldaer Verlag Petra Kehl, das sich mit Pius XII. und Rom zur Zeit der deutschen Besatzung (1943-44) befa\u00dft. Es wird am Montag, 30. November, um 19 Uhr im Vortragsraum der Bibliothek des Bisch\u00f6flichen Priesterseminars, Domdechanei 4 (2. Obergescho\u00df), pr\u00e4sentiert. Der Eintritt ist frei.<!--more--><\/p>\n<p>In dem H\u00f6rbuch beschreibt der Theologe und Vatikanspezialist Ulrich Nersinger die Bem\u00fchungen Pius\u00e2\u20ac\u2122 XII. und der Kirche um die Verfolgten w\u00e4hrend der Besatzungszeit. Unter anderem zeigt er auf, wie der Papst kirchliche Einrichtungen f\u00fcr politisch und rassisch Verfolgte \u00f6ffnen lie\u00df. Das H\u00f6rbuch richtet sich unter anderem auch an Jugendliche und l\u00e4\u00dft sich gut im Unterricht einsetzen. (bpf)<\/p>\n","protected":false},"excerpt":{"rendered":"<div class=\"tmnf_excerpt\"><p>Fulda. \u201eDunkle Wolken \u00fcber Rom\u201c \u2013 so hei\u00dft ein neues, spannendes H\u00f6rbuch au dem Fuldaer Verlag Petra Kehl, das sich mit Pius XII. und Rom zur Zeit der deutschen Besatzung (1943-44) befa\u00dft. Es wird am Montag, 30. November, um 19 Uhr im Vortragsraum der Bibliothek des Bisch\u00f6flichen Priesterseminars, Domdechanei 4 (2. Obergescho\u00df), pr\u00e4sentiert. Der Eintritt &hellip;<\/p>\n<\/div>","protected":false},"author":1,"featured_media":0,"comment_status":"closed","ping_status":"closed","sticky":false,"template":"","format":"standard","meta":{"footnotes":""},"categories":[1,44],"tags":[],"class_list":["post-46074","post","type-post","status-publish","format-standard","hentry","category-startseite","category-kultur"],"_links":{"self":[{"href":"https:\/\/www.fuldaernachrichten.de\/index.php?rest_route=\/wp\/v2\/posts\/46074","targetHints":{"allow":["GET"]}}],"collection":[{"href":"https:\/\/www.fuldaernachrichten.de\/index.php?rest_route=\/wp\/v2\/posts"}],"about":[{"href":"https:\/\/www.fuldaernachrichten.de\/index.php?rest_route=\/wp\/v2\/types\/post"}],"author":[{"embeddable":true,"href":"https:\/\/www.fuldaernachrichten.de\/index.php?rest_route=\/wp\/v2\/users\/1"}],"replies":[{"embeddable":true,"href":"https:\/\/www.fuldaernachrichten.de\/index.php?rest_route=%2Fwp%2Fv2%2Fcomments&post=46074"}],"version-history":[{"count":2,"href":"https:\/\/www.fuldaernachrichten.de\/index.php?rest_route=\/wp\/v2\/posts\/46074\/revisions"}],"predecessor-version":[{"id":46116,"href":"https:\/\/www.fuldaernachrichten.de\/index.php?rest_route=\/wp\/v2\/posts\/46074\/revisions\/46116"}],"wp:attachment":[{"href":"https:\/\/www.fuldaernachrichten.de\/index.php?rest_route=%2Fwp%2Fv2%2Fmedia&parent=46074"}],"wp:term":[{"taxonomy":"category","embeddable":true,"href":"https:\/\/www.fuldaernachrichten.de\/index.php?rest_route=%2Fwp%2Fv2%2Fcategories&post=46074"},{"taxonomy":"post_tag","embeddable":true,"href":"https:\/\/www.fuldaernachrichten.de\/index.php?rest_route=%2Fwp%2Fv2%2Ftags&post=46074"}],"curies":[{"name":"wp","href":"https:\/\/api.w.org\/{rel}","templated":true}]}}