{"id":46061,"date":"2009-11-27T05:50:56","date_gmt":"2009-11-27T04:50:56","guid":{"rendered":"http:\/\/www.schoene-nachrichten.de\/?p=46061"},"modified":"2009-11-27T08:49:57","modified_gmt":"2009-11-27T07:49:57","slug":"preisverleihung-des-kwa-schuelerliteraturwettbewerb-themennachmittag-als-deutschland-noch-in-truemmern-lag-60-jahre-bundesrepublik-deutschland","status":"publish","type":"post","link":"https:\/\/www.fuldaernachrichten.de\/?p=46061","title":{"rendered":"Preisverleihung des KWA Sch\u00fclerliteraturwettbewerbs &#8220;Als Deutschland noch in Tr\u00fcmmern lag \u2013  60 Jahre Bundesrepublik Deutschland\u201c"},"content":{"rendered":"<p><strong><a href=\"http:\/\/www.schoene-nachrichten.de\/wp-content\/uploads\/2009\/11\/091126_KWA.jpg\"><img fetchpriority=\"high\" decoding=\"async\" class=\"alignleft size-thumbnail wp-image-46062\" title=\"091126_KWA\" src=\"http:\/\/www.schoene-nachrichten.de\/wp-content\/uploads\/2009\/11\/091126_KWA-265x198.jpg\" alt=\"091126_KWA\" width=\"265\" height=\"198\" srcset=\"https:\/\/www.fuldaernachrichten.de\/wp-content\/uploads\/2009\/11\/091126_KWA-265x198.jpg 265w, https:\/\/www.fuldaernachrichten.de\/wp-content\/uploads\/2009\/11\/091126_KWA.jpg 592w\" sizes=\"(max-width: 265px) 100vw, 265px\" \/><\/a>Unterhaching. <\/strong>Am vergangenen Freitag fand im KWA Stift Brunneck in Ottobrunn die Ehrung der Sch\u00fclerinnen und Sch\u00fcler statt, die am KWA Sch\u00fclerliteraturwettbewerb teilgenommen hatten. Die Gymnasiasten Julia Kirchenbauer, Elisabeth Krutzsch, Luca K\u00f6tter und Till Wolkenhauer erhielten jeweils einen B\u00fcchergutschein im Wert von 150 Euro. Im Rahmen eines Themennachmittags, der ganz im Zeichen des Wettbewerbsmottos stand, wurden die eingereichten Arbeiten, von Gedicht bis Kurzgeschichte, vorgestellt.<!--more--><\/p>\n<p>\u201eAls Deutschland noch in Tr\u00fcmmern lag \u2013 60 Jahre Bundesrepublik Deutschland\u201c, kein einfaches Thema. \u201eF\u00fcr Kinder und Jugendliche ist die Vorstellung, dass es sich bei der Vergangenheit um die Gegenwart von fr\u00fcher handelt, noch schwieriger als f\u00fcr Erwachsene, betonte auch Dr. Gabriele K\u00f6nig, Gesch\u00e4ftsf\u00fchrerin der Kinder-Akademie Fulda und Mitglied der Jury. \u201eUmso wichtiger ist es, dass sich ihnen Gelegenheiten wie dieser Wettbewerb bieten.<\/p>\n<p><a href=\"http:\/\/www.schoene-nachrichten.de\/wp-content\/uploads\/2009\/11\/091126_KWA2.jpg\"><img decoding=\"async\" class=\"alignleft size-thumbnail wp-image-46063\" title=\"091126_KWA2\" src=\"http:\/\/www.schoene-nachrichten.de\/wp-content\/uploads\/2009\/11\/091126_KWA2-265x198.jpg\" alt=\"091126_KWA2\" width=\"265\" height=\"198\" srcset=\"https:\/\/www.fuldaernachrichten.de\/wp-content\/uploads\/2009\/11\/091126_KWA2-265x198.jpg 265w, https:\/\/www.fuldaernachrichten.de\/wp-content\/uploads\/2009\/11\/091126_KWA2.jpg 592w\" sizes=\"(max-width: 265px) 100vw, 265px\" \/><\/a>Hier wird ihnen durch die Auseinandersetzung mit Erfahrungen der eigenen Gro\u00dfeltern verst\u00e4ndlich, dass Vergangenheit und Gegenwart eng miteinander verkn\u00fcpft sind\u201c, so K\u00f6nig weiter. Im Gespr\u00e4ch mit den Sch\u00fclern befragte sie diese nach ihren Beweggr\u00fcnden f\u00fcr die Teilnahme, den Inhalten ihrer Arbeiten und auch ihrer Herangehensweise an die Thematik. Hat sich bei den Jugendlichen im Nachhinein vielleicht auch das Verst\u00e4ndnis f\u00fcr die \u00e4ltere Generation in mancherlei Hinsicht verbessert?<\/p>\n<p>\u201eUns ist es ein Anliegen, den Dialog zwischen der jungen und \u00e4lteren Generation zu f\u00f6rdern, sagte Gisela H\u00fcttis, Stiftsdirektorin des KWA Stift Brunneck und Initiatorin des Sch\u00fclerliteraturwettbewerbs. Und Dr. Stefan Arend, Vorstand von KWA Kuratorium Wohnen im Alter (KWA) und ebenfalls Jury-Mitglied f\u00fcgte hinzu: \u201eNat\u00fcrlich ist es heutzutage ein Leichtes, im Internet geschichtliche Themen zu recherchieren. Doch uns bei KWA kam und kommt es auf den Dialog von Jung und Alt an. Miteinander reden, sich austauschen \u2013 nur so kann jeder vom anderen lernen: die Jungen von den Senioren und umgekehrt.\u201c<\/p>\n<p>Im Gespr\u00e4ch Arends mit einigen Bewohnern des KWA Stift Brunneck erfuhren die anwesenden G\u00e4ste dann noch einige pers\u00f6nliche Erlebnisse und Erinnerungen der Senioren aus der Gr\u00fcndungszeit der Bundesrepublik. Nach dem musikalischen Abschluss des Nachmittags, den Sch\u00fcler des Gymnasiums in Neubiberg gestalteten, diskutierten die G\u00e4ste noch lebhaft weiter und lie\u00dfen sich dabei die Leckereien des kalten Buffets schmecken. Ein Dialog zwischen den Generationen, so wie es das Ziel des Wettbewerbs war.<\/p>\n<p>Auch f\u00fcr 2010 ist wieder ein KWA Sch\u00fclerliteraturwettbewerb geplant. Unter welchem Motto dieser stehen wird, ist noch offen.<\/p>\n<p>Fotos: KWA Kuratorium Wohnen im Alter<\/p>\n","protected":false},"excerpt":{"rendered":"<div class=\"tmnf_excerpt\"><p>Unterhaching. Am vergangenen Freitag fand im KWA Stift Brunneck in Ottobrunn die Ehrung der Sch\u00fclerinnen und Sch\u00fcler statt, die am KWA Sch\u00fclerliteraturwettbewerb teilgenommen hatten. Die Gymnasiasten Julia Kirchenbauer, Elisabeth Krutzsch, Luca K\u00f6tter und Till Wolkenhauer erhielten jeweils einen B\u00fcchergutschein im Wert von 150 Euro. Im Rahmen eines Themennachmittags, der ganz im Zeichen des Wettbewerbsmottos stand, &hellip;<\/p>\n<\/div>","protected":false},"author":1,"featured_media":0,"comment_status":"closed","ping_status":"closed","sticky":false,"template":"","format":"standard","meta":{"footnotes":""},"categories":[1,72,44],"tags":[],"class_list":["post-46061","post","type-post","status-publish","format-standard","hentry","category-startseite","category-jugend","category-kultur"],"_links":{"self":[{"href":"https:\/\/www.fuldaernachrichten.de\/index.php?rest_route=\/wp\/v2\/posts\/46061","targetHints":{"allow":["GET"]}}],"collection":[{"href":"https:\/\/www.fuldaernachrichten.de\/index.php?rest_route=\/wp\/v2\/posts"}],"about":[{"href":"https:\/\/www.fuldaernachrichten.de\/index.php?rest_route=\/wp\/v2\/types\/post"}],"author":[{"embeddable":true,"href":"https:\/\/www.fuldaernachrichten.de\/index.php?rest_route=\/wp\/v2\/users\/1"}],"replies":[{"embeddable":true,"href":"https:\/\/www.fuldaernachrichten.de\/index.php?rest_route=%2Fwp%2Fv2%2Fcomments&post=46061"}],"version-history":[{"count":6,"href":"https:\/\/www.fuldaernachrichten.de\/index.php?rest_route=\/wp\/v2\/posts\/46061\/revisions"}],"predecessor-version":[{"id":46139,"href":"https:\/\/www.fuldaernachrichten.de\/index.php?rest_route=\/wp\/v2\/posts\/46061\/revisions\/46139"}],"wp:attachment":[{"href":"https:\/\/www.fuldaernachrichten.de\/index.php?rest_route=%2Fwp%2Fv2%2Fmedia&parent=46061"}],"wp:term":[{"taxonomy":"category","embeddable":true,"href":"https:\/\/www.fuldaernachrichten.de\/index.php?rest_route=%2Fwp%2Fv2%2Fcategories&post=46061"},{"taxonomy":"post_tag","embeddable":true,"href":"https:\/\/www.fuldaernachrichten.de\/index.php?rest_route=%2Fwp%2Fv2%2Ftags&post=46061"}],"curies":[{"name":"wp","href":"https:\/\/api.w.org\/{rel}","templated":true}]}}