{"id":46055,"date":"2009-11-27T05:30:38","date_gmt":"2009-11-27T04:30:38","guid":{"rendered":"http:\/\/www.schoene-nachrichten.de\/?p=46055"},"modified":"2009-11-27T09:42:14","modified_gmt":"2009-11-27T08:42:14","slug":"bad-brueckenau-budenzauber-in-der-adventszeit","status":"publish","type":"post","link":"https:\/\/www.fuldaernachrichten.de\/?p=46055","title":{"rendered":"Bad Br\u00fcckenau &#8211; Budenzauber in der Adventszeit"},"content":{"rendered":"<p><strong><a href=\"http:\/\/www.schoene-nachrichten.de\/wp-content\/uploads\/2009\/11\/091126_Adventszeit2.jpg\"><\/a><a href=\"http:\/\/www.schoene-nachrichten.de\/wp-content\/uploads\/2009\/11\/091126_Adventszeit3.jpg\"><img fetchpriority=\"high\" decoding=\"async\" class=\"alignleft size-thumbnail wp-image-46059\" title=\"091126_Adventszeit3\" src=\"http:\/\/www.schoene-nachrichten.de\/wp-content\/uploads\/2009\/11\/091126_Adventszeit3-265x353.jpg\" alt=\"091126_Adventszeit3\" width=\"265\" height=\"353\" srcset=\"https:\/\/www.fuldaernachrichten.de\/wp-content\/uploads\/2009\/11\/091126_Adventszeit3-265x353.jpg 265w, https:\/\/www.fuldaernachrichten.de\/wp-content\/uploads\/2009\/11\/091126_Adventszeit3.jpg 399w\" sizes=\"(max-width: 265px) 100vw, 265px\" \/><\/a>Bad Br\u00fcckenau. <\/strong>Das Forum Bad Br\u00fcckenau belebt an den Adventswochenenden die Innenstadt mit weihnachtlichen Buden &amp; St\u00e4nden. Los geht es am 28. November, der H\u00f6hepunkt ist die Ziehung der Tombolagewinne am 19. Dezember durch den Weihnachtsengel. F\u00fcr alle Kinder wird der Engel an diesem Tag auch noch eine kleine \u00dcberraschung mitbringen. An den Wochenenden im Dezember \u00f6ffnen die Gesch\u00e4fte der Innenstadt Ihre T\u00fcren bis 20.00 Uhr (Freitags) und 16.00 Uhr (Samstags). Am Marktplatz findet in den Buden allerlei Weihnachtliches statt, Musik dringt durch die Gassen. Der Duft von hei\u00dfem Gl\u00fchwein kitzelt in der Nase. In den Rh\u00f6nlichtspielen bietet das Forum f\u00fcr alle Kinder kostenlose Kinovorstellungen. An den Freitagen um 17.30 Uhr und den Samstagen um 13.00 Uhr laufen die Filme &#8220;Buddy, der Weihnachtself&#8221; (04.\/05. Dez.), &#8220;Polarexpress&#8221; (11.\/12. Dez.) und &#8220;A christmas story&#8221; (18.\/19. Dez.). Die Gutscheine liegen ab Dezember in den teilnehmenden Gesch\u00e4ften der Innenstadt aus. Die Weihnachtsverlosung startet am kommenden Samstag. \u00dcber 40 Betriebe nehmen teil und verlosen auch dieses Jahr wieder viele Gewinne unter Ihren Kunden. Lose findet man in allen teilnehmenden Betrieben.<!--more--><\/p>\n<p>Das Forum hat sich dieses Jahr etwas Besonderes einfallen lassen: Die Hauptpreise werden am 19. Dezember um 15.00 Uhr am Marktplatz gezogen und sofort \u00fcberreicht. Auch dieses Jahr stehen hochwertige Gewinne bereit. Das Forum verlost unter allen eingeworfenen Losen einen aktuellen Gro\u00dfbildfernseher, eine Spielekonsole der neuesten Generation und eine sehr attraktive Digitalkamera.<\/p>\n<p><a href=\"http:\/\/www.schoene-nachrichten.de\/wp-content\/uploads\/2009\/11\/091126_Adventszeit2.jpg\"><img decoding=\"async\" class=\"alignnone size-thumbnail wp-image-46058\" title=\"091126_Adventszeit2\" src=\"http:\/\/www.schoene-nachrichten.de\/wp-content\/uploads\/2009\/11\/091126_Adventszeit2-265x198.jpg\" alt=\"091126_Adventszeit2\" width=\"265\" height=\"198\" srcset=\"https:\/\/www.fuldaernachrichten.de\/wp-content\/uploads\/2009\/11\/091126_Adventszeit2-265x198.jpg 265w, https:\/\/www.fuldaernachrichten.de\/wp-content\/uploads\/2009\/11\/091126_Adventszeit2.jpg 592w\" sizes=\"(max-width: 265px) 100vw, 265px\" \/><\/a> <a href=\"http:\/\/www.schoene-nachrichten.de\/wp-content\/uploads\/2009\/11\/091126_Adventszeit.jpg\"><img decoding=\"async\" class=\"alignnone size-thumbnail wp-image-46057\" title=\"091126_Adventszeit\" src=\"http:\/\/www.schoene-nachrichten.de\/wp-content\/uploads\/2009\/11\/091126_Adventszeit-265x198.jpg\" alt=\"091126_Adventszeit\" width=\"265\" height=\"198\" srcset=\"https:\/\/www.fuldaernachrichten.de\/wp-content\/uploads\/2009\/11\/091126_Adventszeit-265x198.jpg 265w, https:\/\/www.fuldaernachrichten.de\/wp-content\/uploads\/2009\/11\/091126_Adventszeit.jpg 592w\" sizes=\"(max-width: 265px) 100vw, 265px\" \/><\/a><\/p>\n<p>Dar\u00fcber hinaus werden wertvolle Einkaufsgutscheine ausgespielt. Das Forum Bad Br\u00fcckenau w\u00fcnscht allen Mitgliedern, Gesch\u00e4ftsleuten, B\u00fcrgern &amp; G\u00e4sten eine sch\u00f6ne Adventszeit und freut sich sehr auf die Adventsstimmung bei Stollen &amp; Gl\u00fchwein in der Innenstadt.<\/p>\n","protected":false},"excerpt":{"rendered":"<div class=\"tmnf_excerpt\"><p>Bad Br\u00fcckenau. Das Forum Bad Br\u00fcckenau belebt an den Adventswochenenden die Innenstadt mit weihnachtlichen Buden &amp; St\u00e4nden. Los geht es am 28. November, der H\u00f6hepunkt ist die Ziehung der Tombolagewinne am 19. Dezember durch den Weihnachtsengel. F\u00fcr alle Kinder wird der Engel an diesem Tag auch noch eine kleine \u00dcberraschung mitbringen. An den Wochenenden im &hellip;<\/p>\n<\/div>","protected":false},"author":1,"featured_media":0,"comment_status":"closed","ping_status":"closed","sticky":false,"template":"","format":"standard","meta":{"footnotes":""},"categories":[1,44],"tags":[],"class_list":["post-46055","post","type-post","status-publish","format-standard","hentry","category-startseite","category-kultur"],"_links":{"self":[{"href":"https:\/\/www.fuldaernachrichten.de\/index.php?rest_route=\/wp\/v2\/posts\/46055","targetHints":{"allow":["GET"]}}],"collection":[{"href":"https:\/\/www.fuldaernachrichten.de\/index.php?rest_route=\/wp\/v2\/posts"}],"about":[{"href":"https:\/\/www.fuldaernachrichten.de\/index.php?rest_route=\/wp\/v2\/types\/post"}],"author":[{"embeddable":true,"href":"https:\/\/www.fuldaernachrichten.de\/index.php?rest_route=\/wp\/v2\/users\/1"}],"replies":[{"embeddable":true,"href":"https:\/\/www.fuldaernachrichten.de\/index.php?rest_route=%2Fwp%2Fv2%2Fcomments&post=46055"}],"version-history":[{"count":4,"href":"https:\/\/www.fuldaernachrichten.de\/index.php?rest_route=\/wp\/v2\/posts\/46055\/revisions"}],"predecessor-version":[{"id":46142,"href":"https:\/\/www.fuldaernachrichten.de\/index.php?rest_route=\/wp\/v2\/posts\/46055\/revisions\/46142"}],"wp:attachment":[{"href":"https:\/\/www.fuldaernachrichten.de\/index.php?rest_route=%2Fwp%2Fv2%2Fmedia&parent=46055"}],"wp:term":[{"taxonomy":"category","embeddable":true,"href":"https:\/\/www.fuldaernachrichten.de\/index.php?rest_route=%2Fwp%2Fv2%2Fcategories&post=46055"},{"taxonomy":"post_tag","embeddable":true,"href":"https:\/\/www.fuldaernachrichten.de\/index.php?rest_route=%2Fwp%2Fv2%2Ftags&post=46055"}],"curies":[{"name":"wp","href":"https:\/\/api.w.org\/{rel}","templated":true}]}}