{"id":46044,"date":"2009-11-27T05:58:31","date_gmt":"2009-11-27T04:58:31","guid":{"rendered":"http:\/\/www.schoene-nachrichten.de\/?p=46044"},"modified":"2009-11-27T07:38:47","modified_gmt":"2009-11-27T06:38:47","slug":"weihnachten-im-schuhkarton-paketaktion-der-florenbergschule-pilgerzell","status":"publish","type":"post","link":"https:\/\/www.fuldaernachrichten.de\/?p=46044","title":{"rendered":"Weihnachten im Schuhkarton &#8211; Paketaktion der Florenbergschule Pilgerzell"},"content":{"rendered":"<p><strong><a href=\"http:\/\/www.schoene-nachrichten.de\/wp-content\/uploads\/2009\/11\/091126_Geschenke.jpg\"><img fetchpriority=\"high\" decoding=\"async\" class=\"alignleft size-thumbnail wp-image-46045\" title=\"091126_Geschenke\" src=\"http:\/\/www.schoene-nachrichten.de\/wp-content\/uploads\/2009\/11\/091126_Geschenke-265x198.jpg\" alt=\"091126_Geschenke\" width=\"265\" height=\"198\" srcset=\"https:\/\/www.fuldaernachrichten.de\/wp-content\/uploads\/2009\/11\/091126_Geschenke-265x198.jpg 265w, https:\/\/www.fuldaernachrichten.de\/wp-content\/uploads\/2009\/11\/091126_Geschenke.jpg 592w\" sizes=\"(max-width: 265px) 100vw, 265px\" \/><\/a>Pilgerzell. <\/strong>In strahlende Kinderaugen konnte man k\u00fcrzlich an der Florenbergschule schauen, als die Kinder der Klasse 2c beim Verladen der\u00c2\u00a0 Schuhkartons f\u00fcr die Aktion &#8220;Weihnachten im Schuhkarton&#8221; helfen durften. In den vorangegangenen zehn Tagen hatten alle Kinder der Florenbergschule die M\u00f6glichkeit, zusammen mit den Eltern Schuhkartons mit Geschenken f\u00fcr Kinder in Osteuropa und S\u00fcdafrika zu packen.<!--more--><\/p>\n<p>Damit m\u00f6chten die Kinder der Schule die Arbeit des Vereins &#8220;Geschenke der Hoffnung&#8221; unterst\u00fctzen. Mitarbeiter des Vereins verteilen die gepackten Schuhkartons in den jeweiligen Armenvierteln, um den Kindern dort eine Weihnachtsfreude &#8212; vielleicht die allererste \u00fcberhaupt zu bereiten.<\/p>\n<p>Schon im Laufe der zehn Tage bewunderten die Kinder der Schule immer wieder die zunehmende Anzahl der Schuhkartons in der Eingangshalle, bis dann schlie\u00dflich deren Gesamtzahl feststand: Gemeinsam hatte die Schulgemeinde \u00fcber 130 Schuhkartons f\u00fcr Kinder in Not gepackt. Alle P\u00e4ckchenpacker k\u00f6nnen wirklich stolz auf dieses Ergebnis sein. Sicherlich wird es bald auch andernorts solche strahlenden Kinderaugen geben wie in Pilgerzell.<\/p>\n","protected":false},"excerpt":{"rendered":"<div class=\"tmnf_excerpt\"><p>Pilgerzell. In strahlende Kinderaugen konnte man k\u00fcrzlich an der Florenbergschule schauen, als die Kinder der Klasse 2c beim Verladen der\u00c2\u00a0 Schuhkartons f\u00fcr die Aktion &#8220;Weihnachten im Schuhkarton&#8221; helfen durften. In den vorangegangenen zehn Tagen hatten alle Kinder der Florenbergschule die M\u00f6glichkeit, zusammen mit den Eltern Schuhkartons mit Geschenken f\u00fcr Kinder in Osteuropa und S\u00fcdafrika zu &hellip;<\/p>\n<\/div>","protected":false},"author":1,"featured_media":0,"comment_status":"closed","ping_status":"closed","sticky":false,"template":"","format":"standard","meta":{"footnotes":""},"categories":[1],"tags":[],"class_list":["post-46044","post","type-post","status-publish","format-standard","hentry","category-startseite"],"_links":{"self":[{"href":"https:\/\/www.fuldaernachrichten.de\/index.php?rest_route=\/wp\/v2\/posts\/46044","targetHints":{"allow":["GET"]}}],"collection":[{"href":"https:\/\/www.fuldaernachrichten.de\/index.php?rest_route=\/wp\/v2\/posts"}],"about":[{"href":"https:\/\/www.fuldaernachrichten.de\/index.php?rest_route=\/wp\/v2\/types\/post"}],"author":[{"embeddable":true,"href":"https:\/\/www.fuldaernachrichten.de\/index.php?rest_route=\/wp\/v2\/users\/1"}],"replies":[{"embeddable":true,"href":"https:\/\/www.fuldaernachrichten.de\/index.php?rest_route=%2Fwp%2Fv2%2Fcomments&post=46044"}],"version-history":[{"count":2,"href":"https:\/\/www.fuldaernachrichten.de\/index.php?rest_route=\/wp\/v2\/posts\/46044\/revisions"}],"predecessor-version":[{"id":46125,"href":"https:\/\/www.fuldaernachrichten.de\/index.php?rest_route=\/wp\/v2\/posts\/46044\/revisions\/46125"}],"wp:attachment":[{"href":"https:\/\/www.fuldaernachrichten.de\/index.php?rest_route=%2Fwp%2Fv2%2Fmedia&parent=46044"}],"wp:term":[{"taxonomy":"category","embeddable":true,"href":"https:\/\/www.fuldaernachrichten.de\/index.php?rest_route=%2Fwp%2Fv2%2Fcategories&post=46044"},{"taxonomy":"post_tag","embeddable":true,"href":"https:\/\/www.fuldaernachrichten.de\/index.php?rest_route=%2Fwp%2Fv2%2Ftags&post=46044"}],"curies":[{"name":"wp","href":"https:\/\/api.w.org\/{rel}","templated":true}]}}