{"id":4602,"date":"2007-08-11T18:20:36","date_gmt":"2007-08-11T16:20:36","guid":{"rendered":"http:\/\/www.schoene-nachrichten.de\/?p=4602"},"modified":"2007-08-11T22:34:29","modified_gmt":"2007-08-11T20:34:29","slug":"heute-und-morgen-biosphaerenreservat-rhoen-im-hr","status":"publish","type":"post","link":"https:\/\/www.fuldaernachrichten.de\/?p=4602","title":{"rendered":"Heute und morgen: Biosph\u00e4renreservat Rh\u00f6n im HR"},"content":{"rendered":"<p><strong>Tipp.<\/strong> Der Rundfunksender HR-Info sendet am heutigen Samstag, 11.08.2007, um 20.30 Uhr sowie am morgigen Sonntag, 12.08.2007 um 08.30 Uhr in der Sendung \u201eUmwelt und Entwicklung\u201c \u00fcber das Biosph\u00e4renreservat Rh\u00f6n. Der Journalist Johannes Kaiser hinterfragte in zahlreichen Interviews die Entwicklung des Biosph\u00e4renreservates Rh\u00f6n, den Erfolg der einzelnen Projekte und die Vermarktung der Regionalen Produkte.<\/p>\n","protected":false},"excerpt":{"rendered":"<div class=\"tmnf_excerpt\"><p>Tipp. Der Rundfunksender HR-Info sendet am heutigen Samstag, 11.08.2007, um 20.30 Uhr sowie am morgigen Sonntag, 12.08.2007 um 08.30 Uhr in der Sendung \u201eUmwelt und Entwicklung\u201c \u00fcber das Biosph\u00e4renreservat Rh\u00f6n. Der Journalist Johannes Kaiser hinterfragte in zahlreichen Interviews die Entwicklung des Biosph\u00e4renreservates Rh\u00f6n, den Erfolg der einzelnen Projekte und die Vermarktung der Regionalen Produkte.<\/p>\n<\/div>","protected":false},"author":1,"featured_media":0,"comment_status":"closed","ping_status":"closed","sticky":false,"template":"","format":"standard","meta":{"footnotes":""},"categories":[1,52],"tags":[],"class_list":["post-4602","post","type-post","status-publish","format-standard","hentry","category-startseite","category-umwelt"],"_links":{"self":[{"href":"https:\/\/www.fuldaernachrichten.de\/index.php?rest_route=\/wp\/v2\/posts\/4602","targetHints":{"allow":["GET"]}}],"collection":[{"href":"https:\/\/www.fuldaernachrichten.de\/index.php?rest_route=\/wp\/v2\/posts"}],"about":[{"href":"https:\/\/www.fuldaernachrichten.de\/index.php?rest_route=\/wp\/v2\/types\/post"}],"author":[{"embeddable":true,"href":"https:\/\/www.fuldaernachrichten.de\/index.php?rest_route=\/wp\/v2\/users\/1"}],"replies":[{"embeddable":true,"href":"https:\/\/www.fuldaernachrichten.de\/index.php?rest_route=%2Fwp%2Fv2%2Fcomments&post=4602"}],"version-history":[{"count":0,"href":"https:\/\/www.fuldaernachrichten.de\/index.php?rest_route=\/wp\/v2\/posts\/4602\/revisions"}],"wp:attachment":[{"href":"https:\/\/www.fuldaernachrichten.de\/index.php?rest_route=%2Fwp%2Fv2%2Fmedia&parent=4602"}],"wp:term":[{"taxonomy":"category","embeddable":true,"href":"https:\/\/www.fuldaernachrichten.de\/index.php?rest_route=%2Fwp%2Fv2%2Fcategories&post=4602"},{"taxonomy":"post_tag","embeddable":true,"href":"https:\/\/www.fuldaernachrichten.de\/index.php?rest_route=%2Fwp%2Fv2%2Ftags&post=4602"}],"curies":[{"name":"wp","href":"https:\/\/api.w.org\/{rel}","templated":true}]}}