{"id":46004,"date":"2009-11-26T05:05:48","date_gmt":"2009-11-26T04:05:48","guid":{"rendered":"http:\/\/www.schoene-nachrichten.de\/?p=46004"},"modified":"2009-11-25T17:43:09","modified_gmt":"2009-11-25T16:43:09","slug":"hr2-kultur-portraetiert-die-musikstadt-fulda","status":"publish","type":"post","link":"https:\/\/www.fuldaernachrichten.de\/?p=46004","title":{"rendered":"hr2-kultur portr\u00e4tiert die \u201eMusikstadt Fulda\u201c"},"content":{"rendered":"<p><strong>Fulda.<\/strong> Fulda ist eine Bischofsstadt mit langer kirchenmusikalischer Tradition. Was die osthessische Barockstadt auch dar\u00fcber hinaus musikalisch zu bieten hat, erfahren die Radioh\u00f6rer bei dem Themenabend \u201eMusikstadt Fulda\u201c am Samstag, 28. November, von 20.05 bis 23 Uhr in hr2-kultur. In zahlreichen Interviews, Beitr\u00e4gen und mit viel Musik aus Fulda zeichnet\u00c2\u00a0\u00c2\u00a0 Andreas Bomba ein musikalisches Stadtportr\u00e4t. Studiogast der dreist\u00fcndigen Live-Sendung ist Domkapellmeister Franz-Peter Huber.<!--more--><\/p>\n<p>Bereits im 17. und 18. Jahrhundert unterhielten die Fuldaer \u201eF\u00fcrst\u00e4bte\u201c, die gleichzeitig geistliche und weltliche W\u00fcrdentr\u00e4ger waren, in ihrer Residenz ein Hoforchester und etliche Ch\u00f6re. Heute noch spielt der Dom mit seinen verschiedenen Ch\u00f6ren eine wichtige Rolle im Fuldaer Musikleben.\u00c2\u00a0 Daneben pr\u00e4gen der traditionsreiche st\u00e4dtische Konzertchor \u201eWinfridia\u201c und das rund f\u00fcnfzig aktive Mitglieder z\u00e4hlende \u201eKammerorchester der Jugend\u201c Fuldas Musikkultur.<\/p>\n<p>Um die musikalische Ausbildung bem\u00fchen sich auch die Schulen sowie die Musikschule der Stadt Fulda. Das vielf\u00e4ltige Konzert-, Opern- und Theaterprogramm des Kulturamts im Schlosstheater wird von freien Veranstaltern wie den Jazzfreunden Fulda oder dem Kultur-Caf\u00e9 erg\u00e4nzt. Sogar ein eigenes Musical kann Fulda f\u00fcr sich verbuchen: das 2005 als \u201eMusical des Jahres\u201c ausgezeichnete St\u00fcck \u00fcber den Stadtpatron Bonifatius.<\/p>\n<p>Unter dem Titel \u201eMusikland Hessen\u201c ging hr2-kultur bereits in\u00c2\u00a0 Bad Arolsen, Darmstadt, Erbach, Frankfurt, Kassel, Limburg, Marburg, Offenbach und Wiesbaden auf musikalische Spurensuche.<\/p>\n","protected":false},"excerpt":{"rendered":"<div class=\"tmnf_excerpt\"><p>Fulda. Fulda ist eine Bischofsstadt mit langer kirchenmusikalischer Tradition. Was die osthessische Barockstadt auch dar\u00fcber hinaus musikalisch zu bieten hat, erfahren die Radioh\u00f6rer bei dem Themenabend \u201eMusikstadt Fulda\u201c am Samstag, 28. November, von 20.05 bis 23 Uhr in hr2-kultur. In zahlreichen Interviews, Beitr\u00e4gen und mit viel Musik aus Fulda zeichnet\u00c2\u00a0\u00c2\u00a0 Andreas Bomba ein musikalisches Stadtportr\u00e4t. &hellip;<\/p>\n<\/div>","protected":false},"author":1,"featured_media":0,"comment_status":"closed","ping_status":"closed","sticky":false,"template":"","format":"standard","meta":{"footnotes":""},"categories":[1,44],"tags":[],"class_list":["post-46004","post","type-post","status-publish","format-standard","hentry","category-startseite","category-kultur"],"_links":{"self":[{"href":"https:\/\/www.fuldaernachrichten.de\/index.php?rest_route=\/wp\/v2\/posts\/46004","targetHints":{"allow":["GET"]}}],"collection":[{"href":"https:\/\/www.fuldaernachrichten.de\/index.php?rest_route=\/wp\/v2\/posts"}],"about":[{"href":"https:\/\/www.fuldaernachrichten.de\/index.php?rest_route=\/wp\/v2\/types\/post"}],"author":[{"embeddable":true,"href":"https:\/\/www.fuldaernachrichten.de\/index.php?rest_route=\/wp\/v2\/users\/1"}],"replies":[{"embeddable":true,"href":"https:\/\/www.fuldaernachrichten.de\/index.php?rest_route=%2Fwp%2Fv2%2Fcomments&post=46004"}],"version-history":[{"count":3,"href":"https:\/\/www.fuldaernachrichten.de\/index.php?rest_route=\/wp\/v2\/posts\/46004\/revisions"}],"predecessor-version":[{"id":46010,"href":"https:\/\/www.fuldaernachrichten.de\/index.php?rest_route=\/wp\/v2\/posts\/46004\/revisions\/46010"}],"wp:attachment":[{"href":"https:\/\/www.fuldaernachrichten.de\/index.php?rest_route=%2Fwp%2Fv2%2Fmedia&parent=46004"}],"wp:term":[{"taxonomy":"category","embeddable":true,"href":"https:\/\/www.fuldaernachrichten.de\/index.php?rest_route=%2Fwp%2Fv2%2Fcategories&post=46004"},{"taxonomy":"post_tag","embeddable":true,"href":"https:\/\/www.fuldaernachrichten.de\/index.php?rest_route=%2Fwp%2Fv2%2Ftags&post=46004"}],"curies":[{"name":"wp","href":"https:\/\/api.w.org\/{rel}","templated":true}]}}