{"id":45996,"date":"2009-11-26T05:25:20","date_gmt":"2009-11-26T04:25:20","guid":{"rendered":"http:\/\/www.schoene-nachrichten.de\/?p=45996"},"modified":"2009-11-25T17:46:39","modified_gmt":"2009-11-25T16:46:39","slug":"erster-spatenstich-fuer-neubau-des-buergerhauses-im-ehrenberger-ortsteil-reulbach","status":"publish","type":"post","link":"https:\/\/www.fuldaernachrichten.de\/?p=45996","title":{"rendered":"Erster Spatenstich f\u00fcr Neubau des B\u00fcrgerhauses im Ehrenberger Ortsteil Reulbach"},"content":{"rendered":"<p><strong><a href=\"http:\/\/www.schoene-nachrichten.de\/wp-content\/uploads\/2009\/11\/091125_Dorfgemeinschaftshaus.jpg\"><img fetchpriority=\"high\" decoding=\"async\" class=\"alignleft size-thumbnail wp-image-45997\" title=\"091125_Dorfgemeinschaftshaus\" src=\"http:\/\/www.schoene-nachrichten.de\/wp-content\/uploads\/2009\/11\/091125_Dorfgemeinschaftshaus-265x198.jpg\" alt=\"091125_Dorfgemeinschaftshaus\" width=\"265\" height=\"198\" srcset=\"https:\/\/www.fuldaernachrichten.de\/wp-content\/uploads\/2009\/11\/091125_Dorfgemeinschaftshaus-265x198.jpg 265w, https:\/\/www.fuldaernachrichten.de\/wp-content\/uploads\/2009\/11\/091125_Dorfgemeinschaftshaus.jpg 592w\" sizes=\"(max-width: 265px) 100vw, 265px\" \/><\/a>Ehrenberg\/Fulda.<\/strong> Im dritten Jahr nach Anerkennung als F\u00f6rderschwerpunkt im hessischen Dorferneuerungsprogramm wurde mit dem Neubau des Dorferneuerungsprogramms das zentrale Projekt der Dorferneuerung in Reulbach auf den Weg gebracht. In Gegenwart von Architekt Edgar Heller, Vertretern der beauftragten Baufirma und des Arbeitskreises Dorferneuerung sowie der gemeindlichen Gremien und des Ortsbeirats mit Ortsvorsteher Roland Hohmann \u00fcberreichte Landrat Bernd Woide einen Bewilligungsbescheid \u00fcber 286.960 Euro an B\u00fcrgermeister Thomas Schreiner. <!--more--><\/p>\n<p>Beim ersten Spatenstich machte Landrat Woide deutlich, dass die Dorferneuerung eine gro\u00dfe Chance f\u00fcr die Entwicklung eines Dorfes sei, mittlerweile aber auch gro\u00dfe Anforderungen an die B\u00fcrger selbst stelle. Mit erheblichen Zusch\u00fcssen zu den Planungs- und Baukosten allein lie\u00dfen sich Projekte wie der Bau des neuen Dorfgemeinschaftshauses in Reulbach nicht mehr umsetzen. Gefordert seien daneben zunehmend b\u00fcrgerschaftliche Eigenleistungen \u2013 und die d\u00fcrften sich hier auf fast 190.000 Euro belaufen, bei Gesamtkosten in H\u00f6he von gut 870.000 Euro.<\/p>\n<p>Landrat Woide ist sich jedoch sicher, dass die Reulbacher ihren Teil dazu beitragen w\u00fcrden, sich mit dem neuen Dorfgemeinschaftshaus und der darin vorgesehenen gastronomischen Einrichtung auch ein neues Zentrum f\u00fcr ihr d\u00f6rfliches Leben zu schaffen. Gerade ein Neubau bietet \u2013 bei allem Bedauern um das nicht sanierungsf\u00e4hige alte Schulgeb\u00e4ude \u2013\u00c2\u00a0 in besonderem Ma\u00dfe die M\u00f6glichkeit, energetische Ma\u00dfst\u00e4be zu setzen und ein optimales Raumkonzept f\u00fcr ein zukunftsf\u00e4higes Gemeinschaftsleben in Reulbach zu verwirklichen.<\/p>\n","protected":false},"excerpt":{"rendered":"<div class=\"tmnf_excerpt\"><p>Ehrenberg\/Fulda. Im dritten Jahr nach Anerkennung als F\u00f6rderschwerpunkt im hessischen Dorferneuerungsprogramm wurde mit dem Neubau des Dorferneuerungsprogramms das zentrale Projekt der Dorferneuerung in Reulbach auf den Weg gebracht. In Gegenwart von Architekt Edgar Heller, Vertretern der beauftragten Baufirma und des Arbeitskreises Dorferneuerung sowie der gemeindlichen Gremien und des Ortsbeirats mit Ortsvorsteher Roland Hohmann \u00fcberreichte Landrat &hellip;<\/p>\n<\/div>","protected":false},"author":1,"featured_media":0,"comment_status":"closed","ping_status":"closed","sticky":false,"template":"","format":"standard","meta":{"footnotes":""},"categories":[1,29],"tags":[],"class_list":["post-45996","post","type-post","status-publish","format-standard","hentry","category-startseite","category-politik"],"_links":{"self":[{"href":"https:\/\/www.fuldaernachrichten.de\/index.php?rest_route=\/wp\/v2\/posts\/45996","targetHints":{"allow":["GET"]}}],"collection":[{"href":"https:\/\/www.fuldaernachrichten.de\/index.php?rest_route=\/wp\/v2\/posts"}],"about":[{"href":"https:\/\/www.fuldaernachrichten.de\/index.php?rest_route=\/wp\/v2\/types\/post"}],"author":[{"embeddable":true,"href":"https:\/\/www.fuldaernachrichten.de\/index.php?rest_route=\/wp\/v2\/users\/1"}],"replies":[{"embeddable":true,"href":"https:\/\/www.fuldaernachrichten.de\/index.php?rest_route=%2Fwp%2Fv2%2Fcomments&post=45996"}],"version-history":[{"count":2,"href":"https:\/\/www.fuldaernachrichten.de\/index.php?rest_route=\/wp\/v2\/posts\/45996\/revisions"}],"predecessor-version":[{"id":46015,"href":"https:\/\/www.fuldaernachrichten.de\/index.php?rest_route=\/wp\/v2\/posts\/45996\/revisions\/46015"}],"wp:attachment":[{"href":"https:\/\/www.fuldaernachrichten.de\/index.php?rest_route=%2Fwp%2Fv2%2Fmedia&parent=45996"}],"wp:term":[{"taxonomy":"category","embeddable":true,"href":"https:\/\/www.fuldaernachrichten.de\/index.php?rest_route=%2Fwp%2Fv2%2Fcategories&post=45996"},{"taxonomy":"post_tag","embeddable":true,"href":"https:\/\/www.fuldaernachrichten.de\/index.php?rest_route=%2Fwp%2Fv2%2Ftags&post=45996"}],"curies":[{"name":"wp","href":"https:\/\/api.w.org\/{rel}","templated":true}]}}