{"id":45993,"date":"2009-11-26T05:00:18","date_gmt":"2009-11-26T04:00:18","guid":{"rendered":"http:\/\/www.schoene-nachrichten.de\/?p=45993"},"modified":"2009-11-26T08:54:24","modified_gmt":"2009-11-26T07:54:24","slug":"monika-loeffler-friedrich-und-rudolf-pfeifer-sind-seit-einem-jahr-als-qualifizierungsbeauftragte-fuer-den-landkreis-fulda-taetig","status":"publish","type":"post","link":"https:\/\/www.fuldaernachrichten.de\/?p=45993","title":{"rendered":"Monika L\u00f6ffler-Friedrich und Rudolf Pfeifer seit einem Jahr als Qualifizierungsbeauftragte t\u00e4tig"},"content":{"rendered":"<p><strong><a href=\"http:\/\/www.schoene-nachrichten.de\/wp-content\/uploads\/2009\/11\/091125_Qualifizierungsbeauftragte.jpg\"><img fetchpriority=\"high\" decoding=\"async\" class=\"alignleft size-thumbnail wp-image-45994\" title=\"091125_Qualifizierungsbeauftragte\" src=\"http:\/\/www.schoene-nachrichten.de\/wp-content\/uploads\/2009\/11\/091125_Qualifizierungsbeauftragte-265x198.jpg\" alt=\"091125_Qualifizierungsbeauftragte\" width=\"265\" height=\"198\" srcset=\"https:\/\/www.fuldaernachrichten.de\/wp-content\/uploads\/2009\/11\/091125_Qualifizierungsbeauftragte-265x198.jpg 265w, https:\/\/www.fuldaernachrichten.de\/wp-content\/uploads\/2009\/11\/091125_Qualifizierungsbeauftragte.jpg 592w\" sizes=\"(max-width: 265px) 100vw, 265px\" \/><\/a>Fulda.<\/strong> Die wirtschaftliche Krise und der globale Wettbewerb haben es aufgezeigt: die Anspr\u00fcche, die Unternehmen an ihre Mitarbeiter stellen (m\u00fcssen), werden immer h\u00f6her. Aber auch die Firmen erkennen, welchen Wert gut ausgebildete Fachkr\u00e4fte haben. Hilfestellung in allen Fragen rund um die Weiterbildung leisten seit einem Jahr die beiden Qualifizierungsbeauftragten f\u00fcr den Landkreis Fulda mit Sitz im BBZ Berufsbildungszentrum, Diplom-P\u00e4dagogin Monika L\u00f6ffler-Friedrich und Diplom-Ingenieur Rudolf Pfeifer. Beide sind angetreten, dem Fachkr\u00e4ftemangel zu begegnen, der schon jetzt in vielen Branchen sp\u00fcrbar ist.<!--more--><\/p>\n<p>F\u00fcr den Landkreis Fulda hatte Landrat Bernd Woide die Qualifizierungsoffensive Hessen im Dezember 2008 vorgestellt und betont, dass die Qualit\u00e4t des Personals \u201eentscheidend f\u00fcr die Zukunft eines Betriebes ist\u201c, und die Unternehmen der Wirtschaftsregion Fulda dazu aufgerufen, die Qualifizierungsoffensive Hessen als Angebot zur St\u00e4rkung ihrer Wettbewerbsf\u00e4higkeit im regionalen und \u00fcberregionalen Vergleich zu nutzen.<\/p>\n<p>Das T\u00e4tigkeitsfeld f\u00fcr Monika L\u00f6ffler-Friedrich und Rudolf Pfeifer sind die kleinen und mittelst\u00e4ndischen Unternehmen der Region mit bis zu 250 Mitarbeitern. Finanziert wird das Projekt vom Hessischen Ministerium f\u00fcr Wirtschaft, Verkehr und Landesentwicklung aus Mitteln des Europ\u00e4ischen Sozialfonds sowie zus\u00e4tzlich vom Landkreis Fulda mit j\u00e4hrlich 36 000 Euro.<\/p>\n<p>\u201eAuf einen Nenner gebracht, sehen wir unsere Aufgaben in der aufsuchenden Beratung von Unternehmern, in der Initiierung von Weiterbildungsma\u00dfnahmen, im Aufbau und in der Pflege von Netzwerken im Rahmen beruflicher Weiterbildung sowie in Informationsveranstaltungen zu beruflich interessanten Themen. Dieser Service ist kostenfrei\u201c, schildern die beiden regionalen Qualifizierungsbeauftragten. Das Ganze sei als langfristiger Prozess anzusehen, der nicht statisch, sondern stets in Bewegung sei.<\/p>\n<p>Und die Bilanz kann sich durchaus sehen lassen: Verzeichnet wurden bisher \u00fcber 360 direk-te Kontakte zu Unternehmern beziehungsweise Personalchefs plus deren Mitarbeitern sowie den regionalen Akteuren der beruflichen Weiterbildung, die als Multiplikatoren wirken. T\u00e4tig sind die beiden insbesondere in den Branchen Industrie und Handwerk, Logistik, Pflege, Gesundheit und Ern\u00e4hrung, Tourismus, Alternative Energien und Umweltschutz sowie IT und Multimedia.<\/p>\n<p>\u201eIn diesem ersten Jahr k\u00f6nnen wir sagen, dass wir uns etabliert und erfolgreich gearbeitet haben\u201c, schlussfolgern L\u00f6ffler-Friedrich und Pfeifer, die zugleich an die regionalen Bildungsanbieter appellieren, sich mit ihrem Profil doch in der Hessischen Weiterbildungsdatenbank registrieren zu lassen. \u201eDenn da ist unsere Region leider noch ein wei\u00dfer Fleck in der hessischen Bildungslandschaft.\u201c<\/p>\n<p>Landrat Woide hatte zum Start im Dezember 2008 betont, es gelte, \u201eLicht ins Dunkel des F\u00f6rderdschungels\u201c zu bringen, was L\u00f6ffler-Friedrich und Pfeifer nur unterstreichen k\u00f6nnen: \u201eEs gibt so viele unterschiedliche T\u00f6pfe staatlicher F\u00f6rdermittel. Wir suchen gemeinsam mit den Verantwortlichen in den Betrieben die passgenauen Finanzierungsinstrumente, um Weiterbildung finanzierbar zu machen.\u201c Neben der Beratung ist der Qualifizierungsscheck des Landes Hessen ein weiteres Instrument, um die Weiterbildung von Besch\u00e4ftigten zu unterst\u00fctzen und deren F\u00e4higkeiten, Fertigkeiten und soziale Kompetenz zu verbessern.<\/p>\n<p>Pro Person werden f\u00fcr j\u00e4hrlich eine Fortbildungsma\u00dfnahme bei einem zertifizierten Bildungsanbieter 50 Prozent der Kosten \u00fcbernommen, wobei der H\u00f6chstbetrag 500 Euro betragen kann. Rudolf Pfeifer betont in diesem Zusammenhang, dass es den Qualifizierungsscheck jetzt auch f\u00fcr Schwei\u00dfpr\u00fcfungen nach DIN EN 278 gebe sowie f\u00fcr die AU- und SP-Weiterbildung in der Fahrzeugtechnik. Auch der Erwerb sogenannter \u201eSoftskills\u201c beispielsweise im Bereich des Kundenservice ist f\u00f6rderf\u00e4hig, erg\u00e4nzt L\u00f6ffler-Friedrich. Eine hohe Nachfrage nach Qualifizierungsschecks besteht auch im Sektor Berufskraftfahrer mit IHK-Abschluss.<\/p>\n<p>Als Gespr\u00e4chspartner f\u00fcr die Unternehmen standen die beiden regionalen Qualifizierungs-beauftragten beispielsweise bei der vor kurzem zu Ende gegangenen WEMAG-Messe im Esperanto-Hotel zur Verf\u00fcgung. Zudem wird es am 30. November im ITZ eine kostenfreie Informationsveranstaltung zum Thema \u201eBurn-out-Prophylaxe\u201c f\u00fcr Mitarbeiter und Mitarbeiterinnen im Gesundheitswesen geben. Hierf\u00fcr sind noch Pl\u00e4tze frei, um Anmeldung wird gebeten. F\u00fcr das erste Halbjahr 2010 sind weitere Veranstaltungen zu den Themen Tourismus, Interkulturelles Training; Logistik; Erneuerbare Energien und \u00d6kologie sowie der Info-Tag \u201eWiedereinstieg f\u00fcr Frauen\u201c im Fuldaer Stadtschloss geplant.<\/p>\n<p>Weitere Informationen gibt es bei Monika L\u00f6ffler-Friedrich und Rudolf Pfeifer im BBZ Berufsbildungszentrum Fulda, Goerdelerstra\u00dfe 139, 36100 Petersberg, Telefon (0661) 6208-211 und (0661) 6208-250, sowie im Internet unter <a href=\"http:\/\/www.quali-fulda.de \" target=\"_blank\">www.quali-fulda.de <\/a>.<\/p>\n","protected":false},"excerpt":{"rendered":"<div class=\"tmnf_excerpt\"><p>Fulda. Die wirtschaftliche Krise und der globale Wettbewerb haben es aufgezeigt: die Anspr\u00fcche, die Unternehmen an ihre Mitarbeiter stellen (m\u00fcssen), werden immer h\u00f6her. Aber auch die Firmen erkennen, welchen Wert gut ausgebildete Fachkr\u00e4fte haben. Hilfestellung in allen Fragen rund um die Weiterbildung leisten seit einem Jahr die beiden Qualifizierungsbeauftragten f\u00fcr den Landkreis Fulda mit Sitz &hellip;<\/p>\n<\/div>","protected":false},"author":1,"featured_media":0,"comment_status":"closed","ping_status":"closed","sticky":false,"template":"","format":"standard","meta":{"footnotes":""},"categories":[1,29],"tags":[],"class_list":["post-45993","post","type-post","status-publish","format-standard","hentry","category-startseite","category-politik"],"_links":{"self":[{"href":"https:\/\/www.fuldaernachrichten.de\/index.php?rest_route=\/wp\/v2\/posts\/45993","targetHints":{"allow":["GET"]}}],"collection":[{"href":"https:\/\/www.fuldaernachrichten.de\/index.php?rest_route=\/wp\/v2\/posts"}],"about":[{"href":"https:\/\/www.fuldaernachrichten.de\/index.php?rest_route=\/wp\/v2\/types\/post"}],"author":[{"embeddable":true,"href":"https:\/\/www.fuldaernachrichten.de\/index.php?rest_route=\/wp\/v2\/users\/1"}],"replies":[{"embeddable":true,"href":"https:\/\/www.fuldaernachrichten.de\/index.php?rest_route=%2Fwp%2Fv2%2Fcomments&post=45993"}],"version-history":[{"count":4,"href":"https:\/\/www.fuldaernachrichten.de\/index.php?rest_route=\/wp\/v2\/posts\/45993\/revisions"}],"predecessor-version":[{"id":46043,"href":"https:\/\/www.fuldaernachrichten.de\/index.php?rest_route=\/wp\/v2\/posts\/45993\/revisions\/46043"}],"wp:attachment":[{"href":"https:\/\/www.fuldaernachrichten.de\/index.php?rest_route=%2Fwp%2Fv2%2Fmedia&parent=45993"}],"wp:term":[{"taxonomy":"category","embeddable":true,"href":"https:\/\/www.fuldaernachrichten.de\/index.php?rest_route=%2Fwp%2Fv2%2Fcategories&post=45993"},{"taxonomy":"post_tag","embeddable":true,"href":"https:\/\/www.fuldaernachrichten.de\/index.php?rest_route=%2Fwp%2Fv2%2Ftags&post=45993"}],"curies":[{"name":"wp","href":"https:\/\/api.w.org\/{rel}","templated":true}]}}