{"id":45961,"date":"2009-11-26T05:18:18","date_gmt":"2009-11-26T04:18:18","guid":{"rendered":"http:\/\/www.schoene-nachrichten.de\/?p=45961"},"modified":"2009-11-25T17:46:09","modified_gmt":"2009-11-25T16:46:09","slug":"die-rhoener-neue-und-erfolgreiche-wege-im-tourismus-gehen","status":"publish","type":"post","link":"https:\/\/www.fuldaernachrichten.de\/?p=45961","title":{"rendered":"&#8220;Die Rh\u00f6ner&#8221;: Neue und erfolgreiche Wege im Tourismus gehen&#8230;"},"content":{"rendered":"<p><strong><a href=\"http:\/\/www.schoene-nachrichten.de\/wp-content\/uploads\/2009\/11\/091125_Rh\u00f6n2.jpg\"><img decoding=\"async\" class=\"alignleft size-thumbnail wp-image-45963\" title=\"091125_Rh\u00f6n2\" src=\"http:\/\/www.schoene-nachrichten.de\/wp-content\/uploads\/2009\/11\/091125_Rh\u00f6n2-265x176.jpg\" alt=\"091125_Rh\u00f6n2\" width=\"265\" height=\"176\" \/><\/a>Rh\u00f6n. <\/strong>&#8220;Wege entstehen dadurch, dass man sie geht.&#8221; Im Sinne des Zitats von Franz Kafka herrscht im Hessischen Teil der Rh\u00f6n weiter neue Aufbruchsstimmung. Die Touristische Arbeitsgemeinschaft &#8220;Die Rh\u00f6ner&#8221;, die von den St\u00e4dten und Gemeinden Ebersburg, Ehrenberg, Gersfeld, Hilders, Hofbieber, Poppenhausen und Tann gebildet wird, profitiert immer mehr von der erfolgreichen interkommunalen Zusammenarbeit.<!--more--><\/p>\n<p>Vor einigen Tagen zogen die B\u00fcrgermeisterInnen gemeinsam mit ihren LeiterInnen der Tourist-Informationen Bilanz der ersten zw\u00f6lf Monate ihrer Arbeit. Hier konnte erfreulicherweise festgestellt werden, dass durch viele Auftritte bei Reiseb\u00f6rsen und Messen sowie Vorstellungen beim Deutschen Wandertag in Willingen und der Bundesgartenschau in Schwerin, die Rh\u00f6n &#8211; insgesamt aber auch im speziellen die Gebietskulisse der TAG &#8220;Die Rh\u00f6ner&#8221; &#8211; noch besser bekannt gemacht werden konnte.<\/p>\n<p><a href=\"http:\/\/www.schoene-nachrichten.de\/wp-content\/uploads\/2009\/11\/091125_Rh\u00f6n3.jpg\"><img decoding=\"async\" class=\"alignleft size-thumbnail wp-image-45964\" title=\"091125_Rh\u00f6n3\" src=\"http:\/\/www.schoene-nachrichten.de\/wp-content\/uploads\/2009\/11\/091125_Rh\u00f6n3-265x81.jpg\" alt=\"091125_Rh\u00f6n3\" width=\"265\" height=\"81\" \/><\/a>F\u00fcr die zahlreichen neuen Prospekte und einem v\u00f6llig neu gestalteten Messestand wurde jetzt auch ein neues und eigenes Logo f\u00fcr &#8220;Die Rh\u00f6ner&#8221; entwickelt. Das Logo lehnt sich im weitesten Sinne an das Logo der Gesamtrh\u00f6n an. Hierdurch will man die Zugeh\u00f6rigkeit zur l\u00e4nder\u00fcbergreifenden touristischen Destination Rh\u00f6n demonstrieren, aber auch nach au\u00dfen sich dem Gesamterscheinungsbild der Urlaubsregion anpassen, um insgesamt einen hohen Wiedererkennungswert zu erreichen.<\/p>\n<p>Mit diesem neuen Logo auf der Titelseite pr\u00e4sentieren &#8220;Die Rh\u00f6ner&#8221; jetzt auch einen neuen Flyer &#8220;Die Rh\u00f6ner Wanderwelt&#8221;. Der Flyer beinhaltet viele Angebote zum Thema Wandern in den sieben Rh\u00f6n-Kommunen und ist erh\u00e4ltlich in allen Tourist-Informationen der TAG. Ebenfalls mit dem neuen Rh\u00f6n-Logo versehen ist jetzt auch druckfrisch die f\u00fcnfte Ausgabe des Tourismusmagazins &#8220;Die Rh\u00f6ner&#8221; mit regionalen Freizeittipps f\u00fcr die k\u00fchlere Jahreszeit und vorweihnachtlichen Veranstaltungshighlights erschienen.<\/p>\n<p>Das Hauptthema der aktuellen Ausgabe gibt Einblicke in die kulinarischen K\u00f6stlichkeiten der Wirtevereinigung Rh\u00f6ner Charme. F\u00fcr das kommende Jahr sind weitere f\u00fcnf Ausgaben des erfolgreichen G\u00e4stemagazins fest geplant. Neben dem Einsatz als begleitende Informationsbrosch\u00fcre f\u00fcr G\u00e4ste, die sich in der Rh\u00f6n aufhalten, wird es auf allen Reiseb\u00f6rsen und Messeauftritten als Imagebrosch\u00fcre der TAG in Verbindung mit einem gemeinsamen Gastgeberverzeichnis verteilt.<\/p>\n<p>F\u00fcr das kommende Jahr sind viele Aktionen und weitere Themenbrosch\u00fcren bereits in Vorbereitung. So werden zum Beispiel auch die Reiseb\u00f6rsen und Messen in Jena, Bremen, Leipzig, Frankfurt, Dresden, Darmstadt, Dortmund besucht. Au\u00dferdem werden &#8220;Die Rh\u00f6ner&#8221; am Hessentag in Stadtallendorf sowie am Deutschen Wandertag in Freiburg jeweils mit eigenem Messestand zu sehen sein.<\/p>\n","protected":false},"excerpt":{"rendered":"<div class=\"tmnf_excerpt\"><p>Rh\u00f6n. &#8220;Wege entstehen dadurch, dass man sie geht.&#8221; Im Sinne des Zitats von Franz Kafka herrscht im Hessischen Teil der Rh\u00f6n weiter neue Aufbruchsstimmung. Die Touristische Arbeitsgemeinschaft &#8220;Die Rh\u00f6ner&#8221;, die von den St\u00e4dten und Gemeinden Ebersburg, Ehrenberg, Gersfeld, Hilders, Hofbieber, Poppenhausen und Tann gebildet wird, profitiert immer mehr von der erfolgreichen interkommunalen Zusammenarbeit.<\/p>\n<\/div>","protected":false},"author":1,"featured_media":0,"comment_status":"closed","ping_status":"closed","sticky":false,"template":"","format":"standard","meta":{"footnotes":""},"categories":[1,44,52],"tags":[],"class_list":["post-45961","post","type-post","status-publish","format-standard","hentry","category-startseite","category-kultur","category-umwelt"],"_links":{"self":[{"href":"https:\/\/www.fuldaernachrichten.de\/index.php?rest_route=\/wp\/v2\/posts\/45961","targetHints":{"allow":["GET"]}}],"collection":[{"href":"https:\/\/www.fuldaernachrichten.de\/index.php?rest_route=\/wp\/v2\/posts"}],"about":[{"href":"https:\/\/www.fuldaernachrichten.de\/index.php?rest_route=\/wp\/v2\/types\/post"}],"author":[{"embeddable":true,"href":"https:\/\/www.fuldaernachrichten.de\/index.php?rest_route=\/wp\/v2\/users\/1"}],"replies":[{"embeddable":true,"href":"https:\/\/www.fuldaernachrichten.de\/index.php?rest_route=%2Fwp%2Fv2%2Fcomments&post=45961"}],"version-history":[{"count":5,"href":"https:\/\/www.fuldaernachrichten.de\/index.php?rest_route=\/wp\/v2\/posts\/45961\/revisions"}],"predecessor-version":[{"id":46014,"href":"https:\/\/www.fuldaernachrichten.de\/index.php?rest_route=\/wp\/v2\/posts\/45961\/revisions\/46014"}],"wp:attachment":[{"href":"https:\/\/www.fuldaernachrichten.de\/index.php?rest_route=%2Fwp%2Fv2%2Fmedia&parent=45961"}],"wp:term":[{"taxonomy":"category","embeddable":true,"href":"https:\/\/www.fuldaernachrichten.de\/index.php?rest_route=%2Fwp%2Fv2%2Fcategories&post=45961"},{"taxonomy":"post_tag","embeddable":true,"href":"https:\/\/www.fuldaernachrichten.de\/index.php?rest_route=%2Fwp%2Fv2%2Ftags&post=45961"}],"curies":[{"name":"wp","href":"https:\/\/api.w.org\/{rel}","templated":true}]}}