{"id":45952,"date":"2009-11-26T05:45:18","date_gmt":"2009-11-26T04:45:18","guid":{"rendered":"http:\/\/www.schoene-nachrichten.de\/?p=45952"},"modified":"2009-11-25T17:48:34","modified_gmt":"2009-11-25T16:48:34","slug":"kreuzkirche-in-fulda-neuenberg-feiert-mit-ueber-50-ehrenamtlichen-danke-abend","status":"publish","type":"post","link":"https:\/\/www.fuldaernachrichten.de\/?p=45952","title":{"rendered":"Kreuzkirche in Fulda-Neuenberg feiert mit \u00fcber 50 Ehrenamtlichen Danke-Abend"},"content":{"rendered":"<p><strong><a href=\"http:\/\/www.schoene-nachrichten.de\/wp-content\/uploads\/2009\/11\/091125_Feuerstelle.jpg\"><img decoding=\"async\" class=\"alignleft size-thumbnail wp-image-45953\" title=\"091125_Feuerstelle\" src=\"http:\/\/www.schoene-nachrichten.de\/wp-content\/uploads\/2009\/11\/091125_Feuerstelle-265x176.jpg\" alt=\"091125_Feuerstelle\" width=\"265\" height=\"176\" srcset=\"https:\/\/www.fuldaernachrichten.de\/wp-content\/uploads\/2009\/11\/091125_Feuerstelle-265x176.jpg 265w, https:\/\/www.fuldaernachrichten.de\/wp-content\/uploads\/2009\/11\/091125_Feuerstelle.jpg 592w\" sizes=\"(max-width: 265px) 100vw, 265px\" \/><\/a>Fulda. <\/strong>Im f\u00fcnften Jahr feierte die Evangelische Kreuzkirche in Fulda-Neuenberg nun schon ihren Mitarbeiter-Danke-Abend. Etwa 2\/3 der 90 Ehrenamtlichen aus verschiedenen Gemeindebereichen waren zu einem besonderen Abend vom Kirchenvorstand eingeladen worden. Zun\u00e4chst traf man sich in der Kreuzkirche zur gemeinsamen Andacht. \u201eIhr seid Gottes Mitarbeiter\u201c, zitierte Pfarrer Stefan B\u00fcrger aus dem 1. Korintherbrief.<!--more--><\/p>\n<p>V\u00f6llig falsch verst\u00fcnde man Mitarbeit, so B\u00fcrger, wenn Ehrenamtliche als Spardose eine finanzschw\u00e4cheren Kirche angesehen w\u00fcrden oder gar als ein \u201ePfarrerentlastungsprogramm\u201c. Statt dessen seien sie von Gott begabte Originale Gottes, die ihre Begabungen u.a. in Musik, Besuchsdienst oder Gottesdienstgestaltung einbr\u00e4chten.<\/p>\n<p>Ein Beispiel aus der Fu\u00dfballwelt verdeutliche auch, wie Kirche eben nicht sein solle: \u201e22 Spieler sind auf dem Feld, w\u00e4hrend 70.000 im Stadion zuschauen und &#8211; je nach Spiel &#8211; applaudieren oder Puh rufen.\u201c Kirche, wie sie in der Kreuzkirche gelebt w\u00fcrde, sei eben auch mehr Beteiligungs- als Betreuungskirche, wichtig sei \u201egegen\u00fcber aller nat\u00fcrlich notwendigen pfarramtlichen Grundversorgung unbedingt auch die Bef\u00e4higung von Christen im Sinne des allgemeinen Priestertums der Glaubenden\u201c, erkl\u00e4rte der Pfarrer.<\/p>\n<p><a href=\"http:\/\/www.schoene-nachrichten.de\/wp-content\/uploads\/2009\/11\/091125_Abend.jpg\"><img decoding=\"async\" class=\"alignnone size-thumbnail wp-image-45954\" title=\"091125_Abend\" src=\"http:\/\/www.schoene-nachrichten.de\/wp-content\/uploads\/2009\/11\/091125_Abend-265x176.jpg\" alt=\"091125_Abend\" width=\"265\" height=\"176\" srcset=\"https:\/\/www.fuldaernachrichten.de\/wp-content\/uploads\/2009\/11\/091125_Abend-265x176.jpg 265w, https:\/\/www.fuldaernachrichten.de\/wp-content\/uploads\/2009\/11\/091125_Abend.jpg 592w\" sizes=\"(max-width: 265px) 100vw, 265px\" \/><\/a> <a href=\"http:\/\/www.schoene-nachrichten.de\/wp-content\/uploads\/2009\/11\/091125_Abend2.jpg\"><img decoding=\"async\" class=\"alignnone size-thumbnail wp-image-45955\" title=\"091125_Abend2\" src=\"http:\/\/www.schoene-nachrichten.de\/wp-content\/uploads\/2009\/11\/091125_Abend2-265x176.jpg\" alt=\"091125_Abend2\" width=\"265\" height=\"176\" srcset=\"https:\/\/www.fuldaernachrichten.de\/wp-content\/uploads\/2009\/11\/091125_Abend2-265x176.jpg 265w, https:\/\/www.fuldaernachrichten.de\/wp-content\/uploads\/2009\/11\/091125_Abend2.jpg 592w\" sizes=\"(max-width: 265px) 100vw, 265px\" \/><\/a>Der Ehrenamtlichenabend solle auch dazu dienen, das \u201eWir-Gef\u00fchl\u201c der Mitarbeitenden zu st\u00e4rken. Dazu wanderten alle nach der Andacht mit Fackeln gemeinsam zur 2km entfernten Jugendherberge, wo nach der seelischen eine k\u00f6rperliche St\u00e4rkung wartete. Ungew\u00f6hnlich war die Art des Caterings f\u00fcr den Abend.<\/p>\n<p>Denn im Au\u00dfengel\u00e4nde der Jugendherberge war mitten im November eine Feuerstelle mit Punsch bereitet, Suppe, W\u00fcrstchen und Nachtisch stand dann im Speiseraum zu freien Bedienung. Bei Latte macchiatto oder einem Glas Bier gab es dann viel Raum zum Gespr\u00e4ch. Ein sch\u00f6ner Abend des Dankes ging gegen 22.30 Uhr zu Ende und im Kopf von Pfarrer B\u00fcrger geisterte schon die Frage, was wohl in 2010 beim sechsten Abend der Art unternommen w\u00fcrde.<\/p>\n","protected":false},"excerpt":{"rendered":"<div class=\"tmnf_excerpt\"><p>Fulda. Im f\u00fcnften Jahr feierte die Evangelische Kreuzkirche in Fulda-Neuenberg nun schon ihren Mitarbeiter-Danke-Abend. Etwa 2\/3 der 90 Ehrenamtlichen aus verschiedenen Gemeindebereichen waren zu einem besonderen Abend vom Kirchenvorstand eingeladen worden. Zun\u00e4chst traf man sich in der Kreuzkirche zur gemeinsamen Andacht. \u201eIhr seid Gottes Mitarbeiter\u201c, zitierte Pfarrer Stefan B\u00fcrger aus dem 1. Korintherbrief.<\/p>\n<\/div>","protected":false},"author":1,"featured_media":0,"comment_status":"closed","ping_status":"closed","sticky":false,"template":"","format":"standard","meta":{"footnotes":""},"categories":[1,50],"tags":[],"class_list":["post-45952","post","type-post","status-publish","format-standard","hentry","category-startseite","category-kirche"],"_links":{"self":[{"href":"https:\/\/www.fuldaernachrichten.de\/index.php?rest_route=\/wp\/v2\/posts\/45952","targetHints":{"allow":["GET"]}}],"collection":[{"href":"https:\/\/www.fuldaernachrichten.de\/index.php?rest_route=\/wp\/v2\/posts"}],"about":[{"href":"https:\/\/www.fuldaernachrichten.de\/index.php?rest_route=\/wp\/v2\/types\/post"}],"author":[{"embeddable":true,"href":"https:\/\/www.fuldaernachrichten.de\/index.php?rest_route=\/wp\/v2\/users\/1"}],"replies":[{"embeddable":true,"href":"https:\/\/www.fuldaernachrichten.de\/index.php?rest_route=%2Fwp%2Fv2%2Fcomments&post=45952"}],"version-history":[{"count":2,"href":"https:\/\/www.fuldaernachrichten.de\/index.php?rest_route=\/wp\/v2\/posts\/45952\/revisions"}],"predecessor-version":[{"id":46018,"href":"https:\/\/www.fuldaernachrichten.de\/index.php?rest_route=\/wp\/v2\/posts\/45952\/revisions\/46018"}],"wp:attachment":[{"href":"https:\/\/www.fuldaernachrichten.de\/index.php?rest_route=%2Fwp%2Fv2%2Fmedia&parent=45952"}],"wp:term":[{"taxonomy":"category","embeddable":true,"href":"https:\/\/www.fuldaernachrichten.de\/index.php?rest_route=%2Fwp%2Fv2%2Fcategories&post=45952"},{"taxonomy":"post_tag","embeddable":true,"href":"https:\/\/www.fuldaernachrichten.de\/index.php?rest_route=%2Fwp%2Fv2%2Ftags&post=45952"}],"curies":[{"name":"wp","href":"https:\/\/api.w.org\/{rel}","templated":true}]}}