{"id":45943,"date":"2009-11-27T05:25:04","date_gmt":"2009-11-27T04:25:04","guid":{"rendered":"http:\/\/www.schoene-nachrichten.de\/?p=45943"},"modified":"2009-11-27T07:35:17","modified_gmt":"2009-11-27T06:35:17","slug":"kab-bezirksverband-setzte-sich-mit-sozialenzyklika-caritas-in-veritate-auseinander","status":"publish","type":"post","link":"https:\/\/www.fuldaernachrichten.de\/?p=45943","title":{"rendered":"KAB Bezirksverband setzte sich mit Sozialenzyklika \u201eCaritas in Veritate\u201c auseinander"},"content":{"rendered":"<p><strong><a href=\"http:\/\/www.schoene-nachrichten.de\/wp-content\/uploads\/2009\/11\/091125_Bezirksvorstand.jpg\"><img fetchpriority=\"high\" decoding=\"async\" class=\"alignleft size-thumbnail wp-image-45944\" title=\"091125_Bezirksvorstand\" src=\"http:\/\/www.schoene-nachrichten.de\/wp-content\/uploads\/2009\/11\/091125_Bezirksvorstand-265x198.jpg\" alt=\"091125_Bezirksvorstand\" width=\"265\" height=\"198\" srcset=\"https:\/\/www.fuldaernachrichten.de\/wp-content\/uploads\/2009\/11\/091125_Bezirksvorstand-265x198.jpg 265w, https:\/\/www.fuldaernachrichten.de\/wp-content\/uploads\/2009\/11\/091125_Bezirksvorstand.jpg 592w\" sizes=\"(max-width: 265px) 100vw, 265px\" \/><\/a>Fulda.<\/strong> Die Auseinandersetzung mit der Sozialenzyklika \u201eCaritas in Veritate\u201c von Papst Benedikt XVI. und Neuwahlen des Vorstandes standen im Mittelpunkt des Bezirkstags der Katholischen Arbeitnehmer-Bewegung (KAB) Rh\u00f6n\/Vogelsberg. Mit einer Heiligen Messe, zelebriert vom stellvertretenden KAB Di\u00f6zesanpr\u00e4ses Pfarrer Martin Lerg, Hessisch-Lichtenau in der Sturmiuskirche in Fulda, begann die Tagung. <!--more--><\/p>\n<p>Die Aufforderung Jesu, \u201eSalz der Erde sein\u201c bezog der stellvertretende Di\u00f6zesanpr\u00e4ses Martin Lerg auf den katholischen Sozialverband. \u201eDie Erfahrung unserer Mitglieder m\u00fcssen wir nutzen um gesellschaftliche Zust\u00e4nde zu \u00e4ndern\u201c forderte er zu politischem Handeln auf. Dabei ginge es nicht darum mit sogenannten Erfahrungen Neues abzublocken sondern vielmehr dieses zuzulassen. \u201eNeue Ideen, ungew\u00f6hnliche Wege, beides f\u00fchrt zu Ver\u00e4nderungen in unserer Gesellschaft\u201c so Lerg. Ziel m\u00fcsse es sein, auf der Basis des christlichen Menschenbildes weltweit zu mehr Gerechtigkeit zu gelangen.<\/p>\n<p>Unter dem Motto \u201eAbsage an einen unmenschlichen Markt\u201c referierten der stellvertretende KAB Di\u00f6zesanpr\u00e4ses Pfarrer Martin Lerg und KAB Di\u00f6zesansekret\u00e4r Schmitt zur Sozialenzyklika Papst Benedikts XVI. \u201eCaritas in veritate\u201c. Die Sozialenzyklika wurde von den beiden Referenten einerseits als ermahnendes Schreiben des Kirchenoberhaupts an Verantwortliche in Politik, Wirtschaft und Gesellschaft bewertet andererseits als Handlungsrichtschnur f\u00fcr die KAB. Die Bereiche Kapital und Arbeit, Arbeitnehmervertretung, Mitbestimmung, Bildung, Armut, Migration, Entwicklung und Frieden spielen in dem katholischen Sozialverband eine herausragende Rolle.<\/p>\n<p><a href=\"http:\/\/www.schoene-nachrichten.de\/wp-content\/uploads\/2009\/11\/091125_Bezirksvorstand3.jpg\"><img decoding=\"async\" class=\"alignnone size-thumbnail wp-image-45946\" title=\"091125_Bezirksvorstand3\" src=\"http:\/\/www.schoene-nachrichten.de\/wp-content\/uploads\/2009\/11\/091125_Bezirksvorstand3-265x353.jpg\" alt=\"091125_Bezirksvorstand3\" width=\"265\" height=\"353\" srcset=\"https:\/\/www.fuldaernachrichten.de\/wp-content\/uploads\/2009\/11\/091125_Bezirksvorstand3-265x353.jpg 265w, https:\/\/www.fuldaernachrichten.de\/wp-content\/uploads\/2009\/11\/091125_Bezirksvorstand3.jpg 399w\" sizes=\"(max-width: 265px) 100vw, 265px\" \/><\/a> <a href=\"http:\/\/www.schoene-nachrichten.de\/wp-content\/uploads\/2009\/11\/091125_Bezirksvorstand4.jpg\"><img decoding=\"async\" class=\"alignnone size-thumbnail wp-image-45947\" title=\"091125_Bezirksvorstand4\" src=\"http:\/\/www.schoene-nachrichten.de\/wp-content\/uploads\/2009\/11\/091125_Bezirksvorstand4-265x353.jpg\" alt=\"091125_Bezirksvorstand4\" width=\"265\" height=\"353\" srcset=\"https:\/\/www.fuldaernachrichten.de\/wp-content\/uploads\/2009\/11\/091125_Bezirksvorstand4-265x353.jpg 265w, https:\/\/www.fuldaernachrichten.de\/wp-content\/uploads\/2009\/11\/091125_Bezirksvorstand4.jpg 399w\" sizes=\"(max-width: 265px) 100vw, 265px\" \/><\/a> \u201eIm R\u00fcckblick auf die in diesem Jahr stattgefundene Bundestagswahl werden wir die Politik der Regierungskoalition scharf beobachten und insbesondere die christdemokratischen Politiker immer wieder auf christliche Grunds\u00e4tze aufmerksam machen\u201c so der KAB Di\u00f6zesansekret\u00e4r. Neben dem aktiven Eintreten zur \u00dcberwindung der Massenarbeitslosigkeit und der Festlegung von Mindestl\u00f6hnen werde die KAB insbesondere immer Bildungsgerechtigkeit einfordern. Eine klare Richtung in der Entwicklungszusammenarbeit hin zu einer sozialen Globalisierung ist f\u00fcr die KAB ein ebensolchen Ziel wie die Einf\u00fchrung einer Finanztransaktionssteuer. \u201eWir f\u00fchlen uns in unserer bisherigen und k\u00fcnftig geplanten Arbeit durch die Sozialenzyklika best\u00e4tigt\u201c \u00e4u\u00dferte sich Lerg.<\/p>\n<p><a href=\"http:\/\/www.schoene-nachrichten.de\/wp-content\/uploads\/2009\/11\/091125_Bezirksvorstand2.jpg\"><img loading=\"lazy\" decoding=\"async\" class=\"alignleft size-thumbnail wp-image-45945\" title=\"091125_Bezirksvorstand2\" src=\"http:\/\/www.schoene-nachrichten.de\/wp-content\/uploads\/2009\/11\/091125_Bezirksvorstand2-265x198.jpg\" alt=\"091125_Bezirksvorstand2\" width=\"265\" height=\"198\" srcset=\"https:\/\/www.fuldaernachrichten.de\/wp-content\/uploads\/2009\/11\/091125_Bezirksvorstand2-265x198.jpg 265w, https:\/\/www.fuldaernachrichten.de\/wp-content\/uploads\/2009\/11\/091125_Bezirksvorstand2.jpg 592w\" sizes=\"(max-width: 265px) 100vw, 265px\" \/><\/a>Im organisatorischen Teil der Tagung berichtete KAB Di\u00f6zesansekret\u00e4r Michael Schmitt \u00fcber die Arbeitsschwerpunkte des gr\u00f6\u00dften der drei Bezirksverb\u00e4nde im KAB Di\u00f6zesanverband Fulda. Sowohl die traditionelle Friedenswallfahrt zum Maria Ehrenberg wie die j\u00e4hrliche Herbstkleidersammlung zugunsten sozialer Projekte in verschiedenen L\u00e4ndern fanden Erw\u00e4hnung. Das Engagement zusammen mit der MTC (Movimiento Trabajadores Campesinos) San Marcos in Guatemala zugunsten von Landarbeiterfamilien in Guatemala geh\u00f6rte ebenso zu den Arbeitsschwerpunkten wie der Einsatz f\u00fcr den Erhalt des arbeitsfreien Sonntags.<\/p>\n<p>Nach den Ausf\u00fchrungen w\u00e4hlten die Delegierten Egon Sch\u00fctz, Geisa, wieder zum Vorsitzenden des Bezirksverbandes Rh\u00f6n\/Vogelsberg. Ebenso wiedergew\u00e4hlt wurden seine beiden Stellvertreter Georg Dreif\u00fcrst, W\u00e4chtersbach und J\u00fcrgen Markgraf, Eichenzell. Weiterhin wurde Bernhard Fechner, Frankfurt, wiedergew\u00e4hlt. Karola Baier, Margretenhaun wurde neu in das Bezirksgremium gew\u00e4hlt.<\/p>\n<p>Ein weiterer H\u00f6hepunkt des diesj\u00e4hrigen Bezirkstags war die Verleihung der Silbernen Verdienstnadel der KAB Di\u00f6zesanverband Fulda. Diese Auszeichnung in Form einer Urkunde und einer handgearbeiteten silbernen Anstecknadel wurde dem K\u00fcnzeller Reinhold Roth f\u00fcr seine \u00fcber 26-j\u00e4hrige ehrenamtliche T\u00e4tigkeit als Kassierer des KAB Ortsvereins K\u00fcnzell zusammen von Egon Sch\u00fctz und Michael Schmitt \u00fcberreicht. Helmut Honikel, KAB Hainzell wurde diese Ehrung f\u00fcr \u00fcber 29-j\u00e4hrige Vorstandst\u00e4tigkeit, davon 25 Jahre als Vorsitzender, zuteil. Desweiteren betreut Honikel ehrenamtlich die KAB Ferienwohnung in der Kapelle von Kleinheiligkreuz und ist f\u00fcr die Hausmeisterarbeiten rund um das KAB Sekretariat zust\u00e4ndig.<\/p>\n<p>Mit einem Dankesch\u00f6n insbesondere an den gastgebenden KAB Verein St. Sturmius und einem Mut machenden Aufruf zum Engagement f\u00fcr eine gerechtere Gesellschaft beendete Sch\u00fctz den Bezirkstag.<\/p>\n<p>Fotos: Astrid Blome<\/p>\n","protected":false},"excerpt":{"rendered":"<div class=\"tmnf_excerpt\"><p>Fulda. Die Auseinandersetzung mit der Sozialenzyklika \u201eCaritas in Veritate\u201c von Papst Benedikt XVI. und Neuwahlen des Vorstandes standen im Mittelpunkt des Bezirkstags der Katholischen Arbeitnehmer-Bewegung (KAB) Rh\u00f6n\/Vogelsberg. Mit einer Heiligen Messe, zelebriert vom stellvertretenden KAB Di\u00f6zesanpr\u00e4ses Pfarrer Martin Lerg, Hessisch-Lichtenau in der Sturmiuskirche in Fulda, begann die Tagung.<\/p>\n<\/div>","protected":false},"author":1,"featured_media":0,"comment_status":"closed","ping_status":"closed","sticky":false,"template":"","format":"standard","meta":{"footnotes":""},"categories":[1,50],"tags":[],"class_list":["post-45943","post","type-post","status-publish","format-standard","hentry","category-startseite","category-kirche"],"_links":{"self":[{"href":"https:\/\/www.fuldaernachrichten.de\/index.php?rest_route=\/wp\/v2\/posts\/45943","targetHints":{"allow":["GET"]}}],"collection":[{"href":"https:\/\/www.fuldaernachrichten.de\/index.php?rest_route=\/wp\/v2\/posts"}],"about":[{"href":"https:\/\/www.fuldaernachrichten.de\/index.php?rest_route=\/wp\/v2\/types\/post"}],"author":[{"embeddable":true,"href":"https:\/\/www.fuldaernachrichten.de\/index.php?rest_route=\/wp\/v2\/users\/1"}],"replies":[{"embeddable":true,"href":"https:\/\/www.fuldaernachrichten.de\/index.php?rest_route=%2Fwp%2Fv2%2Fcomments&post=45943"}],"version-history":[{"count":3,"href":"https:\/\/www.fuldaernachrichten.de\/index.php?rest_route=\/wp\/v2\/posts\/45943\/revisions"}],"predecessor-version":[{"id":46120,"href":"https:\/\/www.fuldaernachrichten.de\/index.php?rest_route=\/wp\/v2\/posts\/45943\/revisions\/46120"}],"wp:attachment":[{"href":"https:\/\/www.fuldaernachrichten.de\/index.php?rest_route=%2Fwp%2Fv2%2Fmedia&parent=45943"}],"wp:term":[{"taxonomy":"category","embeddable":true,"href":"https:\/\/www.fuldaernachrichten.de\/index.php?rest_route=%2Fwp%2Fv2%2Fcategories&post=45943"},{"taxonomy":"post_tag","embeddable":true,"href":"https:\/\/www.fuldaernachrichten.de\/index.php?rest_route=%2Fwp%2Fv2%2Ftags&post=45943"}],"curies":[{"name":"wp","href":"https:\/\/api.w.org\/{rel}","templated":true}]}}