{"id":45909,"date":"2009-11-26T05:35:38","date_gmt":"2009-11-26T04:35:38","guid":{"rendered":"http:\/\/www.schoene-nachrichten.de\/?p=45909"},"modified":"2009-11-25T17:49:49","modified_gmt":"2009-11-25T16:49:49","slug":"weihnachtsmarkt-im-uewag-kundenzentrum-krippen-kunst-leckereien-und-aktionen-in-der-adventszeit","status":"publish","type":"post","link":"https:\/\/www.fuldaernachrichten.de\/?p=45909","title":{"rendered":"Weihnachtsmarkt im \u00dcWAG-Kundenzentrum Krippen, Kunst, Leckereien und Aktionen in der Adventszeit"},"content":{"rendered":"<p><strong><a href=\"http:\/\/www.schoene-nachrichten.de\/wp-content\/uploads\/2009\/11\/091125_Holzfiguren.jpg\"><img fetchpriority=\"high\" decoding=\"async\" class=\"alignleft size-thumbnail wp-image-45910\" title=\"091125_Holzfiguren\" src=\"http:\/\/www.schoene-nachrichten.de\/wp-content\/uploads\/2009\/11\/091125_Holzfiguren-265x190.jpg\" alt=\"091125_Holzfiguren\" width=\"265\" height=\"190\" srcset=\"https:\/\/www.fuldaernachrichten.de\/wp-content\/uploads\/2009\/11\/091125_Holzfiguren-265x190.jpg 265w, https:\/\/www.fuldaernachrichten.de\/wp-content\/uploads\/2009\/11\/091125_Holzfiguren.jpg 592w\" sizes=\"(max-width: 265px) 100vw, 265px\" \/><\/a>Fulda. <\/strong>Auf weihnachtliche Atmosph\u00e4re mit geschm\u00fcckten St\u00e4nden regionaler Anbieter, einer Krippenausstellung und Holzschnitzarbeiten des Bildhauers Elmar Baumgarten k\u00f6nnen sich die Besucher des \u00dcWAG-Weihnachtsmarkts freuen. Ab Donnerstag, 26. November 2009, l\u00e4dt der osthessische Energieversorger Gro\u00df und Klein ein, sich im Kundenzentrum in der Fuldaer Bahnhofstra\u00dfe bei Kerzenschein, Weihnachtsduft, Waffeln und Pl\u00e4tzchen auf das sch\u00f6nste Fest des Jahres einzustimmen. Den adventlichen Rahmen des \u00dcWAG-Weihnachtsmarkts bildet eine internationale Krippenausstellung mit zahlreichen Exponaten des Heimatmuseums Gro\u00dfenl\u00fcder. Besucher k\u00f6nnen die Krippen aus verschiedenen L\u00e4ndern \u2013 beispielsweise aus Italien, Spanien oder \u00c4gypten \u2013 und unterschiedlichen Materialien wie Sandstein, Holz oder Zinn bewundern. Dar\u00fcber hinaus pr\u00e4sentieren Aussteller aus der Region ihre weihnachtlichen Produkte.<!--more--><\/p>\n<p>Exklusiv f\u00fcr die \u00dcWAG-Weihnachtsausstellung hat der Rh\u00f6ner Bildhauer Elmar Baumgarten aus einer frisch gef\u00e4llten Pappel einen lebensgro\u00dfen Engel sowie eine Krippe direkt aus einem Baumstamm gestaltet. Au\u00dferdem bietet er kleinere Schnitzarbeiten an seinem Stand an.<\/p>\n<p>Regional bekannt ist der K\u00fcnstler durch seine teilweise \u00fcberlebensgro\u00dfen Holz-Skulpturen, die entlang des Wanderwegs zwischen Maulkuppe und Grabenh\u00f6fchen auf der \u201ePoppenhausener Kunstmeile\u201c zu bestaunen sind. Baumgarten m\u00f6chte in seinen Werken den herben Charme der Rh\u00f6ner Landschaft zum Ausdruck bringen, indem er versucht, Eigenschaften, Geschichten und Mythen in das Holz hineinzuarbeiten.<\/p>\n<p>Das Fuldaer Gesch\u00e4ft \u201eLieblings&#8230; Welten entdecken\u201c pr\u00e4sentiert eine reiche Auswahl an Artikeln, die die Vorweihnachtszeit noch sch\u00f6ner werden lassen: K\u00f6stlichkeiten aus Schokolade, weihnachtliche Floristik und Raumd\u00fcfte, Kerzen sowie viele einfallsreiche Geschenkideen \u2013 hier ist f\u00fcr jeden Geschmack etwas Passendes dabei.<\/p>\n<p>Im Sortiment am Weihnachtsstand des Fuldaer St. Antoniusheims finden sich neben hochwertigen Holz- und Keramikarbeiten viele andere dekorative und praktische Produkte sowie Textilien. Die kreativen Artikel aus Naturmaterialien werden unter anderem im Kunsthandwerkerhaus des St. Antoniusheims, dem \u201eGestaltenWerk\u201c, welches sich in Fuldas historischer Altstadt befindet, hergestellt.<\/p>\n<p><strong>Er\u00f6ffnungsveranstaltung am 30. November 2009<\/strong><\/p>\n<p><a href=\"http:\/\/www.schoene-nachrichten.de\/wp-content\/uploads\/2009\/11\/091125_Holznikolaus.jpg\"><img decoding=\"async\" class=\"alignleft size-thumbnail wp-image-45911\" title=\"091125_Holznikolaus\" src=\"http:\/\/www.schoene-nachrichten.de\/wp-content\/uploads\/2009\/11\/091125_Holznikolaus-265x399.jpg\" alt=\"091125_Holznikolaus\" width=\"265\" height=\"399\" srcset=\"https:\/\/www.fuldaernachrichten.de\/wp-content\/uploads\/2009\/11\/091125_Holznikolaus-265x399.jpg 265w, https:\/\/www.fuldaernachrichten.de\/wp-content\/uploads\/2009\/11\/091125_Holznikolaus.jpg 399w\" sizes=\"(max-width: 265px) 100vw, 265px\" \/><\/a>Offiziell er\u00f6ffnet wird der Weihnachtsmarkt im \u00dcWAG-Kundenzentrum am Montag, 30. November 2009, um 15:00 Uhr. Anschlie\u00dfend gibt es bis 18:00 Uhr Aktionen f\u00fcr Kinder und Vorf\u00fchrungen der regionalen Aussteller. Beim \u201eWeihnachtsbasteln\u201c k\u00f6nnen die Kleinen unter Anleitung von Auszubildenden der \u00dcWAG Weihnachtskarten und Windlichter anfertigen. Mutige Jungen und M\u00e4dchen haben die M\u00f6glichkeit, auf der \u00dcWAG-B\u00fchne Nikolausgeschichten und -gedichte vorzutragen. Ein \u201eechter\u201c Nikolaus kommt zwischendurch und \u00fcberrascht die Kinder mit kleinen Geschenken.<\/p>\n<p>In dem Aktionszeitraum l\u00e4sst Bildhauer Elmar Baumgarten sich bei seinen kunstvollen Holzschnitzarbeiten \u00fcber die Schulter schauen. Die Mitarbeiter von \u201eLieblings&#8230; Welten entdecken\u201c f\u00fchren interessierten Besuchern vor, wie man Weihnachtskr\u00e4nze wundersch\u00f6n und geschmackvoll dekoriert. Au\u00dferdem geben sie Tipps zu ansprechenden Geschenkverpackungen. Am Stand des St. Antoniusheims pr\u00e4sentieren Mitarbeiter die beliebtesten Angebote aus ihrem Sortiment, und G\u00e4ste k\u00f6nnen live miterleben, wie Holzarbeiten entstehen.<\/p>\n<p>Zu zwei weiteren Aktionstagen l\u00e4dt die \u00dcWAG an den beiden folgenden Mittwochnachmittagen, dem 9. und 16. Dezember 2009, jeweils von 15:00 bis 18:00 Uhr, herzlich ein. F\u00fcr die Bastel-Angebote zu diesen Terminen k\u00f6nnen Eltern ihre Kinder bereits bei der Er\u00f6ffnungsveranstaltung in Listen eintragen. An allen anderen Tagen steht der \u00dcWAG-Weihnachtsmarkt w\u00e4hrend der regul\u00e4ren \u00d6ffnungszeiten des Kundenzentrums (Montag bis Freitag von 09:00 bis 19:00 Uhr und Samstag bis 13:00 Uhr) Besuchern offen. Die Ausstellung ist bis zum 5. Januar 2010 zu sehen.<\/p>\n","protected":false},"excerpt":{"rendered":"<div class=\"tmnf_excerpt\"><p>Fulda. Auf weihnachtliche Atmosph\u00e4re mit geschm\u00fcckten St\u00e4nden regionaler Anbieter, einer Krippenausstellung und Holzschnitzarbeiten des Bildhauers Elmar Baumgarten k\u00f6nnen sich die Besucher des \u00dcWAG-Weihnachtsmarkts freuen. Ab Donnerstag, 26. November 2009, l\u00e4dt der osthessische Energieversorger Gro\u00df und Klein ein, sich im Kundenzentrum in der Fuldaer Bahnhofstra\u00dfe bei Kerzenschein, Weihnachtsduft, Waffeln und Pl\u00e4tzchen auf das sch\u00f6nste Fest des &hellip;<\/p>\n<\/div>","protected":false},"author":1,"featured_media":0,"comment_status":"closed","ping_status":"closed","sticky":false,"template":"","format":"standard","meta":{"footnotes":""},"categories":[1,44],"tags":[],"class_list":["post-45909","post","type-post","status-publish","format-standard","hentry","category-startseite","category-kultur"],"_links":{"self":[{"href":"https:\/\/www.fuldaernachrichten.de\/index.php?rest_route=\/wp\/v2\/posts\/45909","targetHints":{"allow":["GET"]}}],"collection":[{"href":"https:\/\/www.fuldaernachrichten.de\/index.php?rest_route=\/wp\/v2\/posts"}],"about":[{"href":"https:\/\/www.fuldaernachrichten.de\/index.php?rest_route=\/wp\/v2\/types\/post"}],"author":[{"embeddable":true,"href":"https:\/\/www.fuldaernachrichten.de\/index.php?rest_route=\/wp\/v2\/users\/1"}],"replies":[{"embeddable":true,"href":"https:\/\/www.fuldaernachrichten.de\/index.php?rest_route=%2Fwp%2Fv2%2Fcomments&post=45909"}],"version-history":[{"count":3,"href":"https:\/\/www.fuldaernachrichten.de\/index.php?rest_route=\/wp\/v2\/posts\/45909\/revisions"}],"predecessor-version":[{"id":46020,"href":"https:\/\/www.fuldaernachrichten.de\/index.php?rest_route=\/wp\/v2\/posts\/45909\/revisions\/46020"}],"wp:attachment":[{"href":"https:\/\/www.fuldaernachrichten.de\/index.php?rest_route=%2Fwp%2Fv2%2Fmedia&parent=45909"}],"wp:term":[{"taxonomy":"category","embeddable":true,"href":"https:\/\/www.fuldaernachrichten.de\/index.php?rest_route=%2Fwp%2Fv2%2Fcategories&post=45909"},{"taxonomy":"post_tag","embeddable":true,"href":"https:\/\/www.fuldaernachrichten.de\/index.php?rest_route=%2Fwp%2Fv2%2Ftags&post=45909"}],"curies":[{"name":"wp","href":"https:\/\/api.w.org\/{rel}","templated":true}]}}