{"id":45903,"date":"2009-11-26T05:32:04","date_gmt":"2009-11-26T04:32:04","guid":{"rendered":"http:\/\/www.schoene-nachrichten.de\/?p=45903"},"modified":"2009-11-25T17:50:23","modified_gmt":"2009-11-25T16:50:23","slug":"buergermeister-las-in-der-zitrone-aus-achtung-die-piraten-kommen","status":"publish","type":"post","link":"https:\/\/www.fuldaernachrichten.de\/?p=45903","title":{"rendered":"B\u00fcrgermeister las in der Zitrone aus \u201eAchtung die Piraten kommen\u201c"},"content":{"rendered":"<p><strong><a href=\"http:\/\/www.schoene-nachrichten.de\/wp-content\/uploads\/2009\/11\/091125_Vorlesen.jpg\"><img fetchpriority=\"high\" decoding=\"async\" class=\"alignleft size-thumbnail wp-image-45904\" title=\"091125_Vorlesen\" src=\"http:\/\/www.schoene-nachrichten.de\/wp-content\/uploads\/2009\/11\/091125_Vorlesen-265x198.jpg\" alt=\"091125_Vorlesen\" width=\"265\" height=\"198\" srcset=\"https:\/\/www.fuldaernachrichten.de\/wp-content\/uploads\/2009\/11\/091125_Vorlesen-265x198.jpg 265w, https:\/\/www.fuldaernachrichten.de\/wp-content\/uploads\/2009\/11\/091125_Vorlesen.jpg 592w\" sizes=\"(max-width: 265px) 100vw, 265px\" \/><\/a>Fulda.<\/strong> Einmal nicht von Mama oder Papa vorgelesen bekommen, sondern von unserem B\u00fcrgermeister: Das konnten viele Kinder am Freitag im Kinder- und Jugendtreff Zitrone erleben. Ab 18 Uhr sa\u00dfen dann etwa 25 Kinder im Kreis um Dr. Wolfgang Dippel und lauschten gespannt seiner Geschichte aus dem Buch \u201eAchtung die Piraten kommen!\u201c. Direkt danach wollten einige Jungs und M\u00e4dchen zeigen, dass sie selbst auch vorlesen k\u00f6nnen und trugen ihrerseits kleine Geschichten vor.<!--more--><\/p>\n<p>Nach einem kleinen Kickermatch zwischen B\u00fcrgermeister und Jugenddezernent Dippel und fu\u00dfballbegeisterten Besuchern der Zitrone lag dann pl\u00f6tzlich ein echtes Fuchsfell in der Vorleseecke. Damit lockte die Rektorin der Adolf-von-Dalbergschule, Frau Notburga G\u00f6\u00dfmann, die Kinder wieder, um Platz zu nehmen und sich von ihr in die Welt des \u201eFindefuchs\u201c versetzen zu lassen.<\/p>\n<p>Bei Keksen und Tee trug auch Heike M\u00fcnker vom Jugendbildungswerk der Stadt Fulda Mitmachgeschichten \u00fcber Prinzessinnen und eitle F\u00fcchse vor. Der Leiter des Kinder- und Jugendtreffs Zitrone, Ingmar S\u00fc\u00df, lud dazu ein, selbst in den ausliegenden B\u00fcchern und Comics zu lesen oder thematisch passend Piraten-Augenklappen oder herbstliche Windlichter zu basteln.<\/p>\n<p><strong>Stiftung Lesen und DIE ZEIT unterst\u00fctzen Aktion<\/strong><\/p>\n<p><a href=\"http:\/\/www.schoene-nachrichten.de\/wp-content\/uploads\/2009\/11\/091125_Vorlesen2.jpg\"><img decoding=\"async\" class=\"alignnone size-thumbnail wp-image-45905\" title=\"091125_Vorlesen2\" src=\"http:\/\/www.schoene-nachrichten.de\/wp-content\/uploads\/2009\/11\/091125_Vorlesen2-265x198.jpg\" alt=\"091125_Vorlesen2\" width=\"265\" height=\"198\" srcset=\"https:\/\/www.fuldaernachrichten.de\/wp-content\/uploads\/2009\/11\/091125_Vorlesen2-265x198.jpg 265w, https:\/\/www.fuldaernachrichten.de\/wp-content\/uploads\/2009\/11\/091125_Vorlesen2.jpg 592w\" sizes=\"(max-width: 265px) 100vw, 265px\" \/><\/a> <a href=\"http:\/\/www.schoene-nachrichten.de\/wp-content\/uploads\/2009\/11\/091125_Vorlesen3.jpg\"><img decoding=\"async\" class=\"alignnone size-thumbnail wp-image-45906\" title=\"091125_Vorlesen3\" src=\"http:\/\/www.schoene-nachrichten.de\/wp-content\/uploads\/2009\/11\/091125_Vorlesen3-265x198.jpg\" alt=\"091125_Vorlesen3\" width=\"265\" height=\"198\" srcset=\"https:\/\/www.fuldaernachrichten.de\/wp-content\/uploads\/2009\/11\/091125_Vorlesen3-265x198.jpg 265w, https:\/\/www.fuldaernachrichten.de\/wp-content\/uploads\/2009\/11\/091125_Vorlesen3.jpg 592w\" sizes=\"(max-width: 265px) 100vw, 265px\" \/><\/a>Bereits zum sechsten Mal haben die Stiftung Lesen und DIE ZEIT gemeinsam mit dem Hauptpartner Deutsche Bahn den bundesweiten Vor-lesetag initiiert. An diesem Tag liest jeder, der Spa\u00df am Vorlesen hat, anderen vor, darunter auch Prominente und Politiker wie z.B. Bundesfi-nanzminister Dr. Wolfgang Sch\u00e4uble oder Moderator Cherno Jobatey.<\/p>\n<p>Der Hintergrund: Einer aktuellen Studie der Deutschen Bahn, der ZEIT und der Stiftung Lesen zufolge lesen 42 Prozent aller Eltern mit Kindern \u201eim besten Vorlesealter\u201c von 0 bis 10 Jahren ihren Kindern nur selten oder gar nicht vor. Andere Studien belegen, dass ein Viertel aller 15-J\u00e4hrigen in Deutschland nicht richtig lesen kann, fast die H\u00e4lfte nimmt nie ein Buch zum Vergn\u00fcgen in die Hand. Zumindest die Besucher des Kinder- und Jugendtreff Zitrone konnten an diesem Tag genug lesen oder vorgelesen bekommen und nach dem gro\u00dfen Erfolg wird es mit Sicherheit weitere solcher Vorlesetage in Fulda geben. (hm)<\/p>\n","protected":false},"excerpt":{"rendered":"<div class=\"tmnf_excerpt\"><p>Fulda. Einmal nicht von Mama oder Papa vorgelesen bekommen, sondern von unserem B\u00fcrgermeister: Das konnten viele Kinder am Freitag im Kinder- und Jugendtreff Zitrone erleben. Ab 18 Uhr sa\u00dfen dann etwa 25 Kinder im Kreis um Dr. Wolfgang Dippel und lauschten gespannt seiner Geschichte aus dem Buch \u201eAchtung die Piraten kommen!\u201c. Direkt danach wollten einige &hellip;<\/p>\n<\/div>","protected":false},"author":1,"featured_media":0,"comment_status":"closed","ping_status":"closed","sticky":false,"template":"","format":"standard","meta":{"footnotes":""},"categories":[1,72,44],"tags":[],"class_list":["post-45903","post","type-post","status-publish","format-standard","hentry","category-startseite","category-jugend","category-kultur"],"_links":{"self":[{"href":"https:\/\/www.fuldaernachrichten.de\/index.php?rest_route=\/wp\/v2\/posts\/45903","targetHints":{"allow":["GET"]}}],"collection":[{"href":"https:\/\/www.fuldaernachrichten.de\/index.php?rest_route=\/wp\/v2\/posts"}],"about":[{"href":"https:\/\/www.fuldaernachrichten.de\/index.php?rest_route=\/wp\/v2\/types\/post"}],"author":[{"embeddable":true,"href":"https:\/\/www.fuldaernachrichten.de\/index.php?rest_route=\/wp\/v2\/users\/1"}],"replies":[{"embeddable":true,"href":"https:\/\/www.fuldaernachrichten.de\/index.php?rest_route=%2Fwp%2Fv2%2Fcomments&post=45903"}],"version-history":[{"count":4,"href":"https:\/\/www.fuldaernachrichten.de\/index.php?rest_route=\/wp\/v2\/posts\/45903\/revisions"}],"predecessor-version":[{"id":46021,"href":"https:\/\/www.fuldaernachrichten.de\/index.php?rest_route=\/wp\/v2\/posts\/45903\/revisions\/46021"}],"wp:attachment":[{"href":"https:\/\/www.fuldaernachrichten.de\/index.php?rest_route=%2Fwp%2Fv2%2Fmedia&parent=45903"}],"wp:term":[{"taxonomy":"category","embeddable":true,"href":"https:\/\/www.fuldaernachrichten.de\/index.php?rest_route=%2Fwp%2Fv2%2Fcategories&post=45903"},{"taxonomy":"post_tag","embeddable":true,"href":"https:\/\/www.fuldaernachrichten.de\/index.php?rest_route=%2Fwp%2Fv2%2Ftags&post=45903"}],"curies":[{"name":"wp","href":"https:\/\/api.w.org\/{rel}","templated":true}]}}