{"id":45894,"date":"2009-11-26T05:30:37","date_gmt":"2009-11-26T04:30:37","guid":{"rendered":"http:\/\/www.schoene-nachrichten.de\/?p=45894"},"modified":"2009-11-25T17:56:57","modified_gmt":"2009-11-25T16:56:57","slug":"jobcenter-reform-hessische-landkreise-fordern-oeffnung-des-optionsmodells","status":"publish","type":"post","link":"https:\/\/www.fuldaernachrichten.de\/?p=45894","title":{"rendered":"Jobcenter Reform: Hessische Landkreise fordern \u00d6ffnung des Optionsmodells"},"content":{"rendered":"<p><strong>Wiesbaden.<\/strong> Die 21 hessischen Landkreise appellieren an die hessische Landesregierung, sich weiterhin mit Nachdruck in den aktuellen Verhandlungen u\u00cc\u02c6ber die Zukunft der Jobcenter fu\u00cc\u02c6r die Erweiterung des Optionsmodells einzusetzen. &#8220;Die Erfolge der 12 hessischen Landkreise und der Landeshauptstadt Wiesbaden, die die Betreuung der Langzeitarbeitslosen in Eigenregie u\u00cc\u02c6bernommen haben, belegen eindrucksvoll die Zukunftsf\u00e4higkeit des Optionsmodells&#8221;, so der Pr\u00e4sident des Hessischen Landkreistages, Landrat Robert Fischbach. &#8220;Daher haben auch aktuell sieben der neun hessischen Landkreise, die zusammen mit der Bundesagentur fu\u00cc\u02c6r Arbeit in Arbeitsgemeinschaften t\u00e4tig sind, erkl\u00e4rt, ku\u00cc\u02c6nftig optieren zu wollen.&#8221;<!--more--><\/p>\n<p>Der getrennten Tr\u00e4gerschaft, die mit der in Berlin verabredeten Aufl\u00f6sung der Arbeitsgemeinschaften in diesen neun hessischen Landkreisen droht, wird mit der \u00d6ffnung der Option eine echte Alternative entgegengestellt. Damit kann der Ru\u00cc\u02c6ckfall in l\u00e4ngst u\u00cc\u02c6berwunden geglaubte Zeiten mit einem Nebeneinander von Sozialamt und Arbeitsverwaltung verhindert und auch in diesen Kommunen weiterhin &#8220;Hilfe aus einer Hand&#8221; gew\u00e4hrt werden. Den Erfolg der Optionskommunen belegt auch der Koalitionsvertrag von CDU\/CSU und FDP, der in Best\u00e4tigung der geleisteten Arbeit den bisherigen Optionskommunen einen unbefristeten Bestand zusichert.<\/p>\n<p>&#8220;Die hessische Landesregierung hat in der Frage der Tr\u00e4gerschaft des SGB II immer an der Seite der Optionskommunen gestanden. Wir appellieren daher insbesondere an Ministerpr\u00e4sident Roland Koch und den zust\u00e4ndigen Staatsminister Ju\u00cc\u02c6rgen Banzer, sich auch in den anstehenden Entscheidungsprozessen im Bund mit ganzer \u00dcberzeugungskraft fu\u00cc\u02c6r die \u00d6ffnung der Option fu\u00cc\u02c6r alle interessierten Landkreise und kreisfreien St\u00e4dte einzusetzen&#8221;, fasst Pr\u00e4sident Fischbach die Position des Hessischen Landkreistages zusammen.<\/p>\n","protected":false},"excerpt":{"rendered":"<div class=\"tmnf_excerpt\"><p>Wiesbaden. Die 21 hessischen Landkreise appellieren an die hessische Landesregierung, sich weiterhin mit Nachdruck in den aktuellen Verhandlungen u\u00cc\u02c6ber die Zukunft der Jobcenter fu\u00cc\u02c6r die Erweiterung des Optionsmodells einzusetzen. &#8220;Die Erfolge der 12 hessischen Landkreise und der Landeshauptstadt Wiesbaden, die die Betreuung der Langzeitarbeitslosen in Eigenregie u\u00cc\u02c6bernommen haben, belegen eindrucksvoll die Zukunftsf\u00e4higkeit des Optionsmodells&#8221;, so &hellip;<\/p>\n<\/div>","protected":false},"author":1,"featured_media":0,"comment_status":"closed","ping_status":"closed","sticky":false,"template":"","format":"standard","meta":{"footnotes":""},"categories":[1,29],"tags":[],"class_list":["post-45894","post","type-post","status-publish","format-standard","hentry","category-startseite","category-politik"],"_links":{"self":[{"href":"https:\/\/www.fuldaernachrichten.de\/index.php?rest_route=\/wp\/v2\/posts\/45894","targetHints":{"allow":["GET"]}}],"collection":[{"href":"https:\/\/www.fuldaernachrichten.de\/index.php?rest_route=\/wp\/v2\/posts"}],"about":[{"href":"https:\/\/www.fuldaernachrichten.de\/index.php?rest_route=\/wp\/v2\/types\/post"}],"author":[{"embeddable":true,"href":"https:\/\/www.fuldaernachrichten.de\/index.php?rest_route=\/wp\/v2\/users\/1"}],"replies":[{"embeddable":true,"href":"https:\/\/www.fuldaernachrichten.de\/index.php?rest_route=%2Fwp%2Fv2%2Fcomments&post=45894"}],"version-history":[{"count":4,"href":"https:\/\/www.fuldaernachrichten.de\/index.php?rest_route=\/wp\/v2\/posts\/45894\/revisions"}],"predecessor-version":[{"id":46029,"href":"https:\/\/www.fuldaernachrichten.de\/index.php?rest_route=\/wp\/v2\/posts\/45894\/revisions\/46029"}],"wp:attachment":[{"href":"https:\/\/www.fuldaernachrichten.de\/index.php?rest_route=%2Fwp%2Fv2%2Fmedia&parent=45894"}],"wp:term":[{"taxonomy":"category","embeddable":true,"href":"https:\/\/www.fuldaernachrichten.de\/index.php?rest_route=%2Fwp%2Fv2%2Fcategories&post=45894"},{"taxonomy":"post_tag","embeddable":true,"href":"https:\/\/www.fuldaernachrichten.de\/index.php?rest_route=%2Fwp%2Fv2%2Ftags&post=45894"}],"curies":[{"name":"wp","href":"https:\/\/api.w.org\/{rel}","templated":true}]}}