{"id":45892,"date":"2009-11-26T05:23:10","date_gmt":"2009-11-26T04:23:10","guid":{"rendered":"http:\/\/www.schoene-nachrichten.de\/?p=45892"},"modified":"2009-11-25T17:52:08","modified_gmt":"2009-11-25T16:52:08","slug":"kaiserschnitte-nehmen-nicht-zu-laut-aok-hessen-ist-der-aufwaertstrend-gestoppt","status":"publish","type":"post","link":"https:\/\/www.fuldaernachrichten.de\/?p=45892","title":{"rendered":"Kaiserschnitte nehmen nicht zu &#8211; Laut AOK Hessen ist der Aufw\u00e4rtstrend gestoppt"},"content":{"rendered":"<p><strong>Bad Homburg.<\/strong> Die Kaiserschnittrate hat in den vergangenen Jahren nicht zugenommen. Das ist das Ergebnis einer Auswertung der AOK Hessen bei ihren Versicherten. Die weitl\u00e4ufige Auffassung, dass insbesondere geplante Kaiserschnitte immer h\u00e4ufiger vorkommen, bed\u00fcrfe einer Korrektur: Die Quote im laufenden Jahr (30 Prozent) habe sich im Vergleich zu 2006 nicht ver\u00e4ndert. Lediglich 2008 habe es eine marginale Entwicklung nach oben (31,4 Prozent) gegeben. Offenbar ist damit bereits die Spitze erreicht. Gleichwohl ist ein Trend nach unten vorerst nicht erkennbar. Noch Ende der 90er-Jahre lag der Anteil der deutschen Frauen mit Kaiserschnitt weit unter 20 Prozent.<\/p>\n","protected":false},"excerpt":{"rendered":"<div class=\"tmnf_excerpt\"><p>Bad Homburg. Die Kaiserschnittrate hat in den vergangenen Jahren nicht zugenommen. Das ist das Ergebnis einer Auswertung der AOK Hessen bei ihren Versicherten. Die weitl\u00e4ufige Auffassung, dass insbesondere geplante Kaiserschnitte immer h\u00e4ufiger vorkommen, bed\u00fcrfe einer Korrektur: Die Quote im laufenden Jahr (30 Prozent) habe sich im Vergleich zu 2006 nicht ver\u00e4ndert. Lediglich 2008 habe es &hellip;<\/p>\n<\/div>","protected":false},"author":1,"featured_media":0,"comment_status":"closed","ping_status":"closed","sticky":false,"template":"","format":"standard","meta":{"footnotes":""},"categories":[1,51],"tags":[],"class_list":["post-45892","post","type-post","status-publish","format-standard","hentry","category-startseite","category-medizin"],"_links":{"self":[{"href":"https:\/\/www.fuldaernachrichten.de\/index.php?rest_route=\/wp\/v2\/posts\/45892","targetHints":{"allow":["GET"]}}],"collection":[{"href":"https:\/\/www.fuldaernachrichten.de\/index.php?rest_route=\/wp\/v2\/posts"}],"about":[{"href":"https:\/\/www.fuldaernachrichten.de\/index.php?rest_route=\/wp\/v2\/types\/post"}],"author":[{"embeddable":true,"href":"https:\/\/www.fuldaernachrichten.de\/index.php?rest_route=\/wp\/v2\/users\/1"}],"replies":[{"embeddable":true,"href":"https:\/\/www.fuldaernachrichten.de\/index.php?rest_route=%2Fwp%2Fv2%2Fcomments&post=45892"}],"version-history":[{"count":2,"href":"https:\/\/www.fuldaernachrichten.de\/index.php?rest_route=\/wp\/v2\/posts\/45892\/revisions"}],"predecessor-version":[{"id":46023,"href":"https:\/\/www.fuldaernachrichten.de\/index.php?rest_route=\/wp\/v2\/posts\/45892\/revisions\/46023"}],"wp:attachment":[{"href":"https:\/\/www.fuldaernachrichten.de\/index.php?rest_route=%2Fwp%2Fv2%2Fmedia&parent=45892"}],"wp:term":[{"taxonomy":"category","embeddable":true,"href":"https:\/\/www.fuldaernachrichten.de\/index.php?rest_route=%2Fwp%2Fv2%2Fcategories&post=45892"},{"taxonomy":"post_tag","embeddable":true,"href":"https:\/\/www.fuldaernachrichten.de\/index.php?rest_route=%2Fwp%2Fv2%2Ftags&post=45892"}],"curies":[{"name":"wp","href":"https:\/\/api.w.org\/{rel}","templated":true}]}}