{"id":45890,"date":"2009-11-26T05:30:46","date_gmt":"2009-11-26T04:30:46","guid":{"rendered":"http:\/\/www.schoene-nachrichten.de\/?p=45890"},"modified":"2009-11-25T17:54:56","modified_gmt":"2009-11-25T16:54:56","slug":"demokratie-braucht-jede-stimme-liga-verbaende-in-fulda-starten-initiative-fuer-das-kommunale-wahlrecht-fuer-alle","status":"publish","type":"post","link":"https:\/\/www.fuldaernachrichten.de\/?p=45890","title":{"rendered":"Demokratie braucht jede Stimme! Liga-Verb\u00e4nde in Fulda starten Initiative f\u00fcr das kommunale Wahlrecht f\u00fcr alle"},"content":{"rendered":"<p><strong>Fulda. <\/strong>\u201eWir setzen uns f\u00fcr das kommunale Wahlrecht f\u00fcr alle rechtm\u00e4\u00dfig und dauerhaft in Deutschland lebenden Einwohner und Einwohnerinnen ein und werben um Unterst\u00fctzung dieser Forderung in Stadt und Landkreis Fulda.\u201c Mit diesem Statement weist Werner Krah, Sprecher der Liga der Freien Wohlfahrtspflege in Stadt und Landkreis Fulda, auf eine neue Initiative der Ortsliga in Fulda hin.<!--more--><\/p>\n<p>Sie schlie\u00dft sich damit der Kampagne \u201eDemokratie braucht jede Stimme\u201c an, die von einem breiten \u00fcberparteilichen B\u00fcndnis \u201eKommunales Wahlrecht f\u00fcr Alle\u201c in Hessen und Rheinland-Pfalz getragen wird, dem auch die Ligen der Freien Wohlfahrtspflege der beiden Bundesl\u00e4nder angeh\u00f6ren. In Fulda wurde den Fraktionen der Stadtverordnetenversammlung und des Kreistags die Forderung des B\u00fcndnisses \u00fcberreicht bzw. zugesandt, verbunden mit der Bitte, sich mit diesem Anliegen auseinanderzusetzen. Der Sprecher der Liga in Fulda ruft B\u00fcrgerinnen und B\u00fcrger der Stadt dazu auf, sich zu informieren und die Initiative zu unterst\u00fctzen.<\/p>\n<p>\u201eEs geht darum, dass die Migranten, die aus Staaten au\u00dferhalb der EU stammen und deren Familien teilweise bereits seit Generationen hier leben und arbeiten, endlich in die politische Willensbildung und in die Gestaltung des kommunalen Gemeinwesens eingebunden werden\u201c, erl\u00e4utert Krah. Es handele sich um eine gro\u00dfe Zahl Betroffener, denn ca. 4,45 Millionen Migranten in Deutschland stammten nicht aus der EU.<\/p>\n<p>Es sei nicht akzeptabel, dass die Ausl\u00e4nderinnen und Ausl\u00e4nder in Deutschland seit der Einf\u00fchrung des kommunalen Wahlrechts f\u00fcr EU-B\u00fcrger im Jahre 1992 in zwei Klassen aufgeteilt seien: die wahlberechtigten und die, die von Entscheidungsprozessen auf kommunaler Ebene ausgeschlossen seien. \u201eWarum soll gerade im \u201eIntegrationsland\u201c Deutschland nicht m\u00f6glich sein, was in Schweden, den Niederlanden, D\u00e4nemark, Irland und Finnland l\u00e4ngst Praxis ist?\u201c fragt Krah: Denn Integration bedeute schlie\u00dflich auch Partizipation, also Teilhabe. Wenn diese ausbleibe, sei das letztlich ein Integrationshindernis.<\/p>\n<p>Doch zum kommunalen Wahlrecht f\u00fcr alle sei es noch ein weiter Weg: \u201eIn Bundestag und Bundesrat muss eine Zweidrittel-Mehrheit daf\u00fcr gewonnen werden\u201c, erl\u00e4utert der Liga-Sprecher. Denn diese werde f\u00fcr die Grundgesetz\u00e4nderung ben\u00f6tigt, die f\u00fcr die Einf\u00fchrung des kommunalen Wahlrechts f\u00fcr sog. Drittstaater erforderlich sei. In Hessen h\u00e4tten sich einige St\u00e4dte und Gemeinden bereits f\u00fcr die Einf\u00fchrung des kommunalen Wahlrechts f\u00fcr alle ausgesprochen. Dies auch in Stadt und Landkreis Fulda zu erwirken, ist nach Ansicht von Krah ein wichtiges Ziel.<\/p>\n<p>Bei den \u00f6rtlichen Liga-Verb\u00e4nden (AWO, Caritas, Diakonie, DRK, PARIT\u00c4TISCHER, J\u00fcdische Gemeinde) k\u00f6nnen interessierte B\u00fcrgerinnen und B\u00fcrger der Stadt sowie Organisationen und Einrichtungen Unterlagen des B\u00fcndnisses \u201eKommunales Wahlrecht f\u00fcr Alle\u201c erhalten und sich in Unterschriftenlisten eintragen. \u00dcber den Arbeitskreis \u201eKommunales Wahlrecht f\u00fcr Alle\u201c werden die Listen dann dem neuen Pr\u00e4sidenten des Deutschen Bundestages \u00fcberreicht. Kontakt: Parit\u00e4tischer Wohlfahrtsverband, Regionalgesch\u00e4ftsstelle Fulda, Heinrichstr. 58, Tel. 0661\/9019844, E-Mail: paritaet.fulda@paritaet-hessen.org.<\/p>\n","protected":false},"excerpt":{"rendered":"<div class=\"tmnf_excerpt\"><p>Fulda. \u201eWir setzen uns f\u00fcr das kommunale Wahlrecht f\u00fcr alle rechtm\u00e4\u00dfig und dauerhaft in Deutschland lebenden Einwohner und Einwohnerinnen ein und werben um Unterst\u00fctzung dieser Forderung in Stadt und Landkreis Fulda.\u201c Mit diesem Statement weist Werner Krah, Sprecher der Liga der Freien Wohlfahrtspflege in Stadt und Landkreis Fulda, auf eine neue Initiative der Ortsliga in &hellip;<\/p>\n<\/div>","protected":false},"author":1,"featured_media":0,"comment_status":"closed","ping_status":"closed","sticky":false,"template":"","format":"standard","meta":{"footnotes":""},"categories":[1,29],"tags":[],"class_list":["post-45890","post","type-post","status-publish","format-standard","hentry","category-startseite","category-politik"],"_links":{"self":[{"href":"https:\/\/www.fuldaernachrichten.de\/index.php?rest_route=\/wp\/v2\/posts\/45890","targetHints":{"allow":["GET"]}}],"collection":[{"href":"https:\/\/www.fuldaernachrichten.de\/index.php?rest_route=\/wp\/v2\/posts"}],"about":[{"href":"https:\/\/www.fuldaernachrichten.de\/index.php?rest_route=\/wp\/v2\/types\/post"}],"author":[{"embeddable":true,"href":"https:\/\/www.fuldaernachrichten.de\/index.php?rest_route=\/wp\/v2\/users\/1"}],"replies":[{"embeddable":true,"href":"https:\/\/www.fuldaernachrichten.de\/index.php?rest_route=%2Fwp%2Fv2%2Fcomments&post=45890"}],"version-history":[{"count":2,"href":"https:\/\/www.fuldaernachrichten.de\/index.php?rest_route=\/wp\/v2\/posts\/45890\/revisions"}],"predecessor-version":[{"id":46026,"href":"https:\/\/www.fuldaernachrichten.de\/index.php?rest_route=\/wp\/v2\/posts\/45890\/revisions\/46026"}],"wp:attachment":[{"href":"https:\/\/www.fuldaernachrichten.de\/index.php?rest_route=%2Fwp%2Fv2%2Fmedia&parent=45890"}],"wp:term":[{"taxonomy":"category","embeddable":true,"href":"https:\/\/www.fuldaernachrichten.de\/index.php?rest_route=%2Fwp%2Fv2%2Fcategories&post=45890"},{"taxonomy":"post_tag","embeddable":true,"href":"https:\/\/www.fuldaernachrichten.de\/index.php?rest_route=%2Fwp%2Fv2%2Ftags&post=45890"}],"curies":[{"name":"wp","href":"https:\/\/api.w.org\/{rel}","templated":true}]}}