{"id":45884,"date":"2009-11-26T05:52:40","date_gmt":"2009-11-26T04:52:40","guid":{"rendered":"http:\/\/www.schoene-nachrichten.de\/?p=45884"},"modified":"2009-11-25T17:53:24","modified_gmt":"2009-11-25T16:53:24","slug":"initiative-buergerstiftung-grossenlueder-stellt-sich-vor","status":"publish","type":"post","link":"https:\/\/www.fuldaernachrichten.de\/?p=45884","title":{"rendered":"&#8220;Initiative B\u00fcrgerstiftung Gro\u00dfenl\u00fcder&#8221; stellt sich vor"},"content":{"rendered":"<p><strong><a href=\"http:\/\/www.schoene-nachrichten.de\/wp-content\/uploads\/2009\/11\/091125_B\u00fcrgerstiftung.jpg\"><img fetchpriority=\"high\" decoding=\"async\" class=\"alignleft size-thumbnail wp-image-45885\" title=\"091125_B\u00fcrgerstiftung\" src=\"http:\/\/www.schoene-nachrichten.de\/wp-content\/uploads\/2009\/11\/091125_B\u00fcrgerstiftung-265x198.jpg\" alt=\"091125_B\u00fcrgerstiftung\" width=\"265\" height=\"198\" \/><\/a>Gro\u00dfenl\u00fcder. <\/strong>Als einen Meilenstein zur Realisierung der B\u00fcrgerstiftung Gro\u00dfenl\u00fcder bezeichnen die beiden Repr\u00e4sentanten der \u201eInitiative B\u00fcrgerstiftung Gro\u00dfenl\u00fcder\u201c J\u00fcrgen Bien und Silvia Hillenbrand ihre aktive Teilnahme am Hessischen Stiftungstag 2009 in Wiesbaden, der von der Hessischen Landesregierung ausgerichtet wurde. Die Einladung und Meldung der Teilnahme erfolgte \u00fcber die \u201eAktive B\u00fcrgerschaft e.V.\u201c, dem\u00c2\u00a0 Kompetenzzentrum f\u00fcr B\u00fcrgerengagement der Volksbanken und Raiffeisenbanken im genossenschaftlichen FinanzVerbund. <!--more--><\/p>\n<p>Bien und Hillenbrand\u00c2\u00a0 nutzten die Zeit an ihrem eigens eingerichteten Informationsstand f\u00fcr zahlreiche Gespr\u00e4che. Auch Ministerpr\u00e4sident Roland Koch lie\u00df sich am Gro\u00dfenl\u00fcderer Stand von der Initiative berichten und zeigte gro\u00dfes Interesse f\u00fcr die noch zu gr\u00fcndende B\u00fcrgerstiftung. \u201eEr machte uns Mut und begr\u00fc\u00dfte die Initiative ausdr\u00fccklich\u201c.<\/p>\n<p>\u201eAls besondere W\u00fcrdigung unserer Arbeit haben wir es empfunden, dass wir uns in einem Workshop \u201eB\u00fcrgerstiftungen in Hessen\u201c neben einer schon bestehenden Stiftung vorstellen durften, obwohl wir ja noch im Gr\u00fcndungsprozess sind.\u201c Das Interesse an dem Vortrag von Bien und Hillenbrand war gro\u00df und vieles konnte anschlie\u00dfend in einer Frage- und Diskussionsrunde vertieft werden.<\/p>\n<p>Die beiden Vertreter des Initiatorenkreises der B\u00fcrgerstiftung Gro\u00dfenl\u00fcder ziehen ein positives Res\u00fcmee dieses Tages. Die \u00fcber 120 Stiftungen zeigten an ihren Informationsst\u00e4nden eine Vielfalt von kreativen Projekten. \u201eDer inhaltlichen Austausch mit denjenigen, die den Stiftungsgedanken aktiv umsetzen, war f\u00fcr unsere zuk\u00fcnftige Weiterarbeit eine Best\u00e4tigung unseres Tuns und auch pers\u00f6nlich eine gro\u00dfe Bereicherung\u201c.<\/p>\n<p>In der Brosch\u00fcre zum Hessischen Stiftungstag wurde die Initiative B\u00fcrgerstiftung Gro\u00dfenl\u00fcder wie folgt vorgestellt: \u201eDie Initiative B\u00fcrgerstiftung Gro\u00dfenl\u00fcder will \u2013 nicht zuletzt vor dem Hintergrund der Folgen der demographischen Entwicklung \u2013 Menschen zusammenf\u00fchren und mit ihrer finanziellen Hilfe, ihrer Zeit und ihren Ideen nachhaltige Projekte entwickeln, die das Gemeinwohl und die Lebensqualit\u00e4t innerhalb der Region Gro\u00dfenl\u00fcder st\u00e4r-ken.\u201c<\/p>\n<p>Mit der Teilnahme am Stiftungstag erfolgte die erste \u00fcberregionale \u00f6ffentliche Vorstellung der \u201eInitiative B\u00fcrgerstiftung Gro\u00dfenl\u00fcder\u201c. Zuvor hatte es eine erste \u00f6rtliche Darstellung in Gro\u00dfenl\u00fcder gegeben. Am 30.08.09 veranstalteten die Gro\u00dfenl\u00fcderer Vereine einen \u201eMarkt der Vereine\u201c. Hier konnten Bien und Hillenbrand ebenfalls mit einem Informationsstand und verschiedenem Informationsmaterial die Initiative vorstellen.<\/p>\n<p>Der Stiftungstag ist Ansporn f\u00fcr die Initiatoren. Sie k\u00fcndigten an, dass es weiterhin Werbung durch pers\u00f6nliche Ansprache geben wird. Der bisher eingeworbene Betrag von 52.425,00 Euro, der von 67 Personen aus dem privaten wie auch aus dem Unternehmerbereich als Stiftungskapital eingebracht werden wird, ist ein sch\u00f6nes Zeichen f\u00fcr das soziale Engagement der B\u00fcrgerinnen und B\u00fcrger sowie der Unternehmen in der Region Gro\u00dfenl\u00fcder.<\/p>\n<p>Dar\u00fcber hinaus haben sich 30 Interessenten bereit erkl\u00e4rt an der Stiftungssatzung bzw. in den Stiftungsorganen mitzuarbeiten. Dies sind auch die n\u00e4chsten anstehenden Aktivit\u00e4ten: Erstellung der Stiftungssatzung, Anerkennung der Gemeinn\u00fctzigkeit durch das Finanzamt sowie die Antragstellung der Stiftung beim Regierungspr\u00e4sidenten als Genehmigungsbeh\u00f6rde.<\/p>\n<p>Personen, die sich angesprochen f\u00fchlen, als Stifter von Ideen, Zeit, Wissen und Erfahrung, als F\u00fcrsprecher f\u00fcr die Idee B\u00fcrgerstiftung oder als Zustifter und Spender zu bet\u00e4tigen, k\u00f6nnen sich gerne an die a. g. Ansprechpartner wenden. Nach den Vorstellungen von Bien und Hillenbrand soll die Stiftung im Fr\u00fchjahr 2010 mit ihrer Arbeit beginnen.<\/p>\n","protected":false},"excerpt":{"rendered":"<div class=\"tmnf_excerpt\"><p>Gro\u00dfenl\u00fcder. Als einen Meilenstein zur Realisierung der B\u00fcrgerstiftung Gro\u00dfenl\u00fcder bezeichnen die beiden Repr\u00e4sentanten der \u201eInitiative B\u00fcrgerstiftung Gro\u00dfenl\u00fcder\u201c J\u00fcrgen Bien und Silvia Hillenbrand ihre aktive Teilnahme am Hessischen Stiftungstag 2009 in Wiesbaden, der von der Hessischen Landesregierung ausgerichtet wurde. Die Einladung und Meldung der Teilnahme erfolgte \u00fcber die \u201eAktive B\u00fcrgerschaft e.V.\u201c, dem\u00c2\u00a0 Kompetenzzentrum f\u00fcr B\u00fcrgerengagement der &hellip;<\/p>\n<\/div>","protected":false},"author":1,"featured_media":0,"comment_status":"closed","ping_status":"closed","sticky":false,"template":"","format":"standard","meta":{"footnotes":""},"categories":[1,44],"tags":[],"class_list":["post-45884","post","type-post","status-publish","format-standard","hentry","category-startseite","category-kultur"],"_links":{"self":[{"href":"https:\/\/www.fuldaernachrichten.de\/index.php?rest_route=\/wp\/v2\/posts\/45884","targetHints":{"allow":["GET"]}}],"collection":[{"href":"https:\/\/www.fuldaernachrichten.de\/index.php?rest_route=\/wp\/v2\/posts"}],"about":[{"href":"https:\/\/www.fuldaernachrichten.de\/index.php?rest_route=\/wp\/v2\/types\/post"}],"author":[{"embeddable":true,"href":"https:\/\/www.fuldaernachrichten.de\/index.php?rest_route=\/wp\/v2\/users\/1"}],"replies":[{"embeddable":true,"href":"https:\/\/www.fuldaernachrichten.de\/index.php?rest_route=%2Fwp%2Fv2%2Fcomments&post=45884"}],"version-history":[{"count":4,"href":"https:\/\/www.fuldaernachrichten.de\/index.php?rest_route=\/wp\/v2\/posts\/45884\/revisions"}],"predecessor-version":[{"id":46024,"href":"https:\/\/www.fuldaernachrichten.de\/index.php?rest_route=\/wp\/v2\/posts\/45884\/revisions\/46024"}],"wp:attachment":[{"href":"https:\/\/www.fuldaernachrichten.de\/index.php?rest_route=%2Fwp%2Fv2%2Fmedia&parent=45884"}],"wp:term":[{"taxonomy":"category","embeddable":true,"href":"https:\/\/www.fuldaernachrichten.de\/index.php?rest_route=%2Fwp%2Fv2%2Fcategories&post=45884"},{"taxonomy":"post_tag","embeddable":true,"href":"https:\/\/www.fuldaernachrichten.de\/index.php?rest_route=%2Fwp%2Fv2%2Ftags&post=45884"}],"curies":[{"name":"wp","href":"https:\/\/api.w.org\/{rel}","templated":true}]}}