{"id":45871,"date":"2009-11-27T05:24:07","date_gmt":"2009-11-27T04:24:07","guid":{"rendered":"http:\/\/www.schoene-nachrichten.de\/?p=45871"},"modified":"2009-11-27T07:40:25","modified_gmt":"2009-11-27T06:40:25","slug":"fortbildung-wird-grossgeschrieben-im-landratsamt","status":"publish","type":"post","link":"https:\/\/www.fuldaernachrichten.de\/?p=45871","title":{"rendered":"FORTBILDUNG wird gro\u00dfgeschrieben im Landratsamt"},"content":{"rendered":"<p><strong><a href=\"http:\/\/www.schoene-nachrichten.de\/wp-content\/uploads\/2009\/11\/091125_Fortbildung.jpg\"><img fetchpriority=\"high\" decoding=\"async\" class=\"alignleft size-thumbnail wp-image-45872\" title=\"091125_Fortbildung\" src=\"http:\/\/www.schoene-nachrichten.de\/wp-content\/uploads\/2009\/11\/091125_Fortbildung-265x252.jpg\" alt=\"091125_Fortbildung\" width=\"265\" height=\"252\" srcset=\"https:\/\/www.fuldaernachrichten.de\/wp-content\/uploads\/2009\/11\/091125_Fortbildung-265x252.jpg 265w, https:\/\/www.fuldaernachrichten.de\/wp-content\/uploads\/2009\/11\/091125_Fortbildung.jpg 592w\" sizes=\"(max-width: 265px) 100vw, 265px\" \/><\/a>Fulda. <\/strong>FORTBILDUNG wird gro\u00dfgeschrieben im Landratsamt. Michael Wolf (Amt f\u00fcr den l\u00e4ndlichen Raum, links) und Christian Stapler (Ordnungsamt, Zweiter von rechts) haben sich in einem zweij\u00e4hrigen berufsbegleitenden Lehrgang qualifiziert und die Pr\u00fcfung zum Verwaltungsfachangestellten abgelegt. Martina Rudolf (Amt f\u00fcr den l\u00e4ndlichen Raum) hat in einem sechsmonatigen Kurs die Ausbildereignung erworben (AdA). Landrat Rudolf Marx gratulierte zu den bestandenen Pr\u00fcfungen und hob das hohe Ausbildungsniveau in der Kreisverwaltung hervor.<\/p>\n<p>Foto: Pressestelle Vogelsbergkreis<\/p>\n","protected":false},"excerpt":{"rendered":"<div class=\"tmnf_excerpt\"><p>Fulda. FORTBILDUNG wird gro\u00dfgeschrieben im Landratsamt. Michael Wolf (Amt f\u00fcr den l\u00e4ndlichen Raum, links) und Christian Stapler (Ordnungsamt, Zweiter von rechts) haben sich in einem zweij\u00e4hrigen berufsbegleitenden Lehrgang qualifiziert und die Pr\u00fcfung zum Verwaltungsfachangestellten abgelegt. Martina Rudolf (Amt f\u00fcr den l\u00e4ndlichen Raum) hat in einem sechsmonatigen Kurs die Ausbildereignung erworben (AdA). Landrat Rudolf Marx gratulierte &hellip;<\/p>\n<\/div>","protected":false},"author":1,"featured_media":0,"comment_status":"closed","ping_status":"closed","sticky":false,"template":"","format":"standard","meta":{"footnotes":""},"categories":[1,53],"tags":[],"class_list":["post-45871","post","type-post","status-publish","format-standard","hentry","category-startseite","category-bildung"],"_links":{"self":[{"href":"https:\/\/www.fuldaernachrichten.de\/index.php?rest_route=\/wp\/v2\/posts\/45871","targetHints":{"allow":["GET"]}}],"collection":[{"href":"https:\/\/www.fuldaernachrichten.de\/index.php?rest_route=\/wp\/v2\/posts"}],"about":[{"href":"https:\/\/www.fuldaernachrichten.de\/index.php?rest_route=\/wp\/v2\/types\/post"}],"author":[{"embeddable":true,"href":"https:\/\/www.fuldaernachrichten.de\/index.php?rest_route=\/wp\/v2\/users\/1"}],"replies":[{"embeddable":true,"href":"https:\/\/www.fuldaernachrichten.de\/index.php?rest_route=%2Fwp%2Fv2%2Fcomments&post=45871"}],"version-history":[{"count":2,"href":"https:\/\/www.fuldaernachrichten.de\/index.php?rest_route=\/wp\/v2\/posts\/45871\/revisions"}],"predecessor-version":[{"id":46128,"href":"https:\/\/www.fuldaernachrichten.de\/index.php?rest_route=\/wp\/v2\/posts\/45871\/revisions\/46128"}],"wp:attachment":[{"href":"https:\/\/www.fuldaernachrichten.de\/index.php?rest_route=%2Fwp%2Fv2%2Fmedia&parent=45871"}],"wp:term":[{"taxonomy":"category","embeddable":true,"href":"https:\/\/www.fuldaernachrichten.de\/index.php?rest_route=%2Fwp%2Fv2%2Fcategories&post=45871"},{"taxonomy":"post_tag","embeddable":true,"href":"https:\/\/www.fuldaernachrichten.de\/index.php?rest_route=%2Fwp%2Fv2%2Ftags&post=45871"}],"curies":[{"name":"wp","href":"https:\/\/api.w.org\/{rel}","templated":true}]}}