{"id":45868,"date":"2009-11-25T18:15:32","date_gmt":"2009-11-25T17:15:32","guid":{"rendered":"http:\/\/www.schoene-nachrichten.de\/?p=45868"},"modified":"2009-11-25T18:15:53","modified_gmt":"2009-11-25T17:15:53","slug":"abteilung-allgemein-und-viszeralchirurgie-des-hjk-als-kompetenz-zentrum-fuer-darmkrankheiten-zertifiziert","status":"publish","type":"post","link":"https:\/\/www.fuldaernachrichten.de\/?p=45868","title":{"rendered":"Abteilung Allgemein- und Viszeralchirurgie des HJK als Kompetenz-Zentrum f\u00fcr Darmkrankheiten zertifiziert"},"content":{"rendered":"<p><a href=\"http:\/\/www.schoene-nachrichten.de\/wp-content\/uploads\/2009\/11\/091125_HJK_000.jpg\"><img fetchpriority=\"high\" decoding=\"async\" class=\"alignnone size-full wp-image-46034\" title=\"Foto: Max Colin Heydenreich\" src=\"http:\/\/www.schoene-nachrichten.de\/wp-content\/uploads\/2009\/11\/091125_HJK_000.jpg\" alt=\"Foto: Max Colin Heydenreich\" width=\"560\" height=\"230\" srcset=\"https:\/\/www.fuldaernachrichten.de\/wp-content\/uploads\/2009\/11\/091125_HJK_000.jpg 560w, https:\/\/www.fuldaernachrichten.de\/wp-content\/uploads\/2009\/11\/091125_HJK_000-265x108.jpg 265w\" sizes=\"(max-width: 560px) 100vw, 560px\" \/><\/a><\/p>\n<p><strong>Fulda.<\/strong> Die Abteilung Allgemein- und Viszeralchirurgie am Herz-Jesu-Krankenhaus Fulda unter der Leitung von Priv.-Doz. Dr. med. Carolin Tonus hat im September dieses Jahres die Zertifizierung als Kompetenz-Zentrum f\u00fcr chirurgische Koloproktologie erhalten. Das Qualit\u00e4tszertifikat ist ein G\u00fctesiegel der Deutschen Gesellschaft f\u00fcr Allgemein- und Viszeralchirurgie (DGAV) und der Deutschen Gesellschaft f\u00fcr Koloproktologie. Am Montag wurde diese besondere Auszeichnung mit der \u00dcbergabe des Zertifikates gefeiert.<\/p>\n<p><strong>Fotos (27):<\/strong> Max Colin Heydenreich<\/p>\n<p><a title=\"Foto: Max Colin Heydenreich\" rel=\"lightbox[roadtrip]\" href=\"..\/wp-content\/uploads\/2009\/11\/091125_HJK_015.jpg\" target=\"_blank\"><img decoding=\"async\" src=\"..\/wp-content\/uploads\/2009\/11\/091125_HJK_015.thumbnail.jpg\" alt=\"091125_HJK_015.jpg\" width=\"265\" \/><\/a> <a title=\"Foto: Max Colin Heydenreich\" rel=\"lightbox[roadtrip]\" href=\"..\/wp-content\/uploads\/2009\/11\/091125_HJK_016.jpg\" target=\"_blank\"><img decoding=\"async\" src=\"..\/wp-content\/uploads\/2009\/11\/091125_HJK_016.thumbnail.jpg\" alt=\"091125_HJK_016.jpg\" width=\"265\" \/><\/a><\/p>\n<p><a title=\"Foto: Max Colin Heydenreich\" rel=\"lightbox[roadtrip]\" href=\"..\/wp-content\/uploads\/2009\/11\/091125_HJK_007.jpg\" target=\"_blank\"><img decoding=\"async\" src=\"..\/wp-content\/uploads\/2009\/11\/091125_HJK_007.thumbnail.jpg\" alt=\"091125_HJK_007.jpg\" width=\"265\" \/><\/a> <a title=\"Foto: Max Colin Heydenreich\" rel=\"lightbox[roadtrip]\" href=\"..\/wp-content\/uploads\/2009\/11\/091125_HJK_008.jpg\" target=\"_blank\"><img decoding=\"async\" src=\"..\/wp-content\/uploads\/2009\/11\/091125_HJK_008.thumbnail.jpg\" alt=\"091125_HJK_008.jpg\" width=\"265\" \/><\/a><!--more--><\/p>\n<p>Die kolorektale Chirurgie besch\u00e4ftigt sich mit Erkrankungen des Dick-, Mast- und Enddarms wie Dick- und Enddarmkrebs, Analfisteln, Abszesse oder H\u00e4morrhoiden und geh\u00f6rt zu den Schwerpunkten der Abteilung, die in den vergangenen Monaten ein aufw\u00e4ndiges Pr\u00fcfverfahren der Fachgesellschaften durchlaufen hat.<\/p>\n<p><a title=\"Foto: Max Colin Heydenreich\" rel=\"lightbox[roadtrip]\" href=\"http:\/\/www.schoene-nachrichten.de\/wp-content\/uploads\/2009\/11\/091125_HJK_017.jpg\" target=\"_blank\"><img decoding=\"async\" src=\"http:\/\/www.schoene-nachrichten.de\/wp-content\/uploads\/2009\/11\/091125_HJK_017.thumbnail.jpg\" alt=\"091125_HJK_017.jpg\" width=\"265\" \/><\/a> <a title=\"Foto: Max Colin Heydenreich\" rel=\"lightbox[roadtrip]\" href=\"http:\/\/www.schoene-nachrichten.de\/wp-content\/uploads\/2009\/11\/091125_HJK_018.jpg\" target=\"_blank\"><img decoding=\"async\" src=\"http:\/\/www.schoene-nachrichten.de\/wp-content\/uploads\/2009\/11\/091125_HJK_018.thumbnail.jpg\" alt=\"091125_HJK_018.jpg\" width=\"265\" \/><\/a><\/p>\n<p><a title=\"Foto: Max Colin Heydenreich\" rel=\"lightbox[roadtrip]\" href=\"http:\/\/www.schoene-nachrichten.de\/wp-content\/uploads\/2009\/11\/091125_HJK_019.jpg\" target=\"_blank\"><img decoding=\"async\" src=\"http:\/\/www.schoene-nachrichten.de\/wp-content\/uploads\/2009\/11\/091125_HJK_019.thumbnail.jpg\" alt=\"091125_HJK_019.jpg\" width=\"265\" \/><\/a> <a title=\"Foto: Max Colin Heydenreich\" rel=\"lightbox[roadtrip]\" href=\"http:\/\/www.schoene-nachrichten.de\/wp-content\/uploads\/2009\/11\/091125_HJK_020.jpg\" target=\"_blank\"><img decoding=\"async\" src=\"http:\/\/www.schoene-nachrichten.de\/wp-content\/uploads\/2009\/11\/091125_HJK_020.thumbnail.jpg\" alt=\"091125_HJK_020.jpg\" width=\"265\" \/><\/a><\/p>\n<p>Um als Kompetenz-Zentrum zertifiziert zu werden, mussten vielf\u00e4ltige Kriterien erf\u00fcllt werden, beispielsweise umfangreiche Erfahrung bei den zu behandelnden Krankheitsbildern, eine hohe Zahl an Darmeingriffen, eine moderne apparative Ausstattung, die interdisziplin\u00e4re Zusammenarbeit mit anderen medizinischen Fachrichtungen, die Teilnahme an Studien oder das Angebot von Spezialsprechstunden f\u00fcr Koloproktologie. Die unabh\u00e4ngigen Experten \u00fcberzeugten sich auch vor Ort von der chirurgischen Kompetenz der \u00c4rztinnen und \u00c4rzte.<\/p>\n<p><a title=\"Foto: Max Colin Heydenreich\" rel=\"lightbox[roadtrip]\" href=\"http:\/\/www.schoene-nachrichten.de\/wp-content\/uploads\/2009\/11\/091125_HJK_009.jpg\" target=\"_blank\"><img decoding=\"async\" src=\"http:\/\/www.schoene-nachrichten.de\/wp-content\/uploads\/2009\/11\/091125_HJK_009.thumbnail.jpg\" alt=\"091125_HJK_009.jpg\" width=\"265\" \/><\/a> <a title=\"Foto: Max Colin Heydenreich\" rel=\"lightbox[roadtrip]\" href=\"http:\/\/www.schoene-nachrichten.de\/wp-content\/uploads\/2009\/11\/091125_HJK_010.jpg\" target=\"_blank\"><img decoding=\"async\" src=\"http:\/\/www.schoene-nachrichten.de\/wp-content\/uploads\/2009\/11\/091125_HJK_010.thumbnail.jpg\" alt=\"091125_HJK_010.jpg\" width=\"265\" \/><\/a><\/p>\n<p><a title=\"Foto: Max Colin Heydenreich\" rel=\"lightbox[roadtrip]\" href=\"http:\/\/www.schoene-nachrichten.de\/wp-content\/uploads\/2009\/11\/091125_HJK_011.jpg\" target=\"_blank\"><img decoding=\"async\" src=\"http:\/\/www.schoene-nachrichten.de\/wp-content\/uploads\/2009\/11\/091125_HJK_011.thumbnail.jpg\" alt=\"091125_HJK_011.jpg\" width=\"265\" \/><\/a> <a title=\"Foto: Max Colin Heydenreich\" rel=\"lightbox[roadtrip]\" href=\"http:\/\/www.schoene-nachrichten.de\/wp-content\/uploads\/2009\/11\/091125_HJK_012.jpg\" target=\"_blank\"><img decoding=\"async\" src=\"http:\/\/www.schoene-nachrichten.de\/wp-content\/uploads\/2009\/11\/091125_HJK_012.thumbnail.jpg\" alt=\"091125_HJK_012.jpg\" width=\"265\" \/><\/a><\/p>\n<p>Prof. Dr. Johannes Otto Jost, Repr\u00e4sentant der DGAV, \u00fcbergab das Zertifikat an die Chef\u00e4rztin und erkl\u00e4rte: \u201eMit dem Zertifikat machen wir die chirurgische Qualit\u00e4t in den Krankenh\u00e4usern f\u00fcr die Patienten sichtbar.\u201c Carolin Tonus freute sich \u00fcber das bestandene Pr\u00fcfverfahren und bedankte sich bei dem gesamten Team. \u201eJeder von uns ist ein kleines Mosaiksteinchen des Erfolges\u201c, so Tonus abschlie\u00dfend.<\/p>\n<p><a title=\"Foto: Max Colin Heydenreich\" rel=\"lightbox[roadtrip]\" href=\"http:\/\/www.schoene-nachrichten.de\/wp-content\/uploads\/2009\/11\/091125_HJK_001.jpg\" target=\"_blank\"><img decoding=\"async\" src=\"http:\/\/www.schoene-nachrichten.de\/wp-content\/uploads\/2009\/11\/091125_HJK_001.thumbnail.jpg\" alt=\"091125_HJK_001.jpg\" width=\"265\" \/><\/a> <a title=\"Foto: Max Colin Heydenreich\" rel=\"lightbox[roadtrip]\" href=\"http:\/\/www.schoene-nachrichten.de\/wp-content\/uploads\/2009\/11\/091125_HJK_002.jpg\" target=\"_blank\"><img decoding=\"async\" src=\"http:\/\/www.schoene-nachrichten.de\/wp-content\/uploads\/2009\/11\/091125_HJK_002.thumbnail.jpg\" alt=\"091125_HJK_002.jpg\" width=\"265\" \/><\/a><\/p>\n<p><a title=\"Foto: Max Colin Heydenreich\" rel=\"lightbox[roadtrip]\" href=\"http:\/\/www.schoene-nachrichten.de\/wp-content\/uploads\/2009\/11\/091125_HJK_003.jpg\" target=\"_blank\"><img decoding=\"async\" src=\"http:\/\/www.schoene-nachrichten.de\/wp-content\/uploads\/2009\/11\/091125_HJK_003.thumbnail.jpg\" alt=\"091125_HJK_003.jpg\" width=\"265\" \/><\/a> <a title=\"Foto: Max Colin Heydenreich\" rel=\"lightbox[roadtrip]\" href=\"http:\/\/www.schoene-nachrichten.de\/wp-content\/uploads\/2009\/11\/091125_HJK_004.jpg\" target=\"_blank\"><img decoding=\"async\" src=\"http:\/\/www.schoene-nachrichten.de\/wp-content\/uploads\/2009\/11\/091125_HJK_004.thumbnail.jpg\" alt=\"091125_HJK_004.jpg\" width=\"265\" \/><\/a><\/p>\n<p><a title=\"Foto: Max Colin Heydenreich\" rel=\"lightbox[roadtrip]\" href=\"http:\/\/www.schoene-nachrichten.de\/wp-content\/uploads\/2009\/11\/091125_HJK_005.jpg\" target=\"_blank\"><img decoding=\"async\" src=\"http:\/\/www.schoene-nachrichten.de\/wp-content\/uploads\/2009\/11\/091125_HJK_005.thumbnail.jpg\" alt=\"091125_HJK_005.jpg\" width=\"265\" \/><\/a> <a title=\"Foto: Max Colin Heydenreich\" rel=\"lightbox[roadtrip]\" href=\"http:\/\/www.schoene-nachrichten.de\/wp-content\/uploads\/2009\/11\/091125_HJK_006.jpg\" target=\"_blank\"><img decoding=\"async\" src=\"http:\/\/www.schoene-nachrichten.de\/wp-content\/uploads\/2009\/11\/091125_HJK_006.thumbnail.jpg\" alt=\"091125_HJK_006.jpg\" width=\"265\" \/><\/a><\/p>\n<p><a title=\"Foto: Max Colin Heydenreich\" rel=\"lightbox[roadtrip]\" href=\"http:\/\/www.schoene-nachrichten.de\/wp-content\/uploads\/2009\/11\/091125_HJK_013.jpg\" target=\"_blank\"><img decoding=\"async\" src=\"http:\/\/www.schoene-nachrichten.de\/wp-content\/uploads\/2009\/11\/091125_HJK_013.thumbnail.jpg\" alt=\"091125_HJK_013.jpg\" width=\"265\" \/><\/a> <a title=\"Foto: Max Colin Heydenreich\" rel=\"lightbox[roadtrip]\" href=\"http:\/\/www.schoene-nachrichten.de\/wp-content\/uploads\/2009\/11\/091125_HJK_014.jpg\" target=\"_blank\"><img decoding=\"async\" src=\"http:\/\/www.schoene-nachrichten.de\/wp-content\/uploads\/2009\/11\/091125_HJK_014.thumbnail.jpg\" alt=\"091125_HJK_014.jpg\" width=\"265\" \/><\/a><\/p>\n<p><a title=\"Foto: Max Colin Heydenreich\" rel=\"lightbox[roadtrip]\" href=\"http:\/\/www.schoene-nachrichten.de\/wp-content\/uploads\/2009\/11\/091125_HJK_021.jpg\" target=\"_blank\"><img decoding=\"async\" src=\"http:\/\/www.schoene-nachrichten.de\/wp-content\/uploads\/2009\/11\/091125_HJK_021.thumbnail.jpg\" alt=\"091125_HJK_021.jpg\" width=\"265\" \/><\/a> <a title=\"Foto: Max Colin Heydenreich\" rel=\"lightbox[roadtrip]\" href=\"http:\/\/www.schoene-nachrichten.de\/wp-content\/uploads\/2009\/11\/091125_HJK_022.jpg\" target=\"_blank\"><img decoding=\"async\" src=\"http:\/\/www.schoene-nachrichten.de\/wp-content\/uploads\/2009\/11\/091125_HJK_022.thumbnail.jpg\" alt=\"091125_HJK_022.jpg\" width=\"265\" \/><\/a><\/p>\n<p><a title=\"Foto: Max Colin Heydenreich\" rel=\"lightbox[roadtrip]\" href=\"http:\/\/www.schoene-nachrichten.de\/wp-content\/uploads\/2009\/11\/091125_HJK_023.jpg\" target=\"_blank\"><img decoding=\"async\" src=\"http:\/\/www.schoene-nachrichten.de\/wp-content\/uploads\/2009\/11\/091125_HJK_023.thumbnail.jpg\" alt=\"091125_HJK_023.jpg\" width=\"265\" \/><\/a> <a title=\"Foto: Max Colin Heydenreich\" rel=\"lightbox[roadtrip]\" href=\"http:\/\/www.schoene-nachrichten.de\/wp-content\/uploads\/2009\/11\/091125_HJK_024.jpg\" target=\"_blank\"><img decoding=\"async\" src=\"http:\/\/www.schoene-nachrichten.de\/wp-content\/uploads\/2009\/11\/091125_HJK_024.thumbnail.jpg\" alt=\"091125_HJK_024.jpg\" width=\"265\" \/><\/a><\/p>\n<p><a title=\"Foto: Max Colin Heydenreich\" rel=\"lightbox[roadtrip]\" href=\"http:\/\/www.schoene-nachrichten.de\/wp-content\/uploads\/2009\/11\/091125_HJK_025.jpg\" target=\"_blank\"><img decoding=\"async\" src=\"http:\/\/www.schoene-nachrichten.de\/wp-content\/uploads\/2009\/11\/091125_HJK_025.thumbnail.jpg\" alt=\"091125_HJK_025.jpg\" width=\"265\" \/><\/a> <a title=\"Foto: Max Colin Heydenreich\" rel=\"lightbox[roadtrip]\" href=\"http:\/\/www.schoene-nachrichten.de\/wp-content\/uploads\/2009\/11\/091125_HJK_026.jpg\" target=\"_blank\"><img decoding=\"async\" src=\"http:\/\/www.schoene-nachrichten.de\/wp-content\/uploads\/2009\/11\/091125_HJK_026.thumbnail.jpg\" alt=\"091125_HJK_026.jpg\" width=\"265\" \/><\/a><\/p>\n<p><a title=\"Foto: Max Colin Heydenreich\" rel=\"lightbox[roadtrip]\" href=\"http:\/\/www.schoene-nachrichten.de\/wp-content\/uploads\/2009\/11\/091125_HJK_027.jpg\" target=\"_blank\"><img decoding=\"async\" src=\"http:\/\/www.schoene-nachrichten.de\/wp-content\/uploads\/2009\/11\/091125_HJK_027.thumbnail.jpg\" alt=\"091125_HJK_027.jpg\" width=\"265\" \/><\/a><\/p>\n","protected":false},"excerpt":{"rendered":"<div class=\"tmnf_excerpt\"><p>Fulda. Die Abteilung Allgemein- und Viszeralchirurgie am Herz-Jesu-Krankenhaus Fulda unter der Leitung von Priv.-Doz. Dr. med. Carolin Tonus hat im September dieses Jahres die Zertifizierung als Kompetenz-Zentrum f\u00fcr chirurgische Koloproktologie erhalten. Das Qualit\u00e4tszertifikat ist ein G\u00fctesiegel der Deutschen Gesellschaft f\u00fcr Allgemein- und Viszeralchirurgie (DGAV) und der Deutschen Gesellschaft f\u00fcr Koloproktologie. Am Montag wurde diese besondere &hellip;<\/p>\n<\/div>","protected":false},"author":1,"featured_media":0,"comment_status":"closed","ping_status":"closed","sticky":false,"template":"","format":"standard","meta":{"footnotes":""},"categories":[1,54,51,78],"tags":[],"class_list":["post-45868","post","type-post","status-publish","format-standard","hentry","category-startseite","category-bildergalerien","category-medizin","category-topthema"],"_links":{"self":[{"href":"https:\/\/www.fuldaernachrichten.de\/index.php?rest_route=\/wp\/v2\/posts\/45868","targetHints":{"allow":["GET"]}}],"collection":[{"href":"https:\/\/www.fuldaernachrichten.de\/index.php?rest_route=\/wp\/v2\/posts"}],"about":[{"href":"https:\/\/www.fuldaernachrichten.de\/index.php?rest_route=\/wp\/v2\/types\/post"}],"author":[{"embeddable":true,"href":"https:\/\/www.fuldaernachrichten.de\/index.php?rest_route=\/wp\/v2\/users\/1"}],"replies":[{"embeddable":true,"href":"https:\/\/www.fuldaernachrichten.de\/index.php?rest_route=%2Fwp%2Fv2%2Fcomments&post=45868"}],"version-history":[{"count":7,"href":"https:\/\/www.fuldaernachrichten.de\/index.php?rest_route=\/wp\/v2\/posts\/45868\/revisions"}],"predecessor-version":[{"id":46039,"href":"https:\/\/www.fuldaernachrichten.de\/index.php?rest_route=\/wp\/v2\/posts\/45868\/revisions\/46039"}],"wp:attachment":[{"href":"https:\/\/www.fuldaernachrichten.de\/index.php?rest_route=%2Fwp%2Fv2%2Fmedia&parent=45868"}],"wp:term":[{"taxonomy":"category","embeddable":true,"href":"https:\/\/www.fuldaernachrichten.de\/index.php?rest_route=%2Fwp%2Fv2%2Fcategories&post=45868"},{"taxonomy":"post_tag","embeddable":true,"href":"https:\/\/www.fuldaernachrichten.de\/index.php?rest_route=%2Fwp%2Fv2%2Ftags&post=45868"}],"curies":[{"name":"wp","href":"https:\/\/api.w.org\/{rel}","templated":true}]}}