{"id":45826,"date":"2009-11-25T06:00:10","date_gmt":"2009-11-25T05:00:10","guid":{"rendered":"http:\/\/www.schoene-nachrichten.de\/?p=45826"},"modified":"2009-11-25T07:41:24","modified_gmt":"2009-11-25T06:41:24","slug":"internationaler-tag-gegen-gewalt-an-frauen","status":"publish","type":"post","link":"https:\/\/www.fuldaernachrichten.de\/?p=45826","title":{"rendered":"Internationaler Tag gegen Gewalt an Frauen"},"content":{"rendered":"<p><strong>Fulda. <\/strong>Anl\u00e4sslich des Internationalen Tages gegen Gewalt an Frauen am 25.11. 2009 erinnert die Gr\u00fcne Landtagsabgeordnete Margaretha H\u00f6lldobler-Heum\u00fcller daran, dass das Recht auf k\u00f6rperliche und seelische Unversehrtheit ein Grundrecht ist: \u201eSeelische, k\u00f6rperliche und sexuelle Gewalt sind Verbrechen und keine Kavaliersdelikte. Sie bedeuten innere und \u00e4u\u00dfere Verletzungen, unter denen die Betroffenen oft lebenslang leiden. Darum darf dieses Thema nicht tabuisiert werden.\u201c<!--more--><\/p>\n<p>In Kreis und Stadt Fulda gebe es verschiedene Anlaufstellen. Wichtig sei hier die Rolle der Medien, die das Thema immer wieder verantwortlich aufgreifen m\u00fcssten. Sie k\u00f6nnten Betroffenen auch m\u00f6gliche Wege zu Hilfsangeboten weisen. Die hohen Dunkelziffern zeigten, dass in ihrer Angst, Scham und Hilflosigkeit sowohl misshandelte\u00c2\u00a0 Frauen als auch Kinder oft nicht w\u00fcssten, an wen sie sich wenden k\u00f6nnten. Dringend sei die \u00dcberwindung festgelegter Rollenbilder in Kindergarten und Schule sowie Beratung und Schutz von betroffenen Frauen und Kindern.<\/p>\n<p>\u201eIn den letzten Monaten wurden wir in Fulda aufger\u00fcttelt von schrecklichen Berichten \u00fcber Vergewaltigungen und sexuellen Missbrauch an Kindern, die sich zum Teil \u00fcber Jahre hinzogen und von Verwandten oder guten Bekannten begangen wurden\u201c, so die Gr\u00fcne. Das zeige, dass man nicht nachlassen d\u00fcrfe in der Wachsamkeit gegen\u00fcber solcher Gewalt, die im Verborgenen stattfinde und die Angst und Hilflosigkeit von Kindern verbrecherisch ausnutze.<\/p>\n<p>Oft werde Gewalt gegen\u00fcber Frauen und Kindern noch als Kavaliersdelikt angesehen, oder es fehle an Zivilcourage, wenn es sich um F\u00e4lle in der Familie oder in der Nachbarschaft handele. Zus\u00e4tzlich zu den Beratungsangeboten brauche es auch Orte, an die misshandelte Frauen und Kinder sich fl\u00fcchten k\u00f6nnen. Leider habe die CDU-Landesregierung 2004 die Landesmittel f\u00fcr Frauenh\u00e4user drastisch gek\u00fcrzt, was beispielsweise zur Schlie\u00dfung des Alsfelder Frauenhauses f\u00fchrte. \u201eSehr zu danken ist allen, die sich in diesem Bereich ehrenamtlich engagieren, denn es besteht weiterhin dringender Handlungsbedarf\u201c, betont Margaretha H\u00f6lldobler-Heum\u00fcller.<\/p>\n","protected":false},"excerpt":{"rendered":"<div class=\"tmnf_excerpt\"><p>Fulda. Anl\u00e4sslich des Internationalen Tages gegen Gewalt an Frauen am 25.11. 2009 erinnert die Gr\u00fcne Landtagsabgeordnete Margaretha H\u00f6lldobler-Heum\u00fcller daran, dass das Recht auf k\u00f6rperliche und seelische Unversehrtheit ein Grundrecht ist: \u201eSeelische, k\u00f6rperliche und sexuelle Gewalt sind Verbrechen und keine Kavaliersdelikte. Sie bedeuten innere und \u00e4u\u00dfere Verletzungen, unter denen die Betroffenen oft lebenslang leiden. Darum darf &hellip;<\/p>\n<\/div>","protected":false},"author":1,"featured_media":0,"comment_status":"closed","ping_status":"closed","sticky":false,"template":"","format":"standard","meta":{"footnotes":""},"categories":[1],"tags":[],"class_list":["post-45826","post","type-post","status-publish","format-standard","hentry","category-startseite"],"_links":{"self":[{"href":"https:\/\/www.fuldaernachrichten.de\/index.php?rest_route=\/wp\/v2\/posts\/45826","targetHints":{"allow":["GET"]}}],"collection":[{"href":"https:\/\/www.fuldaernachrichten.de\/index.php?rest_route=\/wp\/v2\/posts"}],"about":[{"href":"https:\/\/www.fuldaernachrichten.de\/index.php?rest_route=\/wp\/v2\/types\/post"}],"author":[{"embeddable":true,"href":"https:\/\/www.fuldaernachrichten.de\/index.php?rest_route=\/wp\/v2\/users\/1"}],"replies":[{"embeddable":true,"href":"https:\/\/www.fuldaernachrichten.de\/index.php?rest_route=%2Fwp%2Fv2%2Fcomments&post=45826"}],"version-history":[{"count":2,"href":"https:\/\/www.fuldaernachrichten.de\/index.php?rest_route=\/wp\/v2\/posts\/45826\/revisions"}],"predecessor-version":[{"id":45850,"href":"https:\/\/www.fuldaernachrichten.de\/index.php?rest_route=\/wp\/v2\/posts\/45826\/revisions\/45850"}],"wp:attachment":[{"href":"https:\/\/www.fuldaernachrichten.de\/index.php?rest_route=%2Fwp%2Fv2%2Fmedia&parent=45826"}],"wp:term":[{"taxonomy":"category","embeddable":true,"href":"https:\/\/www.fuldaernachrichten.de\/index.php?rest_route=%2Fwp%2Fv2%2Fcategories&post=45826"},{"taxonomy":"post_tag","embeddable":true,"href":"https:\/\/www.fuldaernachrichten.de\/index.php?rest_route=%2Fwp%2Fv2%2Ftags&post=45826"}],"curies":[{"name":"wp","href":"https:\/\/api.w.org\/{rel}","templated":true}]}}