{"id":45786,"date":"2009-11-25T06:05:54","date_gmt":"2009-11-25T05:05:54","guid":{"rendered":"http:\/\/www.schoene-nachrichten.de\/?p=45786"},"modified":"2009-11-25T07:47:04","modified_gmt":"2009-11-25T06:47:04","slug":"stimmungsvolle-adventsfuehrung-durch-das-vorweihnachtliche-buedingen","status":"publish","type":"post","link":"https:\/\/www.fuldaernachrichten.de\/?p=45786","title":{"rendered":"Stimmungsvolle Adventsf\u00fchrung durch das vorweihnachtliche B\u00fcdingen"},"content":{"rendered":"<p><strong><a href=\"http:\/\/www.schoene-nachrichten.de\/wp-content\/uploads\/2009\/11\/091124_B\u00fcdingen.jpg\"><img fetchpriority=\"high\" decoding=\"async\" class=\"alignleft size-thumbnail wp-image-45787\" title=\"091124_B\u00fcdingen\" src=\"http:\/\/www.schoene-nachrichten.de\/wp-content\/uploads\/2009\/11\/091124_B\u00fcdingen-265x198.jpg\" alt=\"091124_B\u00fcdingen\" width=\"265\" height=\"198\" \/><\/a>B\u00fcdingen. <\/strong>\u201eMarkt und Stra\u00dfen stehn verlassen, still erleuchtet jedes Haus\u201c \u2013 Eichendorffs Beschreibung von \u201eWeihnachten\u201c k\u00f6nnte als Motto \u00fcber die zur Adventszeit angebotenen Rundg\u00e4nge durch B\u00fcdingen stehen. Treffpunkt dieser stimmungsvollen F\u00fchrungen ist das Jerusalemer Tor, um dort mit der M\u00e4rchenerz\u00e4hlerin Waltraud Kleinau-Ritter in die weihnachtlich beleuchtete Altstadt einzutreten. Unterwegs l\u00e4sst die bekannte Geschichtenerz\u00e4hlerin Advent und Weihnachten, die Zeit voller Geheimnisse und W\u00fcnsche, die Zeit der Lichter, M\u00e4rchen und Gedichte lebendig werden. Zum Ausklang d\u00fcrfen sich die kleinen und gro\u00dfen G\u00e4ste auf eine hei\u00dfe \u00dcberraschung freuen, wenn sich eine Holzt\u00fcr am Marktplatz \u00f6ffnet.<!--more--><\/p>\n<p>Der Rundgang dauert etwa anderthalb Stunden. Die F\u00fchrungstermine sind der 3. und 4. Advent (13. und 20. 12. 2009) um 15.00 Uhr; Treffpunkt Jerusalemer Tor. Die F\u00fchrung kostet 6 Euro f\u00fcr Erwachsene und 4,50 Euro f\u00fcr Kinder. Aufgrund der begrenzten Teilnehmerzahl ist eine Voranmeldung n\u00f6tig. Karten gibt es bei der Tourist-Information B\u00fcdingen, Marktplatz 9, 63654 B\u00fcdingen, Telefon: 06042-96370, info@buedingen-touristik.de .<\/p>\n","protected":false},"excerpt":{"rendered":"<div class=\"tmnf_excerpt\"><p>B\u00fcdingen. \u201eMarkt und Stra\u00dfen stehn verlassen, still erleuchtet jedes Haus\u201c \u2013 Eichendorffs Beschreibung von \u201eWeihnachten\u201c k\u00f6nnte als Motto \u00fcber die zur Adventszeit angebotenen Rundg\u00e4nge durch B\u00fcdingen stehen. Treffpunkt dieser stimmungsvollen F\u00fchrungen ist das Jerusalemer Tor, um dort mit der M\u00e4rchenerz\u00e4hlerin Waltraud Kleinau-Ritter in die weihnachtlich beleuchtete Altstadt einzutreten. Unterwegs l\u00e4sst die bekannte Geschichtenerz\u00e4hlerin Advent und &hellip;<\/p>\n<\/div>","protected":false},"author":1,"featured_media":0,"comment_status":"closed","ping_status":"closed","sticky":false,"template":"","format":"standard","meta":{"footnotes":""},"categories":[1],"tags":[],"class_list":["post-45786","post","type-post","status-publish","format-standard","hentry","category-startseite"],"_links":{"self":[{"href":"https:\/\/www.fuldaernachrichten.de\/index.php?rest_route=\/wp\/v2\/posts\/45786","targetHints":{"allow":["GET"]}}],"collection":[{"href":"https:\/\/www.fuldaernachrichten.de\/index.php?rest_route=\/wp\/v2\/posts"}],"about":[{"href":"https:\/\/www.fuldaernachrichten.de\/index.php?rest_route=\/wp\/v2\/types\/post"}],"author":[{"embeddable":true,"href":"https:\/\/www.fuldaernachrichten.de\/index.php?rest_route=\/wp\/v2\/users\/1"}],"replies":[{"embeddable":true,"href":"https:\/\/www.fuldaernachrichten.de\/index.php?rest_route=%2Fwp%2Fv2%2Fcomments&post=45786"}],"version-history":[{"count":3,"href":"https:\/\/www.fuldaernachrichten.de\/index.php?rest_route=\/wp\/v2\/posts\/45786\/revisions"}],"predecessor-version":[{"id":45860,"href":"https:\/\/www.fuldaernachrichten.de\/index.php?rest_route=\/wp\/v2\/posts\/45786\/revisions\/45860"}],"wp:attachment":[{"href":"https:\/\/www.fuldaernachrichten.de\/index.php?rest_route=%2Fwp%2Fv2%2Fmedia&parent=45786"}],"wp:term":[{"taxonomy":"category","embeddable":true,"href":"https:\/\/www.fuldaernachrichten.de\/index.php?rest_route=%2Fwp%2Fv2%2Fcategories&post=45786"},{"taxonomy":"post_tag","embeddable":true,"href":"https:\/\/www.fuldaernachrichten.de\/index.php?rest_route=%2Fwp%2Fv2%2Ftags&post=45786"}],"curies":[{"name":"wp","href":"https:\/\/api.w.org\/{rel}","templated":true}]}}