{"id":45784,"date":"2009-11-25T05:55:03","date_gmt":"2009-11-25T04:55:03","guid":{"rendered":"http:\/\/www.schoene-nachrichten.de\/?p=45784"},"modified":"2009-11-25T07:45:40","modified_gmt":"2009-11-25T06:45:40","slug":"orchideen-in-der-rhoen-buchpraesentation-am-7-dezember","status":"publish","type":"post","link":"https:\/\/www.fuldaernachrichten.de\/?p=45784","title":{"rendered":"&#8220;Orchideen in der Rh\u00f6n&#8221; &#8211; Buchpr\u00e4sentation am 7. Dezember"},"content":{"rendered":"<p><strong>Gersfeld. <\/strong>Anfang Dezember 2009 erscheint das Buch &#8220;Orchideen in der Rh\u00f6n&#8221; von Marco Kl\u00fcber. Es wird am 7. Dezember 2009 um 18.00 im Groenhoff-Haus auf der Wasserkuppe pr\u00e4sentiert. Das Buch erscheint im Verlag edition alpha in Dietershausen und wird von Rindt Druck in Fulda produziert. Darin zeigt der Autor Marco Kl\u00fcber die gesamte Vielfalt und Pracht der heimischen Orchideen im Kontext zur Natur- und Kulturlandschaft Rh\u00f6n. Zwar gelten Silberdistel und K\u00fcchenschelle als Charakterpflanzen der Rh\u00f6n, doch kommen hier auch mehr als vierzig Arten wild wachsender Orchideen vor.<!--more--><\/p>\n<p>Darunter sind bekanntere wie etwa der Frauenschuh oder verschiedene Knabenkraut-Arten, aber auch Exoten wie Riemenzunge, Korallenwurz, Netzblatt und H\u00e4ngender Mensch. Diese heimischen Orchideen strahlen einen \u00e4hnlichen Zauber aus wie ihre tropischen Verwandten &#8211; man muss oft nur etwas n\u00e4her hinsehen. Mit ihrer au\u00dfergew\u00f6hnlichen Lebensweise und mit ihren kleinen aber spektakul\u00e4ren Bl\u00fcten faszinieren sie gleicherma\u00dfen Naturfreunde und Wissenschaftler. Doch die Orchideen haben aber nicht nur pr\u00e4chtige Bl\u00fcten, sondern gehen auch eigenartige Wege, um sich fortzupflanzen: sie locken Insekten in raffinierte Fallen, bieten ihnen Schlafst\u00e4tten oder t\u00e4uschen m\u00e4nnliche Wespen mit weiblichen Reizen.<\/p>\n<p>Orchideen produzieren in einer einzigen Samenkapsel tausende winziger Samenk\u00f6rner und sind dennoch selten, weil sie auf sehr spezielle Lebensbedingungen angewiesen sind, und weil sie in unserer Zeit von allerlei Umwelteinfl\u00fcssen bedroht sind. Der Autor Marco Kl\u00fcber besch\u00e4ftigt sich seit \u00fcber 20 Jahren intensiv mit der Orchideenflora der Rh\u00f6n. Er hat f\u00fcr das Biosph\u00e4renreservat die Informationsbrosch\u00fcre &#8220;Orchideen in der Rh\u00f6n und ihre Lebensr\u00e4ume sch\u00fctzen \u2013 pflegen \u2013 bewahren&#8221; erarbeitet und betreibt die In-ternetseite &#8220;www.orchid-rhoen.de&#8221;. Seine Foto-Ausstellung zum gleichen Thema wird vom 1. Januar bis zum 28. Februar 2010 im Groenhoff-Haus auf der Wasserkuppe zu sehen sein.<\/p>\n<p>Das neue Buch umfasst 256 vollfarbige Seiten im handlichen Format 14 x 18,3 cm. Es zeigt alle in der Rh\u00f6n nachgewiesenen Arten und beschreibt ihre Lebensweise und Lebensr\u00e4ume. Dazu enth\u00e4lt es auch einen Bestimmungsschl\u00fcssel und Exkursionstipps. Noch bis zum 31. Dezember 2009 kann das Buch zum Subskriptionspreis von 19,50 Euro (Ladenpreis 23,90 Euro) exklusiv bei edition alpha, Verlag A. &amp; M. Kl\u00fcber, Weinbergstra\u00dfe 16, 36093 K\u00fcnzell oder unter der Internetadresse <a href=\"http:\/\/www.edition-alpha.de\" target=\"_blank\">www.edition-alpha.de<\/a> bestellt werden.<\/p>\n","protected":false},"excerpt":{"rendered":"<div class=\"tmnf_excerpt\"><p>Gersfeld. Anfang Dezember 2009 erscheint das Buch &#8220;Orchideen in der Rh\u00f6n&#8221; von Marco Kl\u00fcber. Es wird am 7. Dezember 2009 um 18.00 im Groenhoff-Haus auf der Wasserkuppe pr\u00e4sentiert. Das Buch erscheint im Verlag edition alpha in Dietershausen und wird von Rindt Druck in Fulda produziert. Darin zeigt der Autor Marco Kl\u00fcber die gesamte Vielfalt und &hellip;<\/p>\n<\/div>","protected":false},"author":1,"featured_media":0,"comment_status":"closed","ping_status":"closed","sticky":false,"template":"","format":"standard","meta":{"footnotes":""},"categories":[1,44],"tags":[],"class_list":["post-45784","post","type-post","status-publish","format-standard","hentry","category-startseite","category-kultur"],"_links":{"self":[{"href":"https:\/\/www.fuldaernachrichten.de\/index.php?rest_route=\/wp\/v2\/posts\/45784","targetHints":{"allow":["GET"]}}],"collection":[{"href":"https:\/\/www.fuldaernachrichten.de\/index.php?rest_route=\/wp\/v2\/posts"}],"about":[{"href":"https:\/\/www.fuldaernachrichten.de\/index.php?rest_route=\/wp\/v2\/types\/post"}],"author":[{"embeddable":true,"href":"https:\/\/www.fuldaernachrichten.de\/index.php?rest_route=\/wp\/v2\/users\/1"}],"replies":[{"embeddable":true,"href":"https:\/\/www.fuldaernachrichten.de\/index.php?rest_route=%2Fwp%2Fv2%2Fcomments&post=45784"}],"version-history":[{"count":2,"href":"https:\/\/www.fuldaernachrichten.de\/index.php?rest_route=\/wp\/v2\/posts\/45784\/revisions"}],"predecessor-version":[{"id":45857,"href":"https:\/\/www.fuldaernachrichten.de\/index.php?rest_route=\/wp\/v2\/posts\/45784\/revisions\/45857"}],"wp:attachment":[{"href":"https:\/\/www.fuldaernachrichten.de\/index.php?rest_route=%2Fwp%2Fv2%2Fmedia&parent=45784"}],"wp:term":[{"taxonomy":"category","embeddable":true,"href":"https:\/\/www.fuldaernachrichten.de\/index.php?rest_route=%2Fwp%2Fv2%2Fcategories&post=45784"},{"taxonomy":"post_tag","embeddable":true,"href":"https:\/\/www.fuldaernachrichten.de\/index.php?rest_route=%2Fwp%2Fv2%2Ftags&post=45784"}],"curies":[{"name":"wp","href":"https:\/\/api.w.org\/{rel}","templated":true}]}}