{"id":45782,"date":"2009-11-25T05:44:24","date_gmt":"2009-11-25T04:44:24","guid":{"rendered":"http:\/\/www.schoene-nachrichten.de\/?p=45782"},"modified":"2009-11-25T07:44:51","modified_gmt":"2009-11-25T06:44:51","slug":"hessischer-landkreistag-waehlt-neue-verbandsspitze","status":"publish","type":"post","link":"https:\/\/www.fuldaernachrichten.de\/?p=45782","title":{"rendered":"Hessischer Landkreistag w\u00e4hlt neue Verbandsspitze"},"content":{"rendered":"<p><strong>Wiesbaden.<\/strong> Bei der diesj\u00e4hrigen Jahrestagung hat der Hessische Landkreistag (HLT) den Landrat des Landkreises Marburg-Biedenkopf, Robert Fischbach (CDU) in der Nachfolge von Landrat a. D. Alfred Jakoubek (SPD) zum neuen Pr\u00e4sidenten gew\u00e4hlt. Als neue Vizepr\u00e4sidenten erhielten der Landrat des Main-Kinzig-Kreises, Erich Pipa (SPD) sowie der Kreistagsvorsitzende des Landkreises Hersfeld-Rotenburg, Bu\u00cc\u02c6rgermeister a. D. Horst Hannich (SPD) das einstimmige Vertrauen der Mitgliederversammlung.<!--more--><\/p>\n<p>Im Amt best\u00e4tigt wurde der Kreistagsvorsitzende des Landkreises Limburg-Weilburg, Bu\u00cc\u02c6rgermeister a. D. Robert Becker (CDU). \u201eDas einstimmige Wahlergebnis zeigt, dass der Landkreistag geschlossen hinter der neuen Verbandsspitze steht. Das freut mich besonders, denn angesichts der dramatischen Finanzsituation infolge der Finanzkrise werden die Landkreise mit der Landesregierung in harte Verhandlungen treten mu\u00cc\u02c6ssen\u201c, betonte Robert<br \/>\nFischbach.<\/p>\n<p>Der neue Pr\u00e4sident will in Sachfragen auch den Schulterschluss mit den anderen kommunalen Spitzenverb\u00e4nden suchen. \u201eDie Kommunale Familie muss in Zeiten, in denen die Finanzausstattung der Kommunen Presseinformation\u00c2\u00a0 um 400 Millionen Euro pro Jahr geku\u00cc\u02c6rzt werden soll, fest zusammenstehen und gemeinsam fu\u00cc\u02c6r unsere Zahlungsf\u00e4higkeit k\u00e4mpfen. In den vierzehn Jahren als Landrat habe ich schon manches erlebt. Die Landkreise waren noch vor einem Jahr auf einem guten Weg.<\/p>\n<p>Aber die Zukunftsszenarien u\u00cc\u02c6bersteigen fast meine Vorstellungskraft,\u201c so Landrat Fischbach weiter. Das gesamte Defizit aller Hessischen Landkreise betrage am Ende des Jahres 2009 rund 1,8 Milliarden Euro. Die Prognosen gingen davon aus, dass sich das Defizit in den n\u00e4chsten drei Jahren fast verdopple. Von daher sei er froh, dass die Landesregierung eine Haushaltsstrukturkommission eingesetzt habe, in der die Aufgaben und die Finanzierung wissenschaftlich untersucht und zu den anderen Bundesl\u00e4ndern ins Verh\u00e4ltnis gesetzt wu\u00cc\u02c6rden.<\/p>\n<p>Er erhoffe sich auch, dass der Vergleich der Finanzbeziehung zwischen L\u00e4ndern und deren Kommunen die besondere Belastung der Hessischen Landkreise ans Licht bringen werde. \u201eBei allem Verst\u00e4ndnis fu\u00cc\u02c6r die Haushaltslage des Landes, die sicher nicht weniger dramatisch ist, wu\u00cc\u02c6rde eine weitere Beschneidung des kommunalen Finanzausgleichs die Kommunen in den Ruin treiben. Damit w\u00e4re die Ebene in unserem Staat, die am meisten in direktem Kontakt zu den Bu\u00cc\u02c6rgerinnen und Bu\u00cc\u02c6rgern steht, handlungsunf\u00e4hig. Das kann keiner wollen\u201c, ist sich Pr\u00e4sident Fischbach sicher.<\/p>\n","protected":false},"excerpt":{"rendered":"<div class=\"tmnf_excerpt\"><p>Wiesbaden. Bei der diesj\u00e4hrigen Jahrestagung hat der Hessische Landkreistag (HLT) den Landrat des Landkreises Marburg-Biedenkopf, Robert Fischbach (CDU) in der Nachfolge von Landrat a. D. Alfred Jakoubek (SPD) zum neuen Pr\u00e4sidenten gew\u00e4hlt. Als neue Vizepr\u00e4sidenten erhielten der Landrat des Main-Kinzig-Kreises, Erich Pipa (SPD) sowie der Kreistagsvorsitzende des Landkreises Hersfeld-Rotenburg, Bu\u00cc\u02c6rgermeister a. D. Horst Hannich (SPD) &hellip;<\/p>\n<\/div>","protected":false},"author":1,"featured_media":0,"comment_status":"closed","ping_status":"closed","sticky":false,"template":"","format":"standard","meta":{"footnotes":""},"categories":[1,29],"tags":[],"class_list":["post-45782","post","type-post","status-publish","format-standard","hentry","category-startseite","category-politik"],"_links":{"self":[{"href":"https:\/\/www.fuldaernachrichten.de\/index.php?rest_route=\/wp\/v2\/posts\/45782","targetHints":{"allow":["GET"]}}],"collection":[{"href":"https:\/\/www.fuldaernachrichten.de\/index.php?rest_route=\/wp\/v2\/posts"}],"about":[{"href":"https:\/\/www.fuldaernachrichten.de\/index.php?rest_route=\/wp\/v2\/types\/post"}],"author":[{"embeddable":true,"href":"https:\/\/www.fuldaernachrichten.de\/index.php?rest_route=\/wp\/v2\/users\/1"}],"replies":[{"embeddable":true,"href":"https:\/\/www.fuldaernachrichten.de\/index.php?rest_route=%2Fwp%2Fv2%2Fcomments&post=45782"}],"version-history":[{"count":2,"href":"https:\/\/www.fuldaernachrichten.de\/index.php?rest_route=\/wp\/v2\/posts\/45782\/revisions"}],"predecessor-version":[{"id":45856,"href":"https:\/\/www.fuldaernachrichten.de\/index.php?rest_route=\/wp\/v2\/posts\/45782\/revisions\/45856"}],"wp:attachment":[{"href":"https:\/\/www.fuldaernachrichten.de\/index.php?rest_route=%2Fwp%2Fv2%2Fmedia&parent=45782"}],"wp:term":[{"taxonomy":"category","embeddable":true,"href":"https:\/\/www.fuldaernachrichten.de\/index.php?rest_route=%2Fwp%2Fv2%2Fcategories&post=45782"},{"taxonomy":"post_tag","embeddable":true,"href":"https:\/\/www.fuldaernachrichten.de\/index.php?rest_route=%2Fwp%2Fv2%2Ftags&post=45782"}],"curies":[{"name":"wp","href":"https:\/\/api.w.org\/{rel}","templated":true}]}}